{"id":6178,"date":"2023-05-18T14:54:18","date_gmt":"2023-05-18T17:54:18","guid":{"rendered":"https:\/\/www.vivagrandebh.com.br\/revista\/?p=6178"},"modified":"2023-10-27T18:36:07","modified_gmt":"2023-10-27T21:36:07","slug":"diversao-em-cena-traz-a-bh-o-musical-a-menina-do-meio-do-mundo-elza-soares-para-criancas-em-unica-apresentacao-na-capital","status":"publish","type":"post","link":"https:\/\/www.vivagrandebh.com.br\/revista\/diversao-em-cena-traz-a-bh-o-musical-a-menina-do-meio-do-mundo-elza-soares-para-criancas-em-unica-apresentacao-na-capital\/","title":{"rendered":"Favela 3D, finalmente, chega a Minas Gerais"},"content":{"rendered":"\t\t<div data-elementor-type=\"wp-post\" data-elementor-id=\"6178\" class=\"elementor elementor-6178\">\n\t\t\t\t\t\t\t\t\t<section class=\"elementor-section elementor-top-section elementor-element elementor-element-96e0838 elementor-section-boxed elementor-section-height-default elementor-section-height-default\" data-id=\"96e0838\" data-element_type=\"section\">\n\t\t\t\t\t\t<div class=\"elementor-container elementor-column-gap-default\">\n\t\t\t\t\t<div class=\"elementor-column elementor-col-100 elementor-top-column elementor-element elementor-element-3986290\" data-id=\"3986290\" data-element_type=\"column\">\n\t\t\t<div class=\"elementor-widget-wrap elementor-element-populated\">\n\t\t\t\t\t\t\t\t<div class=\"elementor-element elementor-element-5f5fe34 elementor-widget elementor-widget-text-editor\" data-id=\"5f5fe34\" data-element_type=\"widget\" data-widget_type=\"text-editor.default\">\n\t\t\t\t<div class=\"elementor-widget-container\">\n\t\t\t\t\t\t\t<div class=\"adn ads\" data-message-id=\"#msg-f:1780851997871076771\" data-legacy-message-id=\"18b6db74eaa675a3\"><div class=\"gs\"><div class=\"\"><div id=\":p8\" class=\"ii gt\"><div id=\":ne\" class=\"a3s aiL \"><div dir=\"auto\"><div dir=\"auto\"><span style=\"color: #000000;\">O Grito \u00e9 a institui\u00e7\u00e3o parceira da Gerando Falc\u00f5es na execu\u00e7\u00e3o do projeto<\/span><\/div><div dir=\"auto\">\u00a0<\/div><div dir=\"auto\"><span style=\"color: #000000;\">O projeto Favela 3D, desenvolvido pela Gerando Falc\u00f5es e retratado na edi\u00e7\u00e3o 35 da Revista Viva Grande BH (confira a reportagem), finalmente chegar\u00e1 em Minas Gerais. De acordo com L\u00e9o Martins, CEO de O Grito, primeira institui\u00e7\u00e3o mineira parceira da Gerando Falc\u00f5es, o acordo para a execu\u00e7\u00e3o da Favela 3D em Ribeir\u00e3o das Neves, na regi\u00e3o metropolitana de Belo Horizonte, j\u00e1 foi assinado entre o Governo de Minas Gerais e a Prefeitura de Ribeir\u00e3o das Neves.<\/span><\/div><div dir=\"auto\">\u00a0<\/div><div dir=\"auto\"><span style=\"color: #000000;\">O termo de coopera\u00e7\u00e3o da primeira Favela 3D mineira foi assinado no dia 4 de setembro, conforme divulgado nas redes sociais de O Grito. \u201cEstamos iniciando uma nova hist\u00f3ria, um novo tempo onde a nossa voz ir\u00e1 ecoar por toda parte trazendo oportunidades, autonomia, protagonismo e dignidade para nosso povo\u201d, relatou a equipe do instituto. \u201cA favela venceu\u201d, completou.<\/span><\/div><div dir=\"auto\">\u00a0<\/div><div dir=\"auto\"><span style=\"color: #000000;\">O projeto Favela 3D, conforme adiantado na Viva Grande BH, \u00e9 um programa de desenvolvimento de favelas brasileiras, tendo como base tecnologias inovadoras e replic\u00e1veis. O objetivo \u00e9 transformar as comunidades em ambientes digitais, dignos e desenvolvidos, por isso a chancela 3D. Em Ribeir\u00e3o das Neves, a a\u00e7\u00e3o vai ocupar a divisa dos bairros Alvorada (Justin\u00f3polis) e Ver\u00f4nica, beneficiando aproximadamente 150 fam\u00edlias. \u201cA Gerando Falc\u00f5es chegou para acelerar O Grito, ajudando no nosso desenvolvimento por meio da gest\u00e3o, tecnologia e uso de dados. Toda essa bagagem nos possibilitou aumentar e ampliar o nosso impacto\u201d, revelou L\u00e9o.<\/span><\/div><div dir=\"auto\">\u00a0<\/div><div dir=\"auto\"><span style=\"color: #000000;\">*CLUBE DO GRITO*<\/span><\/div><div dir=\"auto\"><span style=\"color: #000000;\">Com sede em Ribeir\u00e3o das Neves, mas com projetos nas \u00e1reas da cultura, do esporte e da qualifica\u00e7\u00e3o profissional que envolvem crian\u00e7as e adolescentes de Contagem e Belo Horizonte, o Instituto O Grito est\u00e1 em campanha. \u00c9 que, para manter as atividades no pr\u00f3ximo ano, a institui\u00e7\u00e3o visa arrecadar R$ 1 milh\u00e3o durante o segundo \u201cEncontro Clube do Grito\u201d.<\/span><\/div><div dir=\"auto\">\u00a0<\/div><div dir=\"auto\"><span style=\"color: #000000;\">O evento beneficente vai acontecer no dia 31 de outubro, no Espa\u00e7o Far East, em Nova Lima. Fechado apenas para convidados, que v\u00e3o de empres\u00e1rios a CEOs de grandes empresas, o evento contar\u00e1 com um jantar, com um leil\u00e3o e com uma apresenta\u00e7\u00e3o de Henrique Portugal, ex-integrante da banda de pop rock Skank. Outras personalidades mineiras tamb\u00e9m s\u00e3o esperadas no evento.\u00a0<\/span><\/div><div dir=\"auto\">\u00a0<\/div><div dir=\"auto\"><span style=\"color: #000000;\">\u201cA minha expectativa \u00e9 bater a meta para que possamos continuar realizando o atendimento \u00e0s crian\u00e7as, estruturar mais as nossas oficinas e ampliar a nossa qualifica\u00e7\u00e3o profissional. Que seja uma noite linda, onde possamos rever os amigos, se divertir e, acima de tudo, fazer o bem\u201d, adiantou L\u00e9o, revelando que, atualmente, O Grito atende cerca de 400 crian\u00e7as, e j\u00e1 impactou mais de 300 mil pessoas, direta e indiretamente, assim como qualificou mais de 2.300 pessoas para o mercado de trabalho.<\/span><\/div><div dir=\"auto\">\u00a0<\/div><div dir=\"auto\"><span style=\"color: #000000;\">Os interessados em participar do Encontro Clube do Grito podem entrar em contato pelo telefone (31) 97183-1708 ou acessar a rede social do instituto <a style=\"color: #000000;\" href=\"http:\/\/www.instagram.com\/institutoogrito\" target=\"_blank\" rel=\"noopener noreferrer\" data-saferedirecturl=\"https:\/\/www.google.com\/url?q=http:\/\/www.instagram.com\/institutoogrito&amp;source=gmail&amp;ust=1698528450007000&amp;usg=AOvVaw0eMrmwdrpIkUDrISlDKZ8A\">www.instagram.com\/<wbr \/>institutoogrito<\/a>.<\/span><\/div><\/div><div class=\"yj6qo\">\u00a0<\/div><div class=\"adL\">\u00a0<\/div><\/div><\/div><\/div><\/div><\/div>\t\t\t\t\t\t<\/div>\n\t\t\t\t<\/div>\n\t\t\t\t\t<\/div>\n\t\t<\/div>\n\t\t\t\t\t\t\t<\/div>\n\t\t<\/section>\n\t\t\t\t\t\t\t<\/div>\n\t\t","protected":false},"excerpt":{"rendered":"<p>O Grito \u00e9 a institui\u00e7\u00e3o parceira da Gerando Falc\u00f5es na execu\u00e7\u00e3o do projeto\u00a0O projeto Favela 3D, desenvolvido pela Gerando Falc\u00f5es e retratado na edi\u00e7\u00e3o 35 da Revista Viva Grande BH (confira a reportagem), finalmente chegar\u00e1 em Minas Gerais. De acordo com L\u00e9o Martins, CEO de O Grito, primeira institui\u00e7\u00e3o mineira parceira da Gerando Falc\u00f5es, o [&hellip;]<\/p>\n","protected":false},"author":3,"featured_media":6491,"comment_status":"closed","ping_status":"open","sticky":false,"template":"","format":"standard","meta":{"footnotes":""},"categories":[55],"tags":[],"yoast_head":"<!-- This site is optimized with the Yoast SEO plugin v21.7 - https:\/\/yoast.com\/wordpress\/plugins\/seo\/ -->\n<title>Favela 3D, finalmente, chega a Minas Gerais - Revista Viva Grande BH<\/title>\n<meta name=\"robots\" content=\"index, follow, max-snippet:-1, max-image-preview:large, max-video-preview:-1\" \/>\n<link rel=\"canonical\" href=\"https:\/\/www.vivagrandebh.com.br\/revista\/diversao-em-cena-traz-a-bh-o-musical-a-menina-do-meio-do-mundo-elza-soares-para-criancas-em-unica-apresentacao-na-capital\/\" \/>\n<meta property=\"og:locale\" content=\"pt_BR\" \/>\n<meta property=\"og:type\" content=\"article\" \/>\n<meta property=\"og:title\" content=\"Favela 3D, finalmente, chega a Minas Gerais - Revista Viva Grande BH\" \/>\n<meta property=\"og:description\" content=\"O Grito \u00e9 a institui\u00e7\u00e3o parceira da Gerando Falc\u00f5es na execu\u00e7\u00e3o do projeto\u00a0O projeto Favela 3D, desenvolvido pela Gerando Falc\u00f5es e retratado na edi\u00e7\u00e3o 35 da Revista Viva Grande BH (confira a reportagem), finalmente chegar\u00e1 em Minas Gerais. De acordo com L\u00e9o Martins, CEO de O Grito, primeira institui\u00e7\u00e3o mineira parceira da Gerando Falc\u00f5es, o [&hellip;]\" \/>\n<meta property=\"og:url\" content=\"https:\/\/www.vivagrandebh.com.br\/revista\/diversao-em-cena-traz-a-bh-o-musical-a-menina-do-meio-do-mundo-elza-soares-para-criancas-em-unica-apresentacao-na-capital\/\" \/>\n<meta property=\"og:site_name\" content=\"Revista Viva Grande BH\" \/>\n<meta property=\"article:publisher\" content=\"https:\/\/www.facebook.com\/revistavivagdebh\/\" \/>\n<meta property=\"article:published_time\" content=\"2023-05-18T17:54:18+00:00\" \/>\n<meta property=\"article:modified_time\" content=\"2023-10-27T21:36:07+00:00\" \/>\n<meta property=\"og:image\" content=\"https:\/\/www.vivagrandebh.com.br\/revista\/wp-content\/uploads\/2023\/05\/ogrito-scaled.jpg\" \/>\n\t<meta property=\"og:image:width\" content=\"2560\" \/>\n\t<meta property=\"og:image:height\" content=\"1707\" \/>\n\t<meta property=\"og:image:type\" content=\"image\/jpeg\" \/>\n<meta name=\"author\" content=\"VivaOnline\" \/>\n<meta name=\"twitter:card\" content=\"summary_large_image\" \/>\n<meta name=\"twitter:label1\" content=\"Escrito por\" \/>\n\t<meta name=\"twitter:data1\" content=\"VivaOnline\" \/>\n\t<meta name=\"twitter:label2\" content=\"Est. tempo de leitura\" \/>\n\t<meta name=\"twitter:data2\" content=\"3 minutos\" \/>\n<script type=\"application\/ld+json\" class=\"yoast-schema-graph\">{\"@context\":\"https:\/\/schema.org\",\"@graph\":[{\"@type\":\"Article\",\"@id\":\"https:\/\/www.vivagrandebh.com.br\/revista\/diversao-em-cena-traz-a-bh-o-musical-a-menina-do-meio-do-mundo-elza-soares-para-criancas-em-unica-apresentacao-na-capital\/#article\",\"isPartOf\":{\"@id\":\"https:\/\/www.vivagrandebh.com.br\/revista\/diversao-em-cena-traz-a-bh-o-musical-a-menina-do-meio-do-mundo-elza-soares-para-criancas-em-unica-apresentacao-na-capital\/\"},\"author\":{\"name\":\"VivaOnline\",\"@id\":\"https:\/\/www.vivagrandebh.com.br\/revista\/#\/schema\/person\/f73d5d0d49e47e0d943eeca2fc6a3b6b\"},\"headline\":\"Favela 3D, finalmente, chega a Minas Gerais\",\"datePublished\":\"2023-05-18T17:54:18+00:00\",\"dateModified\":\"2023-10-27T21:36:07+00:00\",\"mainEntityOfPage\":{\"@id\":\"https:\/\/www.vivagrandebh.com.br\/revista\/diversao-em-cena-traz-a-bh-o-musical-a-menina-do-meio-do-mundo-elza-soares-para-criancas-em-unica-apresentacao-na-capital\/\"},\"wordCount\":509,\"publisher\":{\"@id\":\"https:\/\/www.vivagrandebh.com.br\/revista\/#organization\"},\"articleSection\":[\"Urbanismo e Paisagem\"],\"inLanguage\":\"pt-BR\"},{\"@type\":\"WebPage\",\"@id\":\"https:\/\/www.vivagrandebh.com.br\/revista\/diversao-em-cena-traz-a-bh-o-musical-a-menina-do-meio-do-mundo-elza-soares-para-criancas-em-unica-apresentacao-na-capital\/\",\"url\":\"https:\/\/www.vivagrandebh.com.br\/revista\/diversao-em-cena-traz-a-bh-o-musical-a-menina-do-meio-do-mundo-elza-soares-para-criancas-em-unica-apresentacao-na-capital\/\",\"name\":\"Favela 3D, finalmente, chega a Minas Gerais - Revista Viva Grande BH\",\"isPartOf\":{\"@id\":\"https:\/\/www.vivagrandebh.com.br\/revista\/#website\"},\"datePublished\":\"2023-05-18T17:54:18+00:00\",\"dateModified\":\"2023-10-27T21:36:07+00:00\",\"breadcrumb\":{\"@id\":\"https:\/\/www.vivagrandebh.com.br\/revista\/diversao-em-cena-traz-a-bh-o-musical-a-menina-do-meio-do-mundo-elza-soares-para-criancas-em-unica-apresentacao-na-capital\/#breadcrumb\"},\"inLanguage\":\"pt-BR\",\"potentialAction\":[{\"@type\":\"ReadAction\",\"target\":[\"https:\/\/www.vivagrandebh.com.br\/revista\/diversao-em-cena-traz-a-bh-o-musical-a-menina-do-meio-do-mundo-elza-soares-para-criancas-em-unica-apresentacao-na-capital\/\"]}]},{\"@type\":\"BreadcrumbList\",\"@id\":\"https:\/\/www.vivagrandebh.com.br\/revista\/diversao-em-cena-traz-a-bh-o-musical-a-menina-do-meio-do-mundo-elza-soares-para-criancas-em-unica-apresentacao-na-capital\/#breadcrumb\",\"itemListElement\":[{\"@type\":\"ListItem\",\"position\":1,\"name\":\"In\u00edcio\",\"item\":\"https:\/\/www.vivagrandebh.com.br\/revista\/\"},{\"@type\":\"ListItem\",\"position\":2,\"name\":\"Favela 3D, finalmente, chega a Minas Gerais\"}]},{\"@type\":\"WebSite\",\"@id\":\"https:\/\/www.vivagrandebh.com.br\/revista\/#website\",\"url\":\"https:\/\/www.vivagrandebh.com.br\/revista\/\",\"name\":\"Revista Viva Grande BH\",\"description\":\"a Viva Grande BH leva ao leitor informa\u00e7\u00f5es de qualidade sobre turismo, esporte, arte e cultura, economia, mercado e pol\u00edtica.\",\"publisher\":{\"@id\":\"https:\/\/www.vivagrandebh.com.br\/revista\/#organization\"},\"potentialAction\":[{\"@type\":\"SearchAction\",\"target\":{\"@type\":\"EntryPoint\",\"urlTemplate\":\"https:\/\/www.vivagrandebh.com.br\/revista\/?s={search_term_string}\"},\"query-input\":\"required name=search_term_string\"}],\"inLanguage\":\"pt-BR\"},{\"@type\":\"Organization\",\"@id\":\"https:\/\/www.vivagrandebh.com.br\/revista\/#organization\",\"name\":\"Revista Viva\",\"url\":\"https:\/\/www.vivagrandebh.com.br\/revista\/\",\"logo\":{\"@type\":\"ImageObject\",\"inLanguage\":\"pt-BR\",\"@id\":\"https:\/\/www.vivagrandebh.com.br\/revista\/#\/schema\/logo\/image\/\",\"url\":\"https:\/\/www.vivagrandebh.com.br\/revista\/wp-content\/uploads\/2020\/07\/logo-viva-e1599687783656.png\",\"contentUrl\":\"https:\/\/www.vivagrandebh.com.br\/revista\/wp-content\/uploads\/2020\/07\/logo-viva-e1599687783656.png\",\"width\":300,\"height\":90,\"caption\":\"Revista Viva\"},\"image\":{\"@id\":\"https:\/\/www.vivagrandebh.com.br\/revista\/#\/schema\/logo\/image\/\"},\"sameAs\":[\"https:\/\/www.facebook.com\/revistavivagdebh\/\",\"https:\/\/www.instagram.com\/vivagrandebh\/?hl=pt-br\",\"https:\/\/www.youtube.com\/channel\/UCmdQd1O5bVMGARYL5RU8H-w\/about\"]},{\"@type\":\"Person\",\"@id\":\"https:\/\/www.vivagrandebh.com.br\/revista\/#\/schema\/person\/f73d5d0d49e47e0d943eeca2fc6a3b6b\",\"name\":\"VivaOnline\",\"image\":{\"@type\":\"ImageObject\",\"inLanguage\":\"pt-BR\",\"@id\":\"https:\/\/www.vivagrandebh.com.br\/revista\/#\/schema\/person\/image\/\",\"url\":\"https:\/\/secure.gravatar.com\/avatar\/7feec83b98a3f1834b033ae814fc2b75?s=96&d=mm&r=g\",\"contentUrl\":\"https:\/\/secure.gravatar.com\/avatar\/7feec83b98a3f1834b033ae814fc2b75?s=96&d=mm&r=g\",\"caption\":\"VivaOnline\"},\"url\":\"https:\/\/www.vivagrandebh.com.br\/revista\/author\/vivaonline\/\"}]}<\/script>\n<!-- \/ Yoast SEO plugin. -->","yoast_head_json":{"title":"Favela 3D, finalmente, chega a Minas Gerais - Revista Viva Grande BH","robots":{"index":"index","follow":"follow","max-snippet":"max-snippet:-1","max-image-preview":"max-image-preview:large","max-video-preview":"max-video-preview:-1"},"canonical":"https:\/\/www.vivagrandebh.com.br\/revista\/diversao-em-cena-traz-a-bh-o-musical-a-menina-do-meio-do-mundo-elza-soares-para-criancas-em-unica-apresentacao-na-capital\/","og_locale":"pt_BR","og_type":"article","og_title":"Favela 3D, finalmente, chega a Minas Gerais - Revista Viva Grande BH","og_description":"O Grito \u00e9 a institui\u00e7\u00e3o parceira da Gerando Falc\u00f5es na execu\u00e7\u00e3o do projeto\u00a0O projeto Favela 3D, desenvolvido pela Gerando Falc\u00f5es e retratado na edi\u00e7\u00e3o 35 da Revista Viva Grande BH (confira a reportagem), finalmente chegar\u00e1 em Minas Gerais. De acordo com L\u00e9o Martins, CEO de O Grito, primeira institui\u00e7\u00e3o mineira parceira da Gerando Falc\u00f5es, o [&hellip;]","og_url":"https:\/\/www.vivagrandebh.com.br\/revista\/diversao-em-cena-traz-a-bh-o-musical-a-menina-do-meio-do-mundo-elza-soares-para-criancas-em-unica-apresentacao-na-capital\/","og_site_name":"Revista Viva Grande BH","article_publisher":"https:\/\/www.facebook.com\/revistavivagdebh\/","article_published_time":"2023-05-18T17:54:18+00:00","article_modified_time":"2023-10-27T21:36:07+00:00","og_image":[{"width":2560,"height":1707,"url":"https:\/\/www.vivagrandebh.com.br\/revista\/wp-content\/uploads\/2023\/05\/ogrito-scaled.jpg","type":"image\/jpeg"}],"author":"VivaOnline","twitter_card":"summary_large_image","twitter_misc":{"Escrito por":"VivaOnline","Est. tempo de leitura":"3 minutos"},"schema":{"@context":"https:\/\/schema.org","@graph":[{"@type":"Article","@id":"https:\/\/www.vivagrandebh.com.br\/revista\/diversao-em-cena-traz-a-bh-o-musical-a-menina-do-meio-do-mundo-elza-soares-para-criancas-em-unica-apresentacao-na-capital\/#article","isPartOf":{"@id":"https:\/\/www.vivagrandebh.com.br\/revista\/diversao-em-cena-traz-a-bh-o-musical-a-menina-do-meio-do-mundo-elza-soares-para-criancas-em-unica-apresentacao-na-capital\/"},"author":{"name":"VivaOnline","@id":"https:\/\/www.vivagrandebh.com.br\/revista\/#\/schema\/person\/f73d5d0d49e47e0d943eeca2fc6a3b6b"},"headline":"Favela 3D, finalmente, chega a Minas Gerais","datePublished":"2023-05-18T17:54:18+00:00","dateModified":"2023-10-27T21:36:07+00:00","mainEntityOfPage":{"@id":"https:\/\/www.vivagrandebh.com.br\/revista\/diversao-em-cena-traz-a-bh-o-musical-a-menina-do-meio-do-mundo-elza-soares-para-criancas-em-unica-apresentacao-na-capital\/"},"wordCount":509,"publisher":{"@id":"https:\/\/www.vivagrandebh.com.br\/revista\/#organization"},"articleSection":["Urbanismo e Paisagem"],"inLanguage":"pt-BR"},{"@type":"WebPage","@id":"https:\/\/www.vivagrandebh.com.br\/revista\/diversao-em-cena-traz-a-bh-o-musical-a-menina-do-meio-do-mundo-elza-soares-para-criancas-em-unica-apresentacao-na-capital\/","url":"https:\/\/www.vivagrandebh.com.br\/revista\/diversao-em-cena-traz-a-bh-o-musical-a-menina-do-meio-do-mundo-elza-soares-para-criancas-em-unica-apresentacao-na-capital\/","name":"Favela 3D, finalmente, chega a Minas Gerais - Revista Viva Grande BH","isPartOf":{"@id":"https:\/\/www.vivagrandebh.com.br\/revista\/#website"},"datePublished":"2023-05-18T17:54:18+00:00","dateModified":"2023-10-27T21:36:07+00:00","breadcrumb":{"@id":"https:\/\/www.vivagrandebh.com.br\/revista\/diversao-em-cena-traz-a-bh-o-musical-a-menina-do-meio-do-mundo-elza-soares-para-criancas-em-unica-apresentacao-na-capital\/#breadcrumb"},"inLanguage":"pt-BR","potentialAction":[{"@type":"ReadAction","target":["https:\/\/www.vivagrandebh.com.br\/revista\/diversao-em-cena-traz-a-bh-o-musical-a-menina-do-meio-do-mundo-elza-soares-para-criancas-em-unica-apresentacao-na-capital\/"]}]},{"@type":"BreadcrumbList","@id":"https:\/\/www.vivagrandebh.com.br\/revista\/diversao-em-cena-traz-a-bh-o-musical-a-menina-do-meio-do-mundo-elza-soares-para-criancas-em-unica-apresentacao-na-capital\/#breadcrumb","itemListElement":[{"@type":"ListItem","position":1,"name":"In\u00edcio","item":"https:\/\/www.vivagrandebh.com.br\/revista\/"},{"@type":"ListItem","position":2,"name":"Favela 3D, finalmente, chega a Minas Gerais"}]},{"@type":"WebSite","@id":"https:\/\/www.vivagrandebh.com.br\/revista\/#website","url":"https:\/\/www.vivagrandebh.com.br\/revista\/","name":"Revista Viva Grande BH","description":"a Viva Grande BH leva ao leitor informa\u00e7\u00f5es de qualidade sobre turismo, esporte, arte e cultura, economia, mercado e pol\u00edtica.","publisher":{"@id":"https:\/\/www.vivagrandebh.com.br\/revista\/#organization"},"potentialAction":[{"@type":"SearchAction","target":{"@type":"EntryPoint","urlTemplate":"https:\/\/www.vivagrandebh.com.br\/revista\/?s={search_term_string}"},"query-input":"required name=search_term_string"}],"inLanguage":"pt-BR"},{"@type":"Organization","@id":"https:\/\/www.vivagrandebh.com.br\/revista\/#organization","name":"Revista Viva","url":"https:\/\/www.vivagrandebh.com.br\/revista\/","logo":{"@type":"ImageObject","inLanguage":"pt-BR","@id":"https:\/\/www.vivagrandebh.com.br\/revista\/#\/schema\/logo\/image\/","url":"https:\/\/www.vivagrandebh.com.br\/revista\/wp-content\/uploads\/2020\/07\/logo-viva-e1599687783656.png","contentUrl":"https:\/\/www.vivagrandebh.com.br\/revista\/wp-content\/uploads\/2020\/07\/logo-viva-e1599687783656.png","width":300,"height":90,"caption":"Revista Viva"},"image":{"@id":"https:\/\/www.vivagrandebh.com.br\/revista\/#\/schema\/logo\/image\/"},"sameAs":["https:\/\/www.facebook.com\/revistavivagdebh\/","https:\/\/www.instagram.com\/vivagrandebh\/?hl=pt-br","https:\/\/www.youtube.com\/channel\/UCmdQd1O5bVMGARYL5RU8H-w\/about"]},{"@type":"Person","@id":"https:\/\/www.vivagrandebh.com.br\/revista\/#\/schema\/person\/f73d5d0d49e47e0d943eeca2fc6a3b6b","name":"VivaOnline","image":{"@type":"ImageObject","inLanguage":"pt-BR","@id":"https:\/\/www.vivagrandebh.com.br\/revista\/#\/schema\/person\/image\/","url":"https:\/\/secure.gravatar.com\/avatar\/7feec83b98a3f1834b033ae814fc2b75?s=96&d=mm&r=g","contentUrl":"https:\/\/secure.gravatar.com\/avatar\/7feec83b98a3f1834b033ae814fc2b75?s=96&d=mm&r=g","caption":"VivaOnline"},"url":"https:\/\/www.vivagrandebh.com.br\/revista\/author\/vivaonline\/"}]}},"_links":{"self":[{"href":"https:\/\/www.vivagrandebh.com.br\/revista\/wp-json\/wp\/v2\/posts\/6178"}],"collection":[{"href":"https:\/\/www.vivagrandebh.com.br\/revista\/wp-json\/wp\/v2\/posts"}],"about":[{"href":"https:\/\/www.vivagrandebh.com.br\/revista\/wp-json\/wp\/v2\/types\/post"}],"author":[{"embeddable":true,"href":"https:\/\/www.vivagrandebh.com.br\/revista\/wp-json\/wp\/v2\/users\/3"}],"replies":[{"embeddable":true,"href":"https:\/\/www.vivagrandebh.com.br\/revista\/wp-json\/wp\/v2\/comments?post=6178"}],"version-history":[{"count":14,"href":"https:\/\/www.vivagrandebh.com.br\/revista\/wp-json\/wp\/v2\/posts\/6178\/revisions"}],"predecessor-version":[{"id":6504,"href":"https:\/\/www.vivagrandebh.com.br\/revista\/wp-json\/wp\/v2\/posts\/6178\/revisions\/6504"}],"wp:featuredmedia":[{"embeddable":true,"href":"https:\/\/www.vivagrandebh.com.br\/revista\/wp-json\/wp\/v2\/media\/6491"}],"wp:attachment":[{"href":"https:\/\/www.vivagrandebh.com.br\/revista\/wp-json\/wp\/v2\/media?parent=6178"}],"wp:term":[{"taxonomy":"category","embeddable":true,"href":"https:\/\/www.vivagrandebh.com.br\/revista\/wp-json\/wp\/v2\/categories?post=6178"},{"taxonomy":"post_tag","embeddable":true,"href":"https:\/\/www.vivagrandebh.com.br\/revista\/wp-json\/wp\/v2\/tags?post=6178"}],"curies":[{"name":"wp","href":"https:\/\/api.w.org\/{rel}","templated":true}]}}