{"id":6104,"date":"2023-04-05T20:18:09","date_gmt":"2023-04-05T23:18:09","guid":{"rendered":"https:\/\/www.vivagrandebh.com.br\/revista\/?p=6104"},"modified":"2023-04-05T20:20:25","modified_gmt":"2023-04-05T23:20:25","slug":"formulacao-antiqueda-capilar-de-alta-performance-desenvolvida-pela-ufmg-e-lancada-em-belo-horizonte","status":"publish","type":"post","link":"https:\/\/www.vivagrandebh.com.br\/revista\/formulacao-antiqueda-capilar-de-alta-performance-desenvolvida-pela-ufmg-e-lancada-em-belo-horizonte\/","title":{"rendered":"Formula\u00e7\u00e3o Antiqueda Capilar de alta performance desenvolvida pela UFMG \u00e9 lan\u00e7ada em Belo horizonte"},"content":{"rendered":"\t\t<div data-elementor-type=\"wp-post\" data-elementor-id=\"6104\" class=\"elementor elementor-6104\">\n\t\t\t\t\t\t\t\t\t<section class=\"elementor-section elementor-top-section elementor-element elementor-element-5cf44c1 elementor-section-boxed elementor-section-height-default elementor-section-height-default\" data-id=\"5cf44c1\" data-element_type=\"section\">\n\t\t\t\t\t\t<div class=\"elementor-container elementor-column-gap-default\">\n\t\t\t\t\t<div class=\"elementor-column elementor-col-100 elementor-top-column elementor-element elementor-element-62f2a07\" data-id=\"62f2a07\" data-element_type=\"column\">\n\t\t\t<div class=\"elementor-widget-wrap elementor-element-populated\">\n\t\t\t\t\t\t\t\t<div class=\"elementor-element elementor-element-f12b945 elementor-widget elementor-widget-text-editor\" data-id=\"f12b945\" data-element_type=\"widget\" data-widget_type=\"text-editor.default\">\n\t\t\t\t<div class=\"elementor-widget-container\">\n\t\t\t\t\t\t\t<p style=\"text-align: center;\"><span style=\"color: #333333;\"><em>Solu\u00e7\u00e3o Nanotecnol\u00f3gica, para uso no couro cabeludo,\u00a0 tem a\u00e7\u00e3o inovadora devido ao alto poder de penetra\u00e7\u00e3o no bulbo capilar e n\u00e3o tem efeitos colaterais<\/em><\/span><\/p><p><span style=\"color: #000000;\">Uma solu\u00e7\u00e3o capilar de alta performance criada pela Universidade Federal de Minas Gerais (UFMG) chega ao mercado. Batizada de ENDCALVE, a f\u00f3rmula \u00e9 resultado de mais de 20 anos de estudos cient\u00edficos e testes cl\u00ednicos. A pesquisa foi desenvolvida por um grupo de cientistas do Instituto Nacional de Ci\u00eancia e Tecnologia em Nanobiofarmac\u00eautica (INCT NanoBiofar), utilizando constituintes inovadores, possibilitando a preserva\u00e7\u00e3o e o est\u00edmulo folicular, comprovado em experimentos envolvendo engenharia gen\u00e9tica.<\/span><\/p><p><span style=\"color: #000000;\">Segundo a cientista da UFMG, Ana Paula Corr\u00eaa Oliveira Bahia,\u00a0 o que diferencia essa formula\u00e7\u00e3o das demais dispon\u00edveis no mercado \u00e9 a t\u00e9cnica da terapia combinada, possibilitando o aproveitamento pleno dos princ\u00edpios ativos biocompat\u00edveis com o poder de penetra\u00e7\u00e3o da nanoencapsula\u00e7\u00e3o. O lipossoma usado na f\u00f3rmula tem grande afinidade com fol\u00edculo piloso, favorecendo a libera\u00e7\u00e3o local dos componentes com alta performance, propriedade exclusiva dessa formula\u00e7\u00e3o.<\/span><\/p><p><span style=\"color: #000000;\">Ela detalha ainda que a tecnologia \u00e9 inovadora porque inaugura um conceito de tratamento que combina o poder dos seus constituintes biocompat\u00edveis (aceleradores do metabolismo folicular) &#8211;\u00a0 respons\u00e1veis pelo estimulo do bulbo, disponibilizados diretamente no fol\u00edculo piloso &#8211; frente ao alto poder de penetra\u00e7\u00e3o das part\u00edculas nanoencapsuladas, \u201ccomponentes nano tecnol\u00f3gicos\u201d (part\u00edculas com dimens\u00f5es menores que 100 nan\u00f4metros)\u201d, assegurando a alta efic\u00e1cia do tratamento. A solu\u00e7\u00e3o foi desenvolvida com o intuito de promover a recupera\u00e7\u00e3o do bulbo capilar, garantindo a estabilidade e biodisponibilidade real de princ\u00edpios ativos bioid\u00eanticos.<\/span><\/p><p><strong><span style=\"color: #000000;\">Sem Efeitos Colaterais<\/span><\/strong><\/p><p><span style=\"color: #000000;\">A cientista relata que\u00a0 os estudos cient\u00edficos indicaram que o uso t\u00f3pico da formula\u00e7\u00e3o n\u00e3o causa os temidos efeitos colaterais comumente verificados em outras formula\u00e7\u00f5es e\/ou tratamentos da Alopecia, como disfun\u00e7\u00e3o er\u00e9til, irrita\u00e7\u00e3o cut\u00e2nea localizada, alergias e foto-sensibilidade, resultando na alta seguran\u00e7a dermatol\u00f3gica no seu uso.\u00a0\u00a0 A aus\u00eancia dos efeitos colaterais se deve ao mecanismo de a\u00e7\u00e3o que utiliza constituintes biocompat\u00edveis, ou seja, componentes produzidos pelo pr\u00f3prio corpo, sem subst\u00e2ncias estranhas como os demais, e sem intera\u00e7\u00e3o com a corrente sangu\u00ednea.<\/span><\/p><p><span style=\"color: #000000;\">O produto \u00e9 eficaz em pessoas que ainda possuam o fol\u00edculo piloso, pois \u00e9 ali o foco da a\u00e7\u00e3o da formula\u00e7\u00e3o, pessoas que est\u00e3o perdendo os fios, homens e mulheres, que ainda possuem o fol\u00edculo podem se beneficiar a Tecnologia.<\/span><\/p><p><strong><span style=\"color: #000000;\">Chegada ao mercado<\/span><\/strong><\/p><p><span style=\"color: #000000;\">A UFMG recentemente recebeu do Instituto Nacional de Propriedade Intelectual (INPI), o registro definitivo da patente da sua formula\u00e7\u00e3o antiqueda capilar. A Patente Registrada, que d\u00e1 direito \u00e0 fabrica\u00e7\u00e3o, distribui\u00e7\u00e3o e explora\u00e7\u00e3o comercial do produto foi licenciada pela UFMG ao \u201cLaborat\u00f3rios Os\u00f3rio de Moraes\u201d, empresa fundada h\u00e1 100 anos, com parque industrial localizado em Contagem, e com atua\u00e7\u00e3o comercial em todo o territ\u00f3rio nacional.<\/span><\/p><p><strong><span style=\"color: #000000;\">Modo de Utiliza\u00e7\u00e3o<\/span><\/strong><\/p><p><span style=\"color: #000000;\">O uso da formula\u00e7\u00e3o \u00e9 extremamente simples, bastando que o paciente proceda a aplica\u00e7\u00e3o de 12 gotas do produto na m\u00e3o, e com as pontas dos dedos espalhar o t\u00f4nico nas \u00e1reas com queda de cabelo, no couro cabeludo, massageando suavemente. A formula\u00e7\u00e3o deve ser usada no couro cabeludo \u00edntegro, seco ou ligeiramente \u00famido.<\/span><\/p><p><strong><span style=\"color: #000000;\">Embalagem<\/span><\/strong><\/p><p><span style=\"color: #000000;\">Todo o cuidado tomado no desenvolvimento da tecnologia tamb\u00e9m foi replicado na embalagem, que foi desenvolvida considerando aspectos capazes de garantir a vida \u00fatil e a qualidade da formula\u00e7\u00e3o, al\u00e9m da utiliza\u00e7\u00e3o total do volume da formula\u00e7\u00e3o. O frasco de vidro escuro visa preservar a formula\u00e7\u00e3o da a\u00e7\u00e3o danosa dos raios solares e, a tampa dosadora garante a n\u00e3o contamina\u00e7\u00e3o da formula\u00e7\u00e3o por elementos estranhos;<\/span><\/p>\t\t\t\t\t\t<\/div>\n\t\t\t\t<\/div>\n\t\t\t\t\t<\/div>\n\t\t<\/div>\n\t\t\t\t\t\t\t<\/div>\n\t\t<\/section>\n\t\t\t\t\t\t\t<\/div>\n\t\t","protected":false},"excerpt":{"rendered":"<p>Solu\u00e7\u00e3o Nanotecnol\u00f3gica, para uso no couro cabeludo,\u00a0 tem a\u00e7\u00e3o inovadora devido ao alto poder de penetra\u00e7\u00e3o no bulbo capilar e n\u00e3o tem efeitos colaterais Uma solu\u00e7\u00e3o capilar de alta performance criada pela Universidade Federal de Minas Gerais (UFMG) chega ao mercado. Batizada de ENDCALVE, a f\u00f3rmula \u00e9 resultado de mais de 20 anos de estudos [&hellip;]<\/p>\n","protected":false},"author":3,"featured_media":6108,"comment_status":"closed","ping_status":"open","sticky":false,"template":"","format":"standard","meta":{"footnotes":""},"categories":[66],"tags":[],"yoast_head":"<!-- This site is optimized with the Yoast SEO plugin v21.7 - https:\/\/yoast.com\/wordpress\/plugins\/seo\/ -->\n<title>Formula\u00e7\u00e3o Antiqueda Capilar de alta performance desenvolvida pela UFMG \u00e9 lan\u00e7ada em Belo horizonte - Revista Viva Grande BH<\/title>\n<meta name=\"robots\" content=\"index, follow, max-snippet:-1, max-image-preview:large, max-video-preview:-1\" \/>\n<link rel=\"canonical\" href=\"https:\/\/www.vivagrandebh.com.br\/revista\/formulacao-antiqueda-capilar-de-alta-performance-desenvolvida-pela-ufmg-e-lancada-em-belo-horizonte\/\" \/>\n<meta property=\"og:locale\" content=\"pt_BR\" \/>\n<meta property=\"og:type\" content=\"article\" \/>\n<meta property=\"og:title\" content=\"Formula\u00e7\u00e3o Antiqueda Capilar de alta performance desenvolvida pela UFMG \u00e9 lan\u00e7ada em Belo horizonte - Revista Viva Grande BH\" \/>\n<meta property=\"og:description\" content=\"Solu\u00e7\u00e3o Nanotecnol\u00f3gica, para uso no couro cabeludo,\u00a0 tem a\u00e7\u00e3o inovadora devido ao alto poder de penetra\u00e7\u00e3o no bulbo capilar e n\u00e3o tem efeitos colaterais Uma solu\u00e7\u00e3o capilar de alta performance criada pela Universidade Federal de Minas Gerais (UFMG) chega ao mercado. Batizada de ENDCALVE, a f\u00f3rmula \u00e9 resultado de mais de 20 anos de estudos [&hellip;]\" \/>\n<meta property=\"og:url\" content=\"https:\/\/www.vivagrandebh.com.br\/revista\/formulacao-antiqueda-capilar-de-alta-performance-desenvolvida-pela-ufmg-e-lancada-em-belo-horizonte\/\" \/>\n<meta property=\"og:site_name\" content=\"Revista Viva Grande BH\" \/>\n<meta property=\"article:publisher\" content=\"https:\/\/www.facebook.com\/revistavivagdebh\/\" \/>\n<meta property=\"article:published_time\" content=\"2023-04-05T23:18:09+00:00\" \/>\n<meta property=\"article:modified_time\" content=\"2023-04-05T23:20:25+00:00\" \/>\n<meta property=\"og:image\" content=\"https:\/\/www.vivagrandebh.com.br\/revista\/wp-content\/uploads\/2023\/04\/IMG-20230405-WA0097.jpg\" \/>\n\t<meta property=\"og:image:width\" content=\"667\" \/>\n\t<meta property=\"og:image:height\" content=\"556\" \/>\n\t<meta property=\"og:image:type\" content=\"image\/jpeg\" \/>\n<meta name=\"author\" content=\"VivaOnline\" \/>\n<meta name=\"twitter:card\" content=\"summary_large_image\" \/>\n<meta name=\"twitter:label1\" content=\"Escrito por\" \/>\n\t<meta name=\"twitter:data1\" content=\"VivaOnline\" \/>\n\t<meta name=\"twitter:label2\" content=\"Est. tempo de leitura\" \/>\n\t<meta name=\"twitter:data2\" content=\"3 minutos\" \/>\n<script type=\"application\/ld+json\" class=\"yoast-schema-graph\">{\"@context\":\"https:\/\/schema.org\",\"@graph\":[{\"@type\":\"Article\",\"@id\":\"https:\/\/www.vivagrandebh.com.br\/revista\/formulacao-antiqueda-capilar-de-alta-performance-desenvolvida-pela-ufmg-e-lancada-em-belo-horizonte\/#article\",\"isPartOf\":{\"@id\":\"https:\/\/www.vivagrandebh.com.br\/revista\/formulacao-antiqueda-capilar-de-alta-performance-desenvolvida-pela-ufmg-e-lancada-em-belo-horizonte\/\"},\"author\":{\"name\":\"VivaOnline\",\"@id\":\"https:\/\/www.vivagrandebh.com.br\/revista\/#\/schema\/person\/f73d5d0d49e47e0d943eeca2fc6a3b6b\"},\"headline\":\"Formula\u00e7\u00e3o Antiqueda Capilar de alta performance desenvolvida pela UFMG \u00e9 lan\u00e7ada em Belo horizonte\",\"datePublished\":\"2023-04-05T23:18:09+00:00\",\"dateModified\":\"2023-04-05T23:20:25+00:00\",\"mainEntityOfPage\":{\"@id\":\"https:\/\/www.vivagrandebh.com.br\/revista\/formulacao-antiqueda-capilar-de-alta-performance-desenvolvida-pela-ufmg-e-lancada-em-belo-horizonte\/\"},\"wordCount\":653,\"publisher\":{\"@id\":\"https:\/\/www.vivagrandebh.com.br\/revista\/#organization\"},\"articleSection\":[\"Sa\u00fade e Bem estar\"],\"inLanguage\":\"pt-BR\"},{\"@type\":\"WebPage\",\"@id\":\"https:\/\/www.vivagrandebh.com.br\/revista\/formulacao-antiqueda-capilar-de-alta-performance-desenvolvida-pela-ufmg-e-lancada-em-belo-horizonte\/\",\"url\":\"https:\/\/www.vivagrandebh.com.br\/revista\/formulacao-antiqueda-capilar-de-alta-performance-desenvolvida-pela-ufmg-e-lancada-em-belo-horizonte\/\",\"name\":\"Formula\u00e7\u00e3o Antiqueda Capilar de alta performance desenvolvida pela UFMG \u00e9 lan\u00e7ada em Belo horizonte - Revista Viva Grande BH\",\"isPartOf\":{\"@id\":\"https:\/\/www.vivagrandebh.com.br\/revista\/#website\"},\"datePublished\":\"2023-04-05T23:18:09+00:00\",\"dateModified\":\"2023-04-05T23:20:25+00:00\",\"breadcrumb\":{\"@id\":\"https:\/\/www.vivagrandebh.com.br\/revista\/formulacao-antiqueda-capilar-de-alta-performance-desenvolvida-pela-ufmg-e-lancada-em-belo-horizonte\/#breadcrumb\"},\"inLanguage\":\"pt-BR\",\"potentialAction\":[{\"@type\":\"ReadAction\",\"target\":[\"https:\/\/www.vivagrandebh.com.br\/revista\/formulacao-antiqueda-capilar-de-alta-performance-desenvolvida-pela-ufmg-e-lancada-em-belo-horizonte\/\"]}]},{\"@type\":\"BreadcrumbList\",\"@id\":\"https:\/\/www.vivagrandebh.com.br\/revista\/formulacao-antiqueda-capilar-de-alta-performance-desenvolvida-pela-ufmg-e-lancada-em-belo-horizonte\/#breadcrumb\",\"itemListElement\":[{\"@type\":\"ListItem\",\"position\":1,\"name\":\"In\u00edcio\",\"item\":\"https:\/\/www.vivagrandebh.com.br\/revista\/\"},{\"@type\":\"ListItem\",\"position\":2,\"name\":\"Formula\u00e7\u00e3o Antiqueda Capilar de alta performance desenvolvida pela UFMG \u00e9 lan\u00e7ada em Belo horizonte\"}]},{\"@type\":\"WebSite\",\"@id\":\"https:\/\/www.vivagrandebh.com.br\/revista\/#website\",\"url\":\"https:\/\/www.vivagrandebh.com.br\/revista\/\",\"name\":\"Revista Viva Grande BH\",\"description\":\"a Viva Grande BH leva ao leitor informa\u00e7\u00f5es de qualidade sobre turismo, esporte, arte e cultura, economia, mercado e pol\u00edtica.\",\"publisher\":{\"@id\":\"https:\/\/www.vivagrandebh.com.br\/revista\/#organization\"},\"potentialAction\":[{\"@type\":\"SearchAction\",\"target\":{\"@type\":\"EntryPoint\",\"urlTemplate\":\"https:\/\/www.vivagrandebh.com.br\/revista\/?s={search_term_string}\"},\"query-input\":\"required name=search_term_string\"}],\"inLanguage\":\"pt-BR\"},{\"@type\":\"Organization\",\"@id\":\"https:\/\/www.vivagrandebh.com.br\/revista\/#organization\",\"name\":\"Revista Viva\",\"url\":\"https:\/\/www.vivagrandebh.com.br\/revista\/\",\"logo\":{\"@type\":\"ImageObject\",\"inLanguage\":\"pt-BR\",\"@id\":\"https:\/\/www.vivagrandebh.com.br\/revista\/#\/schema\/logo\/image\/\",\"url\":\"https:\/\/www.vivagrandebh.com.br\/revista\/wp-content\/uploads\/2020\/07\/logo-viva-e1599687783656.png\",\"contentUrl\":\"https:\/\/www.vivagrandebh.com.br\/revista\/wp-content\/uploads\/2020\/07\/logo-viva-e1599687783656.png\",\"width\":300,\"height\":90,\"caption\":\"Revista Viva\"},\"image\":{\"@id\":\"https:\/\/www.vivagrandebh.com.br\/revista\/#\/schema\/logo\/image\/\"},\"sameAs\":[\"https:\/\/www.facebook.com\/revistavivagdebh\/\",\"https:\/\/www.instagram.com\/vivagrandebh\/?hl=pt-br\",\"https:\/\/www.youtube.com\/channel\/UCmdQd1O5bVMGARYL5RU8H-w\/about\"]},{\"@type\":\"Person\",\"@id\":\"https:\/\/www.vivagrandebh.com.br\/revista\/#\/schema\/person\/f73d5d0d49e47e0d943eeca2fc6a3b6b\",\"name\":\"VivaOnline\",\"image\":{\"@type\":\"ImageObject\",\"inLanguage\":\"pt-BR\",\"@id\":\"https:\/\/www.vivagrandebh.com.br\/revista\/#\/schema\/person\/image\/\",\"url\":\"https:\/\/secure.gravatar.com\/avatar\/7feec83b98a3f1834b033ae814fc2b75?s=96&d=mm&r=g\",\"contentUrl\":\"https:\/\/secure.gravatar.com\/avatar\/7feec83b98a3f1834b033ae814fc2b75?s=96&d=mm&r=g\",\"caption\":\"VivaOnline\"},\"url\":\"https:\/\/www.vivagrandebh.com.br\/revista\/author\/vivaonline\/\"}]}<\/script>\n<!-- \/ Yoast SEO plugin. -->","yoast_head_json":{"title":"Formula\u00e7\u00e3o Antiqueda Capilar de alta performance desenvolvida pela UFMG \u00e9 lan\u00e7ada em Belo horizonte - Revista Viva Grande BH","robots":{"index":"index","follow":"follow","max-snippet":"max-snippet:-1","max-image-preview":"max-image-preview:large","max-video-preview":"max-video-preview:-1"},"canonical":"https:\/\/www.vivagrandebh.com.br\/revista\/formulacao-antiqueda-capilar-de-alta-performance-desenvolvida-pela-ufmg-e-lancada-em-belo-horizonte\/","og_locale":"pt_BR","og_type":"article","og_title":"Formula\u00e7\u00e3o Antiqueda Capilar de alta performance desenvolvida pela UFMG \u00e9 lan\u00e7ada em Belo horizonte - Revista Viva Grande BH","og_description":"Solu\u00e7\u00e3o Nanotecnol\u00f3gica, para uso no couro cabeludo,\u00a0 tem a\u00e7\u00e3o inovadora devido ao alto poder de penetra\u00e7\u00e3o no bulbo capilar e n\u00e3o tem efeitos colaterais Uma solu\u00e7\u00e3o capilar de alta performance criada pela Universidade Federal de Minas Gerais (UFMG) chega ao mercado. Batizada de ENDCALVE, a f\u00f3rmula \u00e9 resultado de mais de 20 anos de estudos [&hellip;]","og_url":"https:\/\/www.vivagrandebh.com.br\/revista\/formulacao-antiqueda-capilar-de-alta-performance-desenvolvida-pela-ufmg-e-lancada-em-belo-horizonte\/","og_site_name":"Revista Viva Grande BH","article_publisher":"https:\/\/www.facebook.com\/revistavivagdebh\/","article_published_time":"2023-04-05T23:18:09+00:00","article_modified_time":"2023-04-05T23:20:25+00:00","og_image":[{"width":667,"height":556,"url":"https:\/\/www.vivagrandebh.com.br\/revista\/wp-content\/uploads\/2023\/04\/IMG-20230405-WA0097.jpg","type":"image\/jpeg"}],"author":"VivaOnline","twitter_card":"summary_large_image","twitter_misc":{"Escrito por":"VivaOnline","Est. tempo de leitura":"3 minutos"},"schema":{"@context":"https:\/\/schema.org","@graph":[{"@type":"Article","@id":"https:\/\/www.vivagrandebh.com.br\/revista\/formulacao-antiqueda-capilar-de-alta-performance-desenvolvida-pela-ufmg-e-lancada-em-belo-horizonte\/#article","isPartOf":{"@id":"https:\/\/www.vivagrandebh.com.br\/revista\/formulacao-antiqueda-capilar-de-alta-performance-desenvolvida-pela-ufmg-e-lancada-em-belo-horizonte\/"},"author":{"name":"VivaOnline","@id":"https:\/\/www.vivagrandebh.com.br\/revista\/#\/schema\/person\/f73d5d0d49e47e0d943eeca2fc6a3b6b"},"headline":"Formula\u00e7\u00e3o Antiqueda Capilar de alta performance desenvolvida pela UFMG \u00e9 lan\u00e7ada em Belo horizonte","datePublished":"2023-04-05T23:18:09+00:00","dateModified":"2023-04-05T23:20:25+00:00","mainEntityOfPage":{"@id":"https:\/\/www.vivagrandebh.com.br\/revista\/formulacao-antiqueda-capilar-de-alta-performance-desenvolvida-pela-ufmg-e-lancada-em-belo-horizonte\/"},"wordCount":653,"publisher":{"@id":"https:\/\/www.vivagrandebh.com.br\/revista\/#organization"},"articleSection":["Sa\u00fade e Bem estar"],"inLanguage":"pt-BR"},{"@type":"WebPage","@id":"https:\/\/www.vivagrandebh.com.br\/revista\/formulacao-antiqueda-capilar-de-alta-performance-desenvolvida-pela-ufmg-e-lancada-em-belo-horizonte\/","url":"https:\/\/www.vivagrandebh.com.br\/revista\/formulacao-antiqueda-capilar-de-alta-performance-desenvolvida-pela-ufmg-e-lancada-em-belo-horizonte\/","name":"Formula\u00e7\u00e3o Antiqueda Capilar de alta performance desenvolvida pela UFMG \u00e9 lan\u00e7ada em Belo horizonte - Revista Viva Grande BH","isPartOf":{"@id":"https:\/\/www.vivagrandebh.com.br\/revista\/#website"},"datePublished":"2023-04-05T23:18:09+00:00","dateModified":"2023-04-05T23:20:25+00:00","breadcrumb":{"@id":"https:\/\/www.vivagrandebh.com.br\/revista\/formulacao-antiqueda-capilar-de-alta-performance-desenvolvida-pela-ufmg-e-lancada-em-belo-horizonte\/#breadcrumb"},"inLanguage":"pt-BR","potentialAction":[{"@type":"ReadAction","target":["https:\/\/www.vivagrandebh.com.br\/revista\/formulacao-antiqueda-capilar-de-alta-performance-desenvolvida-pela-ufmg-e-lancada-em-belo-horizonte\/"]}]},{"@type":"BreadcrumbList","@id":"https:\/\/www.vivagrandebh.com.br\/revista\/formulacao-antiqueda-capilar-de-alta-performance-desenvolvida-pela-ufmg-e-lancada-em-belo-horizonte\/#breadcrumb","itemListElement":[{"@type":"ListItem","position":1,"name":"In\u00edcio","item":"https:\/\/www.vivagrandebh.com.br\/revista\/"},{"@type":"ListItem","position":2,"name":"Formula\u00e7\u00e3o Antiqueda Capilar de alta performance desenvolvida pela UFMG \u00e9 lan\u00e7ada em Belo horizonte"}]},{"@type":"WebSite","@id":"https:\/\/www.vivagrandebh.com.br\/revista\/#website","url":"https:\/\/www.vivagrandebh.com.br\/revista\/","name":"Revista Viva Grande BH","description":"a Viva Grande BH leva ao leitor informa\u00e7\u00f5es de qualidade sobre turismo, esporte, arte e cultura, economia, mercado e pol\u00edtica.","publisher":{"@id":"https:\/\/www.vivagrandebh.com.br\/revista\/#organization"},"potentialAction":[{"@type":"SearchAction","target":{"@type":"EntryPoint","urlTemplate":"https:\/\/www.vivagrandebh.com.br\/revista\/?s={search_term_string}"},"query-input":"required name=search_term_string"}],"inLanguage":"pt-BR"},{"@type":"Organization","@id":"https:\/\/www.vivagrandebh.com.br\/revista\/#organization","name":"Revista Viva","url":"https:\/\/www.vivagrandebh.com.br\/revista\/","logo":{"@type":"ImageObject","inLanguage":"pt-BR","@id":"https:\/\/www.vivagrandebh.com.br\/revista\/#\/schema\/logo\/image\/","url":"https:\/\/www.vivagrandebh.com.br\/revista\/wp-content\/uploads\/2020\/07\/logo-viva-e1599687783656.png","contentUrl":"https:\/\/www.vivagrandebh.com.br\/revista\/wp-content\/uploads\/2020\/07\/logo-viva-e1599687783656.png","width":300,"height":90,"caption":"Revista Viva"},"image":{"@id":"https:\/\/www.vivagrandebh.com.br\/revista\/#\/schema\/logo\/image\/"},"sameAs":["https:\/\/www.facebook.com\/revistavivagdebh\/","https:\/\/www.instagram.com\/vivagrandebh\/?hl=pt-br","https:\/\/www.youtube.com\/channel\/UCmdQd1O5bVMGARYL5RU8H-w\/about"]},{"@type":"Person","@id":"https:\/\/www.vivagrandebh.com.br\/revista\/#\/schema\/person\/f73d5d0d49e47e0d943eeca2fc6a3b6b","name":"VivaOnline","image":{"@type":"ImageObject","inLanguage":"pt-BR","@id":"https:\/\/www.vivagrandebh.com.br\/revista\/#\/schema\/person\/image\/","url":"https:\/\/secure.gravatar.com\/avatar\/7feec83b98a3f1834b033ae814fc2b75?s=96&d=mm&r=g","contentUrl":"https:\/\/secure.gravatar.com\/avatar\/7feec83b98a3f1834b033ae814fc2b75?s=96&d=mm&r=g","caption":"VivaOnline"},"url":"https:\/\/www.vivagrandebh.com.br\/revista\/author\/vivaonline\/"}]}},"_links":{"self":[{"href":"https:\/\/www.vivagrandebh.com.br\/revista\/wp-json\/wp\/v2\/posts\/6104"}],"collection":[{"href":"https:\/\/www.vivagrandebh.com.br\/revista\/wp-json\/wp\/v2\/posts"}],"about":[{"href":"https:\/\/www.vivagrandebh.com.br\/revista\/wp-json\/wp\/v2\/types\/post"}],"author":[{"embeddable":true,"href":"https:\/\/www.vivagrandebh.com.br\/revista\/wp-json\/wp\/v2\/users\/3"}],"replies":[{"embeddable":true,"href":"https:\/\/www.vivagrandebh.com.br\/revista\/wp-json\/wp\/v2\/comments?post=6104"}],"version-history":[{"count":4,"href":"https:\/\/www.vivagrandebh.com.br\/revista\/wp-json\/wp\/v2\/posts\/6104\/revisions"}],"predecessor-version":[{"id":6109,"href":"https:\/\/www.vivagrandebh.com.br\/revista\/wp-json\/wp\/v2\/posts\/6104\/revisions\/6109"}],"wp:featuredmedia":[{"embeddable":true,"href":"https:\/\/www.vivagrandebh.com.br\/revista\/wp-json\/wp\/v2\/media\/6108"}],"wp:attachment":[{"href":"https:\/\/www.vivagrandebh.com.br\/revista\/wp-json\/wp\/v2\/media?parent=6104"}],"wp:term":[{"taxonomy":"category","embeddable":true,"href":"https:\/\/www.vivagrandebh.com.br\/revista\/wp-json\/wp\/v2\/categories?post=6104"},{"taxonomy":"post_tag","embeddable":true,"href":"https:\/\/www.vivagrandebh.com.br\/revista\/wp-json\/wp\/v2\/tags?post=6104"}],"curies":[{"name":"wp","href":"https:\/\/api.w.org\/{rel}","templated":true}]}}