{"id":5880,"date":"2022-11-10T15:04:09","date_gmt":"2022-11-10T18:04:09","guid":{"rendered":"https:\/\/www.vivagrandebh.com.br\/revista\/?p=5880"},"modified":"2022-11-10T15:04:09","modified_gmt":"2022-11-10T18:04:09","slug":"o-que-rolou-no-maria-das-trancas","status":"publish","type":"post","link":"https:\/\/www.vivagrandebh.com.br\/revista\/o-que-rolou-no-maria-das-trancas\/","title":{"rendered":"O que rolou no Maria das Tran\u00e7as"},"content":{"rendered":"\t\t<div data-elementor-type=\"wp-post\" data-elementor-id=\"5880\" class=\"elementor elementor-5880\">\n\t\t\t\t\t\t\t\t\t<section class=\"elementor-section elementor-top-section elementor-element elementor-element-d19b829 elementor-section-boxed elementor-section-height-default elementor-section-height-default\" data-id=\"d19b829\" data-element_type=\"section\">\n\t\t\t\t\t\t<div class=\"elementor-container elementor-column-gap-default\">\n\t\t\t\t\t<div class=\"elementor-column elementor-col-100 elementor-top-column elementor-element elementor-element-d4792e3\" data-id=\"d4792e3\" data-element_type=\"column\">\n\t\t\t<div class=\"elementor-widget-wrap elementor-element-populated\">\n\t\t\t\t\t\t\t\t<div class=\"elementor-element elementor-element-37cc87d elementor-widget elementor-widget-text-editor\" data-id=\"37cc87d\" data-element_type=\"widget\" data-widget_type=\"text-editor.default\">\n\t\t\t\t<div class=\"elementor-widget-container\">\n\t\t\t\t\t\t\t<p><span style=\"color: #000000;\">No dia 07\/11 (ter\u00e7a-feira) a professora Rosilene <\/span><span style=\"color: #000000;\">Campolina e o Ricardo Rodrigues do projeto<\/span><br \/><span style=\"color: #000000;\">Bastidores juntamente com grupo &#8220;\u00c9 junto do b\u00e3o que <\/span><span style=\"color: #000000;\">a gente fica mi\u00f3&#8221; estiveram presentes no |Restaurante <\/span><span style=\"color: #000000;\">Maria das Tran\u00e7as para uma experi\u00eancia muito <\/span><span style=\"color: #000000;\">especial.<br \/><\/span><\/p><p><span style=\"color: #000000;\">Um bate-papo e palestra sobre sucess\u00e3o familiar em <\/span><span style=\"color: #000000;\">neg\u00f3cios de fam\u00edlia, seguido pelo projeto Bastidores <\/span><span style=\"color: #000000;\">do Maria das Tran\u00e7as, com visita t\u00e9cnica pelas <\/span><span style=\"color: #000000;\">instala\u00e7\u00f5es da casa, e por fim um Happy Hour para l\u00e1 <\/span><span style=\"color: #000000;\">de \u201cbaum\u201d.<br \/><\/span><\/p><p><span style=\"color: #000000;\"><a href=\"https:\/\/www.vivagrandebh.com.br\/revista\/wp-content\/uploads\/2022\/11\/WhatsApp-Image-2022-11-08-at-18.10.59-2.jpeg\"><img decoding=\"async\" class=\"alignright wp-image-5889 size-medium\" src=\"https:\/\/www.vivagrandebh.com.br\/revista\/wp-content\/uploads\/2022\/11\/WhatsApp-Image-2022-11-08-at-18.10.59-2-135x300.jpeg\" alt=\"\" width=\"135\" height=\"300\" srcset=\"https:\/\/www.vivagrandebh.com.br\/revista\/wp-content\/uploads\/2022\/11\/WhatsApp-Image-2022-11-08-at-18.10.59-2-135x300.jpeg 135w, https:\/\/www.vivagrandebh.com.br\/revista\/wp-content\/uploads\/2022\/11\/WhatsApp-Image-2022-11-08-at-18.10.59-2-461x1024.jpeg 461w, https:\/\/www.vivagrandebh.com.br\/revista\/wp-content\/uploads\/2022\/11\/WhatsApp-Image-2022-11-08-at-18.10.59-2.jpeg 666w\" sizes=\"(max-width: 135px) 100vw, 135px\" \/><\/a>Neste encontro tiveram presen\u00e7as ilustres, de profissionais <\/span><span style=\"color: #000000;\">do segmento da gastronomia mineira, sendo eles, <\/span><span style=\"color: #000000;\">cozinheiros, professores, fornecedores e entre outros.<\/span><br \/><span style=\"color: #000000;\">O evento foi dividido em algumas etapas:<\/span><br \/><span style=\"color: #000000;\">Na primeira, os presentes assistiram \u00e0 palestra de Sucess\u00e3o <\/span><span style=\"color: #000000;\">familiar, ministrada por Ricardo Rodrigues, CEO do <\/span><span style=\"color: #000000;\">restaurante Maria das Tran\u00e7as.<\/span><br \/><span style=\"color: #000000;\">Na segunda etapa do encontro, os presentes fizeram uma <\/span><span style=\"color: #000000;\">visita t\u00e9cnica por todos os setores do restaurante, <\/span><span style=\"color: #000000;\">observando toda qualidade e seguran\u00e7a nos processos da <\/span><span style=\"color: #000000;\">casa.<\/span><br \/><span style=\"color: #000000;\">Por fim, houve um sorteio com alguns parceiros do encontro <\/span><span style=\"color: #000000;\">e um grande Happy Hour para todos.<\/span><\/p><p><strong><span style=\"color: #000000;\"><span style=\"color: #800000;\"><br \/>O QUE FOI FALADO NA PALESTRA?<\/span><\/span><\/strong><br \/><span style=\"color: #000000;\">Nesta palestra Ricardo Rodrigues transmite <\/span><span style=\"color: #000000;\">quais foram \u00e0s t\u00e9cnicas e t\u00e1ticas utilizadas <\/span><span style=\"color: #000000;\">para receber do seu pai o neg\u00f3cio com mais <\/span><span style=\"color: #000000;\">de 50 anos de mercado e como ele otimizou <\/span><span style=\"color: #000000;\">os padr\u00f5es de qualidade, e modernizou os <\/span><span style=\"color: #000000;\">aspectos de atendimento, tais como:<\/span><br \/><span style=\"color: #000000;\">Delivery, talkway, composi\u00e7\u00e3o de sistemas, <\/span><span style=\"color: #000000;\">entre outros. Tudo isso visto de forma<\/span><br \/><span style=\"color: #000000;\">sist\u00eamica para que o seu empreendimento <\/span><span style=\"color: #000000;\">n\u00e3o sofresse com a transi\u00e7\u00e3o familiar.<\/span><br \/><span style=\"color: #000000;\"><br \/><strong><span style=\"color: #800000;\">O QUE \u00c9 A VISITA <\/span><\/strong><\/span><strong><span style=\"color: #800000;\">T\u00c9CNICA <\/span><\/strong><strong><span style=\"color: #800000;\">NOS SETORES DO MARIA DAS TRAN\u00c7AS?<\/span><\/strong><br \/><span style=\"color: #000000;\"><a href=\"https:\/\/www.vivagrandebh.com.br\/revista\/wp-content\/uploads\/2022\/11\/WhatsApp-Image-2022-11-08-at-18.11.01-1.jpeg\"><img fetchpriority=\"high\" decoding=\"async\" class=\"alignleft size-medium wp-image-5890\" src=\"https:\/\/www.vivagrandebh.com.br\/revista\/wp-content\/uploads\/2022\/11\/WhatsApp-Image-2022-11-08-at-18.11.01-1-300x225.jpeg\" alt=\"\" width=\"300\" height=\"225\" srcset=\"https:\/\/www.vivagrandebh.com.br\/revista\/wp-content\/uploads\/2022\/11\/WhatsApp-Image-2022-11-08-at-18.11.01-1-300x225.jpeg 300w, https:\/\/www.vivagrandebh.com.br\/revista\/wp-content\/uploads\/2022\/11\/WhatsApp-Image-2022-11-08-at-18.11.01-1-1024x768.jpeg 1024w, https:\/\/www.vivagrandebh.com.br\/revista\/wp-content\/uploads\/2022\/11\/WhatsApp-Image-2022-11-08-at-18.11.01-1-768x576.jpeg 768w, https:\/\/www.vivagrandebh.com.br\/revista\/wp-content\/uploads\/2022\/11\/WhatsApp-Image-2022-11-08-at-18.11.01-1-1536x1152.jpeg 1536w, https:\/\/www.vivagrandebh.com.br\/revista\/wp-content\/uploads\/2022\/11\/WhatsApp-Image-2022-11-08-at-18.11.01-1.jpeg 1600w\" sizes=\"(max-width: 300px) 100vw, 300px\" \/><\/a>A visita t\u00e9cnica \u00e9 onde o Ricardo mostra para os convidados <\/span><span style=\"color: #000000;\">cada local do seu restaurante, desde o frigor\u00edfico at\u00e9 a <\/span><span style=\"color: #000000;\">mesa do cliente. O Maria das Tran\u00e7as \u00e9 o \u00fanico restaurante <\/span><span style=\"color: #000000;\">em Minas Gerais que possui a licen\u00e7a para o abate dos <\/span><span style=\"color: #000000;\">frangos.<\/span><br \/><span style=\"color: #000000;\">Sendo assim, os convidados conferiram como tudo \u00e9 <\/span><span style=\"color: #000000;\">setorizado e com 100% de seguran\u00e7a em seus devidos <\/span><span style=\"color: #000000;\">departamentos, visando sempre a qualidade de seus <\/span><span style=\"color: #000000;\">produtos para os clientes.<\/span><\/p><p><strong><span style=\"color: #800000;\">BRINDES<\/span><\/strong><br \/><span style=\"color: #000000;\">Ao final do encontro, rolou um happy hour para os convidados com <\/span><span style=\"color: #000000;\">direito a brindes, fornecidos pelos parceiros &#8220;Flor de Sal&#8221; e &#8220;Sabar\u00e1 do <\/span><span style=\"color: #000000;\">Sul&#8221;.<\/span><br \/><span style=\"color: #000000;\"><br \/><span style=\"color: #800000;\"><strong>JORNALISMO<\/strong><\/span><\/span><br \/><span style=\"color: #000000;\">Marcando presen\u00e7a no evento, n\u00e3o poderia faltar tamb\u00e9m, a revista <\/span><span style=\"color: #000000;\">&#8220;Viva Grande BH&#8221;.<\/span><br \/><span style=\"color: #000000;\">A equipe do encontro agradece a jornalista Poliana Ferreira por esta <\/span><span style=\"color: #000000;\">honra.<\/span><\/p><p><strong><span style=\"color: #800000;\">GASTRONOMIA<\/span><\/strong><br \/><span style=\"color: #000000;\">Como n\u00e3o poderia faltar, o encontro se encerrou com chave de ouro; <\/span><span style=\"color: #000000;\">Pastel de angu, p\u00e3o de queijo, batatinha e a cacha\u00e7a mineira. Este <\/span><span style=\"color: #000000;\">conjunto garantiu o sucesso do Happy Hour.<\/span><\/p><p><span style=\"color: #000000;\">\u00a0<\/span><\/p>\t\t\t\t\t\t<\/div>\n\t\t\t\t<\/div>\n\t\t\t\t\t<\/div>\n\t\t<\/div>\n\t\t\t\t\t\t\t<\/div>\n\t\t<\/section>\n\t\t\t\t<section class=\"elementor-section elementor-top-section elementor-element elementor-element-9af9776 elementor-section-boxed elementor-section-height-default elementor-section-height-default\" data-id=\"9af9776\" data-element_type=\"section\">\n\t\t\t\t\t\t<div class=\"elementor-container elementor-column-gap-default\">\n\t\t\t\t\t<div class=\"elementor-column elementor-col-100 elementor-top-column elementor-element elementor-element-aed0629\" data-id=\"aed0629\" data-element_type=\"column\">\n\t\t\t<div class=\"elementor-widget-wrap elementor-element-populated\">\n\t\t\t\t\t\t\t\t<div class=\"elementor-element elementor-element-5d1a998 elementor-widget elementor-widget-gallery\" data-id=\"5d1a998\" data-element_type=\"widget\" data-widget_type=\"gallery.default\">\n\t\t\t\t<div class=\"elementor-widget-container\">\n\t\t\t \t\t<\/div>\n\t\t\t\t<\/div>\n\t\t\t\t\t<\/div>\n\t\t<\/div>\n\t\t\t\t\t\t\t<\/div>\n\t\t<\/section>\n\t\t\t\t\t\t\t<\/div>\n\t\t","protected":false},"excerpt":{"rendered":"<p>No dia 07\/11 (ter\u00e7a-feira) a professora Rosilene Campolina e o Ricardo Rodrigues do projeto Bastidores juntamente com grupo &#8220;\u00c9 junto do b\u00e3o que a gente fica mi\u00f3&#8221; estiveram presentes no |Restaurante Maria das Tran\u00e7as para uma experi\u00eancia muito especial. Um bate-papo e palestra sobre sucess\u00e3o familiar em neg\u00f3cios de fam\u00edlia, seguido pelo projeto Bastidores do [&hellip;]<\/p>\n","protected":false},"author":3,"featured_media":5887,"comment_status":"closed","ping_status":"open","sticky":false,"template":"","format":"standard","meta":{"footnotes":""},"categories":[77,103],"tags":[],"yoast_head":"<!-- This site is optimized with the Yoast SEO plugin v21.7 - https:\/\/yoast.com\/wordpress\/plugins\/seo\/ -->\n<title>O que rolou no Maria das Tran\u00e7as - Revista Viva Grande BH<\/title>\n<meta name=\"robots\" content=\"index, follow, max-snippet:-1, max-image-preview:large, max-video-preview:-1\" \/>\n<link rel=\"canonical\" href=\"https:\/\/www.vivagrandebh.com.br\/revista\/o-que-rolou-no-maria-das-trancas\/\" \/>\n<meta property=\"og:locale\" content=\"pt_BR\" \/>\n<meta property=\"og:type\" content=\"article\" \/>\n<meta property=\"og:title\" content=\"O que rolou no Maria das Tran\u00e7as - Revista Viva Grande BH\" \/>\n<meta property=\"og:description\" content=\"No dia 07\/11 (ter\u00e7a-feira) a professora Rosilene Campolina e o Ricardo Rodrigues do projeto Bastidores juntamente com grupo &#8220;\u00c9 junto do b\u00e3o que a gente fica mi\u00f3&#8221; estiveram presentes no |Restaurante Maria das Tran\u00e7as para uma experi\u00eancia muito especial. Um bate-papo e palestra sobre sucess\u00e3o familiar em neg\u00f3cios de fam\u00edlia, seguido pelo projeto Bastidores do [&hellip;]\" \/>\n<meta property=\"og:url\" content=\"https:\/\/www.vivagrandebh.com.br\/revista\/o-que-rolou-no-maria-das-trancas\/\" \/>\n<meta property=\"og:site_name\" content=\"Revista Viva Grande BH\" \/>\n<meta property=\"article:publisher\" content=\"https:\/\/www.facebook.com\/revistavivagdebh\/\" \/>\n<meta property=\"article:published_time\" content=\"2022-11-10T18:04:09+00:00\" \/>\n<meta property=\"og:image\" content=\"https:\/\/www.vivagrandebh.com.br\/revista\/wp-content\/uploads\/2022\/11\/WhatsApp-Image-2022-11-08-at-18.11.00-3.jpeg\" \/>\n\t<meta property=\"og:image:width\" content=\"1600\" \/>\n\t<meta property=\"og:image:height\" content=\"1200\" \/>\n\t<meta property=\"og:image:type\" content=\"image\/jpeg\" \/>\n<meta name=\"author\" content=\"VivaOnline\" \/>\n<meta name=\"twitter:card\" content=\"summary_large_image\" \/>\n<meta name=\"twitter:label1\" content=\"Escrito por\" \/>\n\t<meta name=\"twitter:data1\" content=\"VivaOnline\" \/>\n\t<meta name=\"twitter:label2\" content=\"Est. tempo de leitura\" \/>\n\t<meta name=\"twitter:data2\" content=\"3 minutos\" \/>\n<script type=\"application\/ld+json\" class=\"yoast-schema-graph\">{\"@context\":\"https:\/\/schema.org\",\"@graph\":[{\"@type\":\"Article\",\"@id\":\"https:\/\/www.vivagrandebh.com.br\/revista\/o-que-rolou-no-maria-das-trancas\/#article\",\"isPartOf\":{\"@id\":\"https:\/\/www.vivagrandebh.com.br\/revista\/o-que-rolou-no-maria-das-trancas\/\"},\"author\":{\"name\":\"VivaOnline\",\"@id\":\"https:\/\/www.vivagrandebh.com.br\/revista\/#\/schema\/person\/f73d5d0d49e47e0d943eeca2fc6a3b6b\"},\"headline\":\"O que rolou no Maria das Tran\u00e7as\",\"datePublished\":\"2022-11-10T18:04:09+00:00\",\"dateModified\":\"2022-11-10T18:04:09+00:00\",\"mainEntityOfPage\":{\"@id\":\"https:\/\/www.vivagrandebh.com.br\/revista\/o-que-rolou-no-maria-das-trancas\/\"},\"wordCount\":440,\"publisher\":{\"@id\":\"https:\/\/www.vivagrandebh.com.br\/revista\/#organization\"},\"articleSection\":[\"Agenda\",\"Bem Estar Social\"],\"inLanguage\":\"pt-BR\"},{\"@type\":\"WebPage\",\"@id\":\"https:\/\/www.vivagrandebh.com.br\/revista\/o-que-rolou-no-maria-das-trancas\/\",\"url\":\"https:\/\/www.vivagrandebh.com.br\/revista\/o-que-rolou-no-maria-das-trancas\/\",\"name\":\"O que rolou no Maria das Tran\u00e7as - Revista Viva Grande BH\",\"isPartOf\":{\"@id\":\"https:\/\/www.vivagrandebh.com.br\/revista\/#website\"},\"datePublished\":\"2022-11-10T18:04:09+00:00\",\"dateModified\":\"2022-11-10T18:04:09+00:00\",\"breadcrumb\":{\"@id\":\"https:\/\/www.vivagrandebh.com.br\/revista\/o-que-rolou-no-maria-das-trancas\/#breadcrumb\"},\"inLanguage\":\"pt-BR\",\"potentialAction\":[{\"@type\":\"ReadAction\",\"target\":[\"https:\/\/www.vivagrandebh.com.br\/revista\/o-que-rolou-no-maria-das-trancas\/\"]}]},{\"@type\":\"BreadcrumbList\",\"@id\":\"https:\/\/www.vivagrandebh.com.br\/revista\/o-que-rolou-no-maria-das-trancas\/#breadcrumb\",\"itemListElement\":[{\"@type\":\"ListItem\",\"position\":1,\"name\":\"In\u00edcio\",\"item\":\"https:\/\/www.vivagrandebh.com.br\/revista\/\"},{\"@type\":\"ListItem\",\"position\":2,\"name\":\"O que rolou no Maria das Tran\u00e7as\"}]},{\"@type\":\"WebSite\",\"@id\":\"https:\/\/www.vivagrandebh.com.br\/revista\/#website\",\"url\":\"https:\/\/www.vivagrandebh.com.br\/revista\/\",\"name\":\"Revista Viva Grande BH\",\"description\":\"a Viva Grande BH leva ao leitor informa\u00e7\u00f5es de qualidade sobre turismo, esporte, arte e cultura, economia, mercado e pol\u00edtica.\",\"publisher\":{\"@id\":\"https:\/\/www.vivagrandebh.com.br\/revista\/#organization\"},\"potentialAction\":[{\"@type\":\"SearchAction\",\"target\":{\"@type\":\"EntryPoint\",\"urlTemplate\":\"https:\/\/www.vivagrandebh.com.br\/revista\/?s={search_term_string}\"},\"query-input\":\"required name=search_term_string\"}],\"inLanguage\":\"pt-BR\"},{\"@type\":\"Organization\",\"@id\":\"https:\/\/www.vivagrandebh.com.br\/revista\/#organization\",\"name\":\"Revista Viva\",\"url\":\"https:\/\/www.vivagrandebh.com.br\/revista\/\",\"logo\":{\"@type\":\"ImageObject\",\"inLanguage\":\"pt-BR\",\"@id\":\"https:\/\/www.vivagrandebh.com.br\/revista\/#\/schema\/logo\/image\/\",\"url\":\"https:\/\/www.vivagrandebh.com.br\/revista\/wp-content\/uploads\/2020\/07\/logo-viva-e1599687783656.png\",\"contentUrl\":\"https:\/\/www.vivagrandebh.com.br\/revista\/wp-content\/uploads\/2020\/07\/logo-viva-e1599687783656.png\",\"width\":300,\"height\":90,\"caption\":\"Revista Viva\"},\"image\":{\"@id\":\"https:\/\/www.vivagrandebh.com.br\/revista\/#\/schema\/logo\/image\/\"},\"sameAs\":[\"https:\/\/www.facebook.com\/revistavivagdebh\/\",\"https:\/\/www.instagram.com\/vivagrandebh\/?hl=pt-br\",\"https:\/\/www.youtube.com\/channel\/UCmdQd1O5bVMGARYL5RU8H-w\/about\"]},{\"@type\":\"Person\",\"@id\":\"https:\/\/www.vivagrandebh.com.br\/revista\/#\/schema\/person\/f73d5d0d49e47e0d943eeca2fc6a3b6b\",\"name\":\"VivaOnline\",\"image\":{\"@type\":\"ImageObject\",\"inLanguage\":\"pt-BR\",\"@id\":\"https:\/\/www.vivagrandebh.com.br\/revista\/#\/schema\/person\/image\/\",\"url\":\"https:\/\/secure.gravatar.com\/avatar\/7feec83b98a3f1834b033ae814fc2b75?s=96&d=mm&r=g\",\"contentUrl\":\"https:\/\/secure.gravatar.com\/avatar\/7feec83b98a3f1834b033ae814fc2b75?s=96&d=mm&r=g\",\"caption\":\"VivaOnline\"},\"url\":\"https:\/\/www.vivagrandebh.com.br\/revista\/author\/vivaonline\/\"}]}<\/script>\n<!-- \/ Yoast SEO plugin. -->","yoast_head_json":{"title":"O que rolou no Maria das Tran\u00e7as - Revista Viva Grande BH","robots":{"index":"index","follow":"follow","max-snippet":"max-snippet:-1","max-image-preview":"max-image-preview:large","max-video-preview":"max-video-preview:-1"},"canonical":"https:\/\/www.vivagrandebh.com.br\/revista\/o-que-rolou-no-maria-das-trancas\/","og_locale":"pt_BR","og_type":"article","og_title":"O que rolou no Maria das Tran\u00e7as - Revista Viva Grande BH","og_description":"No dia 07\/11 (ter\u00e7a-feira) a professora Rosilene Campolina e o Ricardo Rodrigues do projeto Bastidores juntamente com grupo &#8220;\u00c9 junto do b\u00e3o que a gente fica mi\u00f3&#8221; estiveram presentes no |Restaurante Maria das Tran\u00e7as para uma experi\u00eancia muito especial. Um bate-papo e palestra sobre sucess\u00e3o familiar em neg\u00f3cios de fam\u00edlia, seguido pelo projeto Bastidores do [&hellip;]","og_url":"https:\/\/www.vivagrandebh.com.br\/revista\/o-que-rolou-no-maria-das-trancas\/","og_site_name":"Revista Viva Grande BH","article_publisher":"https:\/\/www.facebook.com\/revistavivagdebh\/","article_published_time":"2022-11-10T18:04:09+00:00","og_image":[{"width":1600,"height":1200,"url":"https:\/\/www.vivagrandebh.com.br\/revista\/wp-content\/uploads\/2022\/11\/WhatsApp-Image-2022-11-08-at-18.11.00-3.jpeg","type":"image\/jpeg"}],"author":"VivaOnline","twitter_card":"summary_large_image","twitter_misc":{"Escrito por":"VivaOnline","Est. tempo de leitura":"3 minutos"},"schema":{"@context":"https:\/\/schema.org","@graph":[{"@type":"Article","@id":"https:\/\/www.vivagrandebh.com.br\/revista\/o-que-rolou-no-maria-das-trancas\/#article","isPartOf":{"@id":"https:\/\/www.vivagrandebh.com.br\/revista\/o-que-rolou-no-maria-das-trancas\/"},"author":{"name":"VivaOnline","@id":"https:\/\/www.vivagrandebh.com.br\/revista\/#\/schema\/person\/f73d5d0d49e47e0d943eeca2fc6a3b6b"},"headline":"O que rolou no Maria das Tran\u00e7as","datePublished":"2022-11-10T18:04:09+00:00","dateModified":"2022-11-10T18:04:09+00:00","mainEntityOfPage":{"@id":"https:\/\/www.vivagrandebh.com.br\/revista\/o-que-rolou-no-maria-das-trancas\/"},"wordCount":440,"publisher":{"@id":"https:\/\/www.vivagrandebh.com.br\/revista\/#organization"},"articleSection":["Agenda","Bem Estar Social"],"inLanguage":"pt-BR"},{"@type":"WebPage","@id":"https:\/\/www.vivagrandebh.com.br\/revista\/o-que-rolou-no-maria-das-trancas\/","url":"https:\/\/www.vivagrandebh.com.br\/revista\/o-que-rolou-no-maria-das-trancas\/","name":"O que rolou no Maria das Tran\u00e7as - Revista Viva Grande BH","isPartOf":{"@id":"https:\/\/www.vivagrandebh.com.br\/revista\/#website"},"datePublished":"2022-11-10T18:04:09+00:00","dateModified":"2022-11-10T18:04:09+00:00","breadcrumb":{"@id":"https:\/\/www.vivagrandebh.com.br\/revista\/o-que-rolou-no-maria-das-trancas\/#breadcrumb"},"inLanguage":"pt-BR","potentialAction":[{"@type":"ReadAction","target":["https:\/\/www.vivagrandebh.com.br\/revista\/o-que-rolou-no-maria-das-trancas\/"]}]},{"@type":"BreadcrumbList","@id":"https:\/\/www.vivagrandebh.com.br\/revista\/o-que-rolou-no-maria-das-trancas\/#breadcrumb","itemListElement":[{"@type":"ListItem","position":1,"name":"In\u00edcio","item":"https:\/\/www.vivagrandebh.com.br\/revista\/"},{"@type":"ListItem","position":2,"name":"O que rolou no Maria das Tran\u00e7as"}]},{"@type":"WebSite","@id":"https:\/\/www.vivagrandebh.com.br\/revista\/#website","url":"https:\/\/www.vivagrandebh.com.br\/revista\/","name":"Revista Viva Grande BH","description":"a Viva Grande BH leva ao leitor informa\u00e7\u00f5es de qualidade sobre turismo, esporte, arte e cultura, economia, mercado e pol\u00edtica.","publisher":{"@id":"https:\/\/www.vivagrandebh.com.br\/revista\/#organization"},"potentialAction":[{"@type":"SearchAction","target":{"@type":"EntryPoint","urlTemplate":"https:\/\/www.vivagrandebh.com.br\/revista\/?s={search_term_string}"},"query-input":"required name=search_term_string"}],"inLanguage":"pt-BR"},{"@type":"Organization","@id":"https:\/\/www.vivagrandebh.com.br\/revista\/#organization","name":"Revista Viva","url":"https:\/\/www.vivagrandebh.com.br\/revista\/","logo":{"@type":"ImageObject","inLanguage":"pt-BR","@id":"https:\/\/www.vivagrandebh.com.br\/revista\/#\/schema\/logo\/image\/","url":"https:\/\/www.vivagrandebh.com.br\/revista\/wp-content\/uploads\/2020\/07\/logo-viva-e1599687783656.png","contentUrl":"https:\/\/www.vivagrandebh.com.br\/revista\/wp-content\/uploads\/2020\/07\/logo-viva-e1599687783656.png","width":300,"height":90,"caption":"Revista Viva"},"image":{"@id":"https:\/\/www.vivagrandebh.com.br\/revista\/#\/schema\/logo\/image\/"},"sameAs":["https:\/\/www.facebook.com\/revistavivagdebh\/","https:\/\/www.instagram.com\/vivagrandebh\/?hl=pt-br","https:\/\/www.youtube.com\/channel\/UCmdQd1O5bVMGARYL5RU8H-w\/about"]},{"@type":"Person","@id":"https:\/\/www.vivagrandebh.com.br\/revista\/#\/schema\/person\/f73d5d0d49e47e0d943eeca2fc6a3b6b","name":"VivaOnline","image":{"@type":"ImageObject","inLanguage":"pt-BR","@id":"https:\/\/www.vivagrandebh.com.br\/revista\/#\/schema\/person\/image\/","url":"https:\/\/secure.gravatar.com\/avatar\/7feec83b98a3f1834b033ae814fc2b75?s=96&d=mm&r=g","contentUrl":"https:\/\/secure.gravatar.com\/avatar\/7feec83b98a3f1834b033ae814fc2b75?s=96&d=mm&r=g","caption":"VivaOnline"},"url":"https:\/\/www.vivagrandebh.com.br\/revista\/author\/vivaonline\/"}]}},"_links":{"self":[{"href":"https:\/\/www.vivagrandebh.com.br\/revista\/wp-json\/wp\/v2\/posts\/5880"}],"collection":[{"href":"https:\/\/www.vivagrandebh.com.br\/revista\/wp-json\/wp\/v2\/posts"}],"about":[{"href":"https:\/\/www.vivagrandebh.com.br\/revista\/wp-json\/wp\/v2\/types\/post"}],"author":[{"embeddable":true,"href":"https:\/\/www.vivagrandebh.com.br\/revista\/wp-json\/wp\/v2\/users\/3"}],"replies":[{"embeddable":true,"href":"https:\/\/www.vivagrandebh.com.br\/revista\/wp-json\/wp\/v2\/comments?post=5880"}],"version-history":[{"count":11,"href":"https:\/\/www.vivagrandebh.com.br\/revista\/wp-json\/wp\/v2\/posts\/5880\/revisions"}],"predecessor-version":[{"id":5916,"href":"https:\/\/www.vivagrandebh.com.br\/revista\/wp-json\/wp\/v2\/posts\/5880\/revisions\/5916"}],"wp:featuredmedia":[{"embeddable":true,"href":"https:\/\/www.vivagrandebh.com.br\/revista\/wp-json\/wp\/v2\/media\/5887"}],"wp:attachment":[{"href":"https:\/\/www.vivagrandebh.com.br\/revista\/wp-json\/wp\/v2\/media?parent=5880"}],"wp:term":[{"taxonomy":"category","embeddable":true,"href":"https:\/\/www.vivagrandebh.com.br\/revista\/wp-json\/wp\/v2\/categories?post=5880"},{"taxonomy":"post_tag","embeddable":true,"href":"https:\/\/www.vivagrandebh.com.br\/revista\/wp-json\/wp\/v2\/tags?post=5880"}],"curies":[{"name":"wp","href":"https:\/\/api.w.org\/{rel}","templated":true}]}}