{"id":5856,"date":"2022-10-13T17:14:59","date_gmt":"2022-10-13T20:14:59","guid":{"rendered":"https:\/\/www.vivagrandebh.com.br\/revista\/?p=5856"},"modified":"2022-10-13T17:14:59","modified_gmt":"2022-10-13T20:14:59","slug":"nova-loja-o-boticario-uma-experiencia-de-amor-e-leveza","status":"publish","type":"post","link":"https:\/\/www.vivagrandebh.com.br\/revista\/nova-loja-o-boticario-uma-experiencia-de-amor-e-leveza\/","title":{"rendered":"Nova loja O Botic\u00e1rio: Uma experi\u00eancia de amor e leveza."},"content":{"rendered":"\t\t<div data-elementor-type=\"wp-post\" data-elementor-id=\"5856\" class=\"elementor elementor-5856\">\n\t\t\t\t\t\t\t\t\t<section class=\"elementor-section elementor-top-section elementor-element elementor-element-8efc167 elementor-section-boxed elementor-section-height-default elementor-section-height-default\" data-id=\"8efc167\" data-element_type=\"section\">\n\t\t\t\t\t\t<div class=\"elementor-container elementor-column-gap-default\">\n\t\t\t\t\t<div class=\"elementor-column elementor-col-100 elementor-top-column elementor-element elementor-element-dcf0bb5\" data-id=\"dcf0bb5\" data-element_type=\"column\">\n\t\t\t<div class=\"elementor-widget-wrap elementor-element-populated\">\n\t\t\t\t\t\t\t\t<div class=\"elementor-element elementor-element-18aca50 elementor-widget elementor-widget-text-editor\" data-id=\"18aca50\" data-element_type=\"widget\" data-widget_type=\"text-editor.default\">\n\t\t\t\t<div class=\"elementor-widget-container\">\n\t\t\t\t\t\t\t<p><span style=\"color: #000000;\">O S\u00f3 Marcas Outlet ganhou na manh\u00e3 do dia 13 de outubro um presente antecipado para fomentar ainda mais as vendas de final de ano.<\/span><br \/><span style=\"color: #000000;\">O franqueado Marco Aur\u00e9lio Figueir\u00f3 \u00a0inaugurou naquele espa\u00e7o uma loja O Botic\u00e1rio. <\/span><br \/><span style=\"color: #000000;\">H\u00e1 33 anos atuando como franqueados do Botic\u00e1rio na cidade de Contagem, os empres\u00e1rios Marco Aur\u00e9lio Figueir\u00f3 e Sayonara Figueir\u00f3 assumiram as franquias das cidades de Betim, S\u00e3o Joaquim de Bicas e Igarap\u00e9.<\/span><br \/><span style=\"color: #000000;\">Os empres\u00e1rios \u00a0operam hoje com 30 lojas (O Botic\u00e1rio e Quem Disse Berenice) e 3 centrais de Distribui\u00e7\u00e3o com mais de 200 funcion\u00e1rios diretos.<\/span><br \/><span style=\"color: #000000;\">O casal mostra \u00a0responsabilidade com o desenvolvimento econ\u00f4mico e gera\u00e7\u00e3o de emprego na regi\u00e3o metropolitana.<\/span><\/p><div class=\"yj6qo\">\u00a0<\/div><div class=\"adL\">\u00a0<\/div>\t\t\t\t\t\t<\/div>\n\t\t\t\t<\/div>\n\t\t\t\t\t<\/div>\n\t\t<\/div>\n\t\t\t\t\t\t\t<\/div>\n\t\t<\/section>\n\t\t\t\t\t\t\t<\/div>\n\t\t","protected":false},"excerpt":{"rendered":"<p>O S\u00f3 Marcas Outlet ganhou na manh\u00e3 do dia 13 de outubro um presente antecipado para fomentar ainda mais as vendas de final de ano. O franqueado Marco Aur\u00e9lio Figueir\u00f3 \u00a0inaugurou naquele espa\u00e7o uma loja O Botic\u00e1rio. H\u00e1 33 anos atuando como franqueados do Botic\u00e1rio na cidade de Contagem, os empres\u00e1rios Marco Aur\u00e9lio Figueir\u00f3 e [&hellip;]<\/p>\n","protected":false},"author":3,"featured_media":5857,"comment_status":"closed","ping_status":"open","sticky":false,"template":"","format":"standard","meta":{"footnotes":""},"categories":[64],"tags":[],"yoast_head":"<!-- This site is optimized with the Yoast SEO plugin v21.7 - https:\/\/yoast.com\/wordpress\/plugins\/seo\/ -->\n<title>Nova loja O Botic\u00e1rio: Uma experi\u00eancia de amor e leveza. - Revista Viva Grande BH<\/title>\n<meta name=\"robots\" content=\"index, follow, max-snippet:-1, max-image-preview:large, max-video-preview:-1\" \/>\n<link rel=\"canonical\" href=\"https:\/\/www.vivagrandebh.com.br\/revista\/nova-loja-o-boticario-uma-experiencia-de-amor-e-leveza\/\" \/>\n<meta property=\"og:locale\" content=\"pt_BR\" \/>\n<meta property=\"og:type\" content=\"article\" \/>\n<meta property=\"og:title\" content=\"Nova loja O Botic\u00e1rio: Uma experi\u00eancia de amor e leveza. - Revista Viva Grande BH\" \/>\n<meta property=\"og:description\" content=\"O S\u00f3 Marcas Outlet ganhou na manh\u00e3 do dia 13 de outubro um presente antecipado para fomentar ainda mais as vendas de final de ano. O franqueado Marco Aur\u00e9lio Figueir\u00f3 \u00a0inaugurou naquele espa\u00e7o uma loja O Botic\u00e1rio. H\u00e1 33 anos atuando como franqueados do Botic\u00e1rio na cidade de Contagem, os empres\u00e1rios Marco Aur\u00e9lio Figueir\u00f3 e [&hellip;]\" \/>\n<meta property=\"og:url\" content=\"https:\/\/www.vivagrandebh.com.br\/revista\/nova-loja-o-boticario-uma-experiencia-de-amor-e-leveza\/\" \/>\n<meta property=\"og:site_name\" content=\"Revista Viva Grande BH\" \/>\n<meta property=\"article:publisher\" content=\"https:\/\/www.facebook.com\/revistavivagdebh\/\" \/>\n<meta property=\"article:published_time\" content=\"2022-10-13T20:14:59+00:00\" \/>\n<meta property=\"og:image\" content=\"https:\/\/www.vivagrandebh.com.br\/revista\/wp-content\/uploads\/2022\/10\/Botica.jpg\" \/>\n\t<meta property=\"og:image:width\" content=\"767\" \/>\n\t<meta property=\"og:image:height\" content=\"560\" \/>\n\t<meta property=\"og:image:type\" content=\"image\/jpeg\" \/>\n<meta name=\"author\" content=\"VivaOnline\" \/>\n<meta name=\"twitter:card\" content=\"summary_large_image\" \/>\n<meta name=\"twitter:label1\" content=\"Escrito por\" \/>\n\t<meta name=\"twitter:data1\" content=\"VivaOnline\" \/>\n\t<meta name=\"twitter:label2\" content=\"Est. tempo de leitura\" \/>\n\t<meta name=\"twitter:data2\" content=\"1 minuto\" \/>\n<script type=\"application\/ld+json\" class=\"yoast-schema-graph\">{\"@context\":\"https:\/\/schema.org\",\"@graph\":[{\"@type\":\"Article\",\"@id\":\"https:\/\/www.vivagrandebh.com.br\/revista\/nova-loja-o-boticario-uma-experiencia-de-amor-e-leveza\/#article\",\"isPartOf\":{\"@id\":\"https:\/\/www.vivagrandebh.com.br\/revista\/nova-loja-o-boticario-uma-experiencia-de-amor-e-leveza\/\"},\"author\":{\"name\":\"VivaOnline\",\"@id\":\"https:\/\/www.vivagrandebh.com.br\/revista\/#\/schema\/person\/f73d5d0d49e47e0d943eeca2fc6a3b6b\"},\"headline\":\"Nova loja O Botic\u00e1rio: Uma experi\u00eancia de amor e leveza.\",\"datePublished\":\"2022-10-13T20:14:59+00:00\",\"dateModified\":\"2022-10-13T20:14:59+00:00\",\"mainEntityOfPage\":{\"@id\":\"https:\/\/www.vivagrandebh.com.br\/revista\/nova-loja-o-boticario-uma-experiencia-de-amor-e-leveza\/\"},\"wordCount\":130,\"publisher\":{\"@id\":\"https:\/\/www.vivagrandebh.com.br\/revista\/#organization\"},\"articleSection\":[\"Neg\u00f3cios e Empreendedorismo\"],\"inLanguage\":\"pt-BR\"},{\"@type\":\"WebPage\",\"@id\":\"https:\/\/www.vivagrandebh.com.br\/revista\/nova-loja-o-boticario-uma-experiencia-de-amor-e-leveza\/\",\"url\":\"https:\/\/www.vivagrandebh.com.br\/revista\/nova-loja-o-boticario-uma-experiencia-de-amor-e-leveza\/\",\"name\":\"Nova loja O Botic\u00e1rio: Uma experi\u00eancia de amor e leveza. - Revista Viva Grande BH\",\"isPartOf\":{\"@id\":\"https:\/\/www.vivagrandebh.com.br\/revista\/#website\"},\"datePublished\":\"2022-10-13T20:14:59+00:00\",\"dateModified\":\"2022-10-13T20:14:59+00:00\",\"breadcrumb\":{\"@id\":\"https:\/\/www.vivagrandebh.com.br\/revista\/nova-loja-o-boticario-uma-experiencia-de-amor-e-leveza\/#breadcrumb\"},\"inLanguage\":\"pt-BR\",\"potentialAction\":[{\"@type\":\"ReadAction\",\"target\":[\"https:\/\/www.vivagrandebh.com.br\/revista\/nova-loja-o-boticario-uma-experiencia-de-amor-e-leveza\/\"]}]},{\"@type\":\"BreadcrumbList\",\"@id\":\"https:\/\/www.vivagrandebh.com.br\/revista\/nova-loja-o-boticario-uma-experiencia-de-amor-e-leveza\/#breadcrumb\",\"itemListElement\":[{\"@type\":\"ListItem\",\"position\":1,\"name\":\"In\u00edcio\",\"item\":\"https:\/\/www.vivagrandebh.com.br\/revista\/\"},{\"@type\":\"ListItem\",\"position\":2,\"name\":\"Nova loja O Botic\u00e1rio: Uma experi\u00eancia de amor e leveza.\"}]},{\"@type\":\"WebSite\",\"@id\":\"https:\/\/www.vivagrandebh.com.br\/revista\/#website\",\"url\":\"https:\/\/www.vivagrandebh.com.br\/revista\/\",\"name\":\"Revista Viva Grande BH\",\"description\":\"a Viva Grande BH leva ao leitor informa\u00e7\u00f5es de qualidade sobre turismo, esporte, arte e cultura, economia, mercado e pol\u00edtica.\",\"publisher\":{\"@id\":\"https:\/\/www.vivagrandebh.com.br\/revista\/#organization\"},\"potentialAction\":[{\"@type\":\"SearchAction\",\"target\":{\"@type\":\"EntryPoint\",\"urlTemplate\":\"https:\/\/www.vivagrandebh.com.br\/revista\/?s={search_term_string}\"},\"query-input\":\"required name=search_term_string\"}],\"inLanguage\":\"pt-BR\"},{\"@type\":\"Organization\",\"@id\":\"https:\/\/www.vivagrandebh.com.br\/revista\/#organization\",\"name\":\"Revista Viva\",\"url\":\"https:\/\/www.vivagrandebh.com.br\/revista\/\",\"logo\":{\"@type\":\"ImageObject\",\"inLanguage\":\"pt-BR\",\"@id\":\"https:\/\/www.vivagrandebh.com.br\/revista\/#\/schema\/logo\/image\/\",\"url\":\"https:\/\/www.vivagrandebh.com.br\/revista\/wp-content\/uploads\/2020\/07\/logo-viva-e1599687783656.png\",\"contentUrl\":\"https:\/\/www.vivagrandebh.com.br\/revista\/wp-content\/uploads\/2020\/07\/logo-viva-e1599687783656.png\",\"width\":300,\"height\":90,\"caption\":\"Revista Viva\"},\"image\":{\"@id\":\"https:\/\/www.vivagrandebh.com.br\/revista\/#\/schema\/logo\/image\/\"},\"sameAs\":[\"https:\/\/www.facebook.com\/revistavivagdebh\/\",\"https:\/\/www.instagram.com\/vivagrandebh\/?hl=pt-br\",\"https:\/\/www.youtube.com\/channel\/UCmdQd1O5bVMGARYL5RU8H-w\/about\"]},{\"@type\":\"Person\",\"@id\":\"https:\/\/www.vivagrandebh.com.br\/revista\/#\/schema\/person\/f73d5d0d49e47e0d943eeca2fc6a3b6b\",\"name\":\"VivaOnline\",\"image\":{\"@type\":\"ImageObject\",\"inLanguage\":\"pt-BR\",\"@id\":\"https:\/\/www.vivagrandebh.com.br\/revista\/#\/schema\/person\/image\/\",\"url\":\"https:\/\/secure.gravatar.com\/avatar\/7feec83b98a3f1834b033ae814fc2b75?s=96&d=mm&r=g\",\"contentUrl\":\"https:\/\/secure.gravatar.com\/avatar\/7feec83b98a3f1834b033ae814fc2b75?s=96&d=mm&r=g\",\"caption\":\"VivaOnline\"},\"url\":\"https:\/\/www.vivagrandebh.com.br\/revista\/author\/vivaonline\/\"}]}<\/script>\n<!-- \/ Yoast SEO plugin. -->","yoast_head_json":{"title":"Nova loja O Botic\u00e1rio: Uma experi\u00eancia de amor e leveza. - Revista Viva Grande BH","robots":{"index":"index","follow":"follow","max-snippet":"max-snippet:-1","max-image-preview":"max-image-preview:large","max-video-preview":"max-video-preview:-1"},"canonical":"https:\/\/www.vivagrandebh.com.br\/revista\/nova-loja-o-boticario-uma-experiencia-de-amor-e-leveza\/","og_locale":"pt_BR","og_type":"article","og_title":"Nova loja O Botic\u00e1rio: Uma experi\u00eancia de amor e leveza. - Revista Viva Grande BH","og_description":"O S\u00f3 Marcas Outlet ganhou na manh\u00e3 do dia 13 de outubro um presente antecipado para fomentar ainda mais as vendas de final de ano. O franqueado Marco Aur\u00e9lio Figueir\u00f3 \u00a0inaugurou naquele espa\u00e7o uma loja O Botic\u00e1rio. H\u00e1 33 anos atuando como franqueados do Botic\u00e1rio na cidade de Contagem, os empres\u00e1rios Marco Aur\u00e9lio Figueir\u00f3 e [&hellip;]","og_url":"https:\/\/www.vivagrandebh.com.br\/revista\/nova-loja-o-boticario-uma-experiencia-de-amor-e-leveza\/","og_site_name":"Revista Viva Grande BH","article_publisher":"https:\/\/www.facebook.com\/revistavivagdebh\/","article_published_time":"2022-10-13T20:14:59+00:00","og_image":[{"width":767,"height":560,"url":"https:\/\/www.vivagrandebh.com.br\/revista\/wp-content\/uploads\/2022\/10\/Botica.jpg","type":"image\/jpeg"}],"author":"VivaOnline","twitter_card":"summary_large_image","twitter_misc":{"Escrito por":"VivaOnline","Est. tempo de leitura":"1 minuto"},"schema":{"@context":"https:\/\/schema.org","@graph":[{"@type":"Article","@id":"https:\/\/www.vivagrandebh.com.br\/revista\/nova-loja-o-boticario-uma-experiencia-de-amor-e-leveza\/#article","isPartOf":{"@id":"https:\/\/www.vivagrandebh.com.br\/revista\/nova-loja-o-boticario-uma-experiencia-de-amor-e-leveza\/"},"author":{"name":"VivaOnline","@id":"https:\/\/www.vivagrandebh.com.br\/revista\/#\/schema\/person\/f73d5d0d49e47e0d943eeca2fc6a3b6b"},"headline":"Nova loja O Botic\u00e1rio: Uma experi\u00eancia de amor e leveza.","datePublished":"2022-10-13T20:14:59+00:00","dateModified":"2022-10-13T20:14:59+00:00","mainEntityOfPage":{"@id":"https:\/\/www.vivagrandebh.com.br\/revista\/nova-loja-o-boticario-uma-experiencia-de-amor-e-leveza\/"},"wordCount":130,"publisher":{"@id":"https:\/\/www.vivagrandebh.com.br\/revista\/#organization"},"articleSection":["Neg\u00f3cios e Empreendedorismo"],"inLanguage":"pt-BR"},{"@type":"WebPage","@id":"https:\/\/www.vivagrandebh.com.br\/revista\/nova-loja-o-boticario-uma-experiencia-de-amor-e-leveza\/","url":"https:\/\/www.vivagrandebh.com.br\/revista\/nova-loja-o-boticario-uma-experiencia-de-amor-e-leveza\/","name":"Nova loja O Botic\u00e1rio: Uma experi\u00eancia de amor e leveza. - Revista Viva Grande BH","isPartOf":{"@id":"https:\/\/www.vivagrandebh.com.br\/revista\/#website"},"datePublished":"2022-10-13T20:14:59+00:00","dateModified":"2022-10-13T20:14:59+00:00","breadcrumb":{"@id":"https:\/\/www.vivagrandebh.com.br\/revista\/nova-loja-o-boticario-uma-experiencia-de-amor-e-leveza\/#breadcrumb"},"inLanguage":"pt-BR","potentialAction":[{"@type":"ReadAction","target":["https:\/\/www.vivagrandebh.com.br\/revista\/nova-loja-o-boticario-uma-experiencia-de-amor-e-leveza\/"]}]},{"@type":"BreadcrumbList","@id":"https:\/\/www.vivagrandebh.com.br\/revista\/nova-loja-o-boticario-uma-experiencia-de-amor-e-leveza\/#breadcrumb","itemListElement":[{"@type":"ListItem","position":1,"name":"In\u00edcio","item":"https:\/\/www.vivagrandebh.com.br\/revista\/"},{"@type":"ListItem","position":2,"name":"Nova loja O Botic\u00e1rio: Uma experi\u00eancia de amor e leveza."}]},{"@type":"WebSite","@id":"https:\/\/www.vivagrandebh.com.br\/revista\/#website","url":"https:\/\/www.vivagrandebh.com.br\/revista\/","name":"Revista Viva Grande BH","description":"a Viva Grande BH leva ao leitor informa\u00e7\u00f5es de qualidade sobre turismo, esporte, arte e cultura, economia, mercado e pol\u00edtica.","publisher":{"@id":"https:\/\/www.vivagrandebh.com.br\/revista\/#organization"},"potentialAction":[{"@type":"SearchAction","target":{"@type":"EntryPoint","urlTemplate":"https:\/\/www.vivagrandebh.com.br\/revista\/?s={search_term_string}"},"query-input":"required name=search_term_string"}],"inLanguage":"pt-BR"},{"@type":"Organization","@id":"https:\/\/www.vivagrandebh.com.br\/revista\/#organization","name":"Revista Viva","url":"https:\/\/www.vivagrandebh.com.br\/revista\/","logo":{"@type":"ImageObject","inLanguage":"pt-BR","@id":"https:\/\/www.vivagrandebh.com.br\/revista\/#\/schema\/logo\/image\/","url":"https:\/\/www.vivagrandebh.com.br\/revista\/wp-content\/uploads\/2020\/07\/logo-viva-e1599687783656.png","contentUrl":"https:\/\/www.vivagrandebh.com.br\/revista\/wp-content\/uploads\/2020\/07\/logo-viva-e1599687783656.png","width":300,"height":90,"caption":"Revista Viva"},"image":{"@id":"https:\/\/www.vivagrandebh.com.br\/revista\/#\/schema\/logo\/image\/"},"sameAs":["https:\/\/www.facebook.com\/revistavivagdebh\/","https:\/\/www.instagram.com\/vivagrandebh\/?hl=pt-br","https:\/\/www.youtube.com\/channel\/UCmdQd1O5bVMGARYL5RU8H-w\/about"]},{"@type":"Person","@id":"https:\/\/www.vivagrandebh.com.br\/revista\/#\/schema\/person\/f73d5d0d49e47e0d943eeca2fc6a3b6b","name":"VivaOnline","image":{"@type":"ImageObject","inLanguage":"pt-BR","@id":"https:\/\/www.vivagrandebh.com.br\/revista\/#\/schema\/person\/image\/","url":"https:\/\/secure.gravatar.com\/avatar\/7feec83b98a3f1834b033ae814fc2b75?s=96&d=mm&r=g","contentUrl":"https:\/\/secure.gravatar.com\/avatar\/7feec83b98a3f1834b033ae814fc2b75?s=96&d=mm&r=g","caption":"VivaOnline"},"url":"https:\/\/www.vivagrandebh.com.br\/revista\/author\/vivaonline\/"}]}},"_links":{"self":[{"href":"https:\/\/www.vivagrandebh.com.br\/revista\/wp-json\/wp\/v2\/posts\/5856"}],"collection":[{"href":"https:\/\/www.vivagrandebh.com.br\/revista\/wp-json\/wp\/v2\/posts"}],"about":[{"href":"https:\/\/www.vivagrandebh.com.br\/revista\/wp-json\/wp\/v2\/types\/post"}],"author":[{"embeddable":true,"href":"https:\/\/www.vivagrandebh.com.br\/revista\/wp-json\/wp\/v2\/users\/3"}],"replies":[{"embeddable":true,"href":"https:\/\/www.vivagrandebh.com.br\/revista\/wp-json\/wp\/v2\/comments?post=5856"}],"version-history":[{"count":5,"href":"https:\/\/www.vivagrandebh.com.br\/revista\/wp-json\/wp\/v2\/posts\/5856\/revisions"}],"predecessor-version":[{"id":5865,"href":"https:\/\/www.vivagrandebh.com.br\/revista\/wp-json\/wp\/v2\/posts\/5856\/revisions\/5865"}],"wp:featuredmedia":[{"embeddable":true,"href":"https:\/\/www.vivagrandebh.com.br\/revista\/wp-json\/wp\/v2\/media\/5857"}],"wp:attachment":[{"href":"https:\/\/www.vivagrandebh.com.br\/revista\/wp-json\/wp\/v2\/media?parent=5856"}],"wp:term":[{"taxonomy":"category","embeddable":true,"href":"https:\/\/www.vivagrandebh.com.br\/revista\/wp-json\/wp\/v2\/categories?post=5856"},{"taxonomy":"post_tag","embeddable":true,"href":"https:\/\/www.vivagrandebh.com.br\/revista\/wp-json\/wp\/v2\/tags?post=5856"}],"curies":[{"name":"wp","href":"https:\/\/api.w.org\/{rel}","templated":true}]}}