{"id":5759,"date":"2022-10-05T15:35:24","date_gmt":"2022-10-05T18:35:24","guid":{"rendered":"https:\/\/www.vivagrandebh.com.br\/revista\/?p=5759"},"modified":"2022-10-05T15:35:24","modified_gmt":"2022-10-05T18:35:24","slug":"mineira-e-homenageada-por-excelencia-em-mega-hair-no-maior-evento-de-beleza-da-america-latina","status":"publish","type":"post","link":"https:\/\/www.vivagrandebh.com.br\/revista\/mineira-e-homenageada-por-excelencia-em-mega-hair-no-maior-evento-de-beleza-da-america-latina\/","title":{"rendered":"Mineira \u00e9 homenageada por excel\u00eancia em mega hair no maior evento de beleza da Am\u00e9rica Latina"},"content":{"rendered":"\t\t<div data-elementor-type=\"wp-post\" data-elementor-id=\"5759\" class=\"elementor elementor-5759\">\n\t\t\t\t\t\t\t\t\t<section class=\"elementor-section elementor-top-section elementor-element elementor-element-faad025 elementor-section-boxed elementor-section-height-default elementor-section-height-default\" data-id=\"faad025\" data-element_type=\"section\">\n\t\t\t\t\t\t<div class=\"elementor-container elementor-column-gap-default\">\n\t\t\t\t\t<div class=\"elementor-column elementor-col-100 elementor-top-column elementor-element elementor-element-484a083\" data-id=\"484a083\" data-element_type=\"column\">\n\t\t\t<div class=\"elementor-widget-wrap elementor-element-populated\">\n\t\t\t\t\t\t\t\t<div class=\"elementor-element elementor-element-784bbc6 elementor-widget elementor-widget-text-editor\" data-id=\"784bbc6\" data-element_type=\"widget\" data-widget_type=\"text-editor.default\">\n\t\t\t\t<div class=\"elementor-widget-container\">\n\t\t\t\t\t\t\t<p style=\"text-align: center;\"><em><span style=\"color: #808080;\">A mineira Juliana Fiuza tem 37 anos, cabelereira, palestrante, tricologista e expert em alongamentos capilares.<\/span><\/em><br \/><em><span style=\"color: #808080;\">Com forma\u00e7\u00e3o t\u00e9cnica internacional, ela \u00e9 reconhecida em todo o Brasil por criar sua pr\u00f3pria t\u00e9cnica de mega hair invis\u00edvel personalizado e moldado para cada cliente de acordo com cada caracter\u00edstica em uma an\u00e1lise criteriosa, unindo a beleza e a sa\u00fade capilar. <\/span><\/em><br \/><em><span style=\"color: #808080;\">O Studio \u00e9 Localizado na cidade de Contagem, regi\u00e3o metropolitana de Belo Horizonte em Minas Gerais. <\/span><\/em><br \/><em><span style=\"color: #808080;\">A equipe atualmente conta com 16 profissionais altamente qualificados e treinados pela expert. <\/span><\/em><\/p>\t\t\t\t\t\t<\/div>\n\t\t\t\t<\/div>\n\t\t\t\t\t<\/div>\n\t\t<\/div>\n\t\t\t\t\t\t\t<\/div>\n\t\t<\/section>\n\t\t\t\t<section class=\"elementor-section elementor-top-section elementor-element elementor-element-821d97a elementor-section-boxed elementor-section-height-default elementor-section-height-default\" data-id=\"821d97a\" data-element_type=\"section\">\n\t\t\t\t\t\t<div class=\"elementor-container elementor-column-gap-default\">\n\t\t\t\t\t<div class=\"elementor-column elementor-col-100 elementor-top-column elementor-element elementor-element-9e10a42\" data-id=\"9e10a42\" data-element_type=\"column\">\n\t\t\t<div class=\"elementor-widget-wrap elementor-element-populated\">\n\t\t\t\t\t\t\t\t<div class=\"elementor-element elementor-element-2b8dca5 elementor-widget elementor-widget-media-carousel\" data-id=\"2b8dca5\" data-element_type=\"widget\" data-widget_type=\"media-carousel.default\">\n\t\t\t\t<div class=\"elementor-widget-container\">\n\t\t\t \t\t<\/div>\n\t\t\t\t<\/div>\n\t\t\t\t\t<\/div>\n\t\t<\/div>\n\t\t\t\t\t\t\t<\/div>\n\t\t<\/section>\n\t\t\t\t<section class=\"elementor-section elementor-top-section elementor-element elementor-element-4a55cf6 elementor-section-boxed elementor-section-height-default elementor-section-height-default\" data-id=\"4a55cf6\" data-element_type=\"section\">\n\t\t\t\t\t\t<div class=\"elementor-container elementor-column-gap-default\">\n\t\t\t\t\t<div class=\"elementor-column elementor-col-100 elementor-top-column elementor-element elementor-element-c100381\" data-id=\"c100381\" data-element_type=\"column\">\n\t\t\t<div class=\"elementor-widget-wrap elementor-element-populated\">\n\t\t\t\t\t\t\t\t<div class=\"elementor-element elementor-element-47cd7bc elementor-widget elementor-widget-text-editor\" data-id=\"47cd7bc\" data-element_type=\"widget\" data-widget_type=\"text-editor.default\">\n\t\t\t\t<div class=\"elementor-widget-container\">\n\t\t\t\t\t\t\t<p><span style=\"color: #000000;\">\u201cA nossa miss\u00e3o \u00e9 cuidar de pessoas. H\u00e1 quatro anos somos homenageados e premiados como destaque em mega hair, personalidade da beleza, tesoura de ouro e isso \u00e9 muito gratificante.\u201d Afirma a profissional.<\/span><br \/><span style=\"color: #000000;\">Homenageados e premiados por 4 anos consecutivos como destaque em mega hair, personalidade da beleza e tesoura de ouro, a CEO conta como conseguiu ter tanto destaque em um meio super concorrido: \u201cvivo em busca constante de novos conhecimentos para conseguir ajudar mais pessoas, porque n\u00e3o \u00e9 s\u00f3 um cabelo e sim a autoestima de cada cliente que senta na cadeira e tem sua beleza renovada.\u201d declara.<\/span><br \/><span style=\"color: #000000;\">Juliana criou a sua pr\u00f3pria t\u00e9cnica de mega hair adesivado que \u00e9 diferenciada de todas as outras t\u00e9cnicas, pois com a personaliza\u00e7\u00e3o e aplica\u00e7\u00e3o moldada que ela desenvolveu, n\u00e3o danifica os cabelos e nem o couro cabeludo. Isso acontece pelo fato de utilizar uma t\u00e9cnica exclusiva que n\u00e3o traciona os fios. Uma de suas preocupa\u00e7\u00f5es sempre foi associar a beleza \u00e9 a sa\u00fade do cabelo e do couro por isso se destacou tamb\u00e9m em respeitar os limites do cabelo de cada cliente e n\u00e3o trabalhar com t\u00e9cnicas que causam danos e doen\u00e7as capilares. <\/span><br \/><span style=\"color: #000000;\">O objetivo da empresa e dos colaboradores \u00e9 conseguir conscientizar as pessoas que elas precisam cuidar melhor do cabelo e que n\u00e3o precisa ficar ref\u00e9m do mega hair para o resto da vida e que n\u00e3o adiantaria ficar apenas bonito por fora, mas que a extens\u00e3o seja confort\u00e1vel, traga liberdade para usar e retirar quando quiser \u00e9 mesmo assim permanecer com o cabelo intacto.<\/span><\/p><p><br \/><span style=\"color: #000000;\">Instagram: julianafiuzahairstylist | Contato: 31 97317-1149<\/span><\/p>\t\t\t\t\t\t<\/div>\n\t\t\t\t<\/div>\n\t\t\t\t\t<\/div>\n\t\t<\/div>\n\t\t\t\t\t\t\t<\/div>\n\t\t<\/section>\n\t\t\t\t\t\t\t<\/div>\n\t\t","protected":false},"excerpt":{"rendered":"<p>A mineira Juliana Fiuza tem 37 anos, cabelereira, palestrante, tricologista e expert em alongamentos capilares. Com forma\u00e7\u00e3o t\u00e9cnica internacional, ela \u00e9 reconhecida em todo o Brasil por criar sua pr\u00f3pria t\u00e9cnica de mega hair invis\u00edvel personalizado e moldado para cada cliente de acordo com cada caracter\u00edstica em uma an\u00e1lise criteriosa, unindo a beleza e a [&hellip;]<\/p>\n","protected":false},"author":3,"featured_media":5774,"comment_status":"closed","ping_status":"open","sticky":false,"template":"","format":"standard","meta":{"footnotes":""},"categories":[64],"tags":[],"yoast_head":"<!-- This site is optimized with the Yoast SEO plugin v21.7 - https:\/\/yoast.com\/wordpress\/plugins\/seo\/ -->\n<title>Mineira \u00e9 homenageada por excel\u00eancia em mega hair no maior evento de beleza da Am\u00e9rica Latina - Revista Viva Grande BH<\/title>\n<meta name=\"robots\" content=\"index, follow, max-snippet:-1, max-image-preview:large, max-video-preview:-1\" \/>\n<link rel=\"canonical\" href=\"https:\/\/www.vivagrandebh.com.br\/revista\/mineira-e-homenageada-por-excelencia-em-mega-hair-no-maior-evento-de-beleza-da-america-latina\/\" \/>\n<meta property=\"og:locale\" content=\"pt_BR\" \/>\n<meta property=\"og:type\" content=\"article\" \/>\n<meta property=\"og:title\" content=\"Mineira \u00e9 homenageada por excel\u00eancia em mega hair no maior evento de beleza da Am\u00e9rica Latina - Revista Viva Grande BH\" \/>\n<meta property=\"og:description\" content=\"A mineira Juliana Fiuza tem 37 anos, cabelereira, palestrante, tricologista e expert em alongamentos capilares. Com forma\u00e7\u00e3o t\u00e9cnica internacional, ela \u00e9 reconhecida em todo o Brasil por criar sua pr\u00f3pria t\u00e9cnica de mega hair invis\u00edvel personalizado e moldado para cada cliente de acordo com cada caracter\u00edstica em uma an\u00e1lise criteriosa, unindo a beleza e a [&hellip;]\" \/>\n<meta property=\"og:url\" content=\"https:\/\/www.vivagrandebh.com.br\/revista\/mineira-e-homenageada-por-excelencia-em-mega-hair-no-maior-evento-de-beleza-da-america-latina\/\" \/>\n<meta property=\"og:site_name\" content=\"Revista Viva Grande BH\" \/>\n<meta property=\"article:publisher\" content=\"https:\/\/www.facebook.com\/revistavivagdebh\/\" \/>\n<meta property=\"article:published_time\" content=\"2022-10-05T18:35:24+00:00\" \/>\n<meta property=\"og:image\" content=\"https:\/\/www.vivagrandebh.com.br\/revista\/wp-content\/uploads\/2022\/10\/9-767x560-1.jpg\" \/>\n\t<meta property=\"og:image:width\" content=\"767\" \/>\n\t<meta property=\"og:image:height\" content=\"560\" \/>\n\t<meta property=\"og:image:type\" content=\"image\/jpeg\" \/>\n<meta name=\"author\" content=\"VivaOnline\" \/>\n<meta name=\"twitter:card\" content=\"summary_large_image\" \/>\n<meta name=\"twitter:label1\" content=\"Escrito por\" \/>\n\t<meta name=\"twitter:data1\" content=\"VivaOnline\" \/>\n\t<meta name=\"twitter:label2\" content=\"Est. tempo de leitura\" \/>\n\t<meta name=\"twitter:data2\" content=\"2 minutos\" \/>\n<script type=\"application\/ld+json\" class=\"yoast-schema-graph\">{\"@context\":\"https:\/\/schema.org\",\"@graph\":[{\"@type\":\"Article\",\"@id\":\"https:\/\/www.vivagrandebh.com.br\/revista\/mineira-e-homenageada-por-excelencia-em-mega-hair-no-maior-evento-de-beleza-da-america-latina\/#article\",\"isPartOf\":{\"@id\":\"https:\/\/www.vivagrandebh.com.br\/revista\/mineira-e-homenageada-por-excelencia-em-mega-hair-no-maior-evento-de-beleza-da-america-latina\/\"},\"author\":{\"name\":\"VivaOnline\",\"@id\":\"https:\/\/www.vivagrandebh.com.br\/revista\/#\/schema\/person\/f73d5d0d49e47e0d943eeca2fc6a3b6b\"},\"headline\":\"Mineira \u00e9 homenageada por excel\u00eancia em mega hair no maior evento de beleza da Am\u00e9rica Latina\",\"datePublished\":\"2022-10-05T18:35:24+00:00\",\"dateModified\":\"2022-10-05T18:35:24+00:00\",\"mainEntityOfPage\":{\"@id\":\"https:\/\/www.vivagrandebh.com.br\/revista\/mineira-e-homenageada-por-excelencia-em-mega-hair-no-maior-evento-de-beleza-da-america-latina\/\"},\"wordCount\":384,\"publisher\":{\"@id\":\"https:\/\/www.vivagrandebh.com.br\/revista\/#organization\"},\"articleSection\":[\"Neg\u00f3cios e Empreendedorismo\"],\"inLanguage\":\"pt-BR\"},{\"@type\":\"WebPage\",\"@id\":\"https:\/\/www.vivagrandebh.com.br\/revista\/mineira-e-homenageada-por-excelencia-em-mega-hair-no-maior-evento-de-beleza-da-america-latina\/\",\"url\":\"https:\/\/www.vivagrandebh.com.br\/revista\/mineira-e-homenageada-por-excelencia-em-mega-hair-no-maior-evento-de-beleza-da-america-latina\/\",\"name\":\"Mineira \u00e9 homenageada por excel\u00eancia em mega hair no maior evento de beleza da Am\u00e9rica Latina - Revista Viva Grande BH\",\"isPartOf\":{\"@id\":\"https:\/\/www.vivagrandebh.com.br\/revista\/#website\"},\"datePublished\":\"2022-10-05T18:35:24+00:00\",\"dateModified\":\"2022-10-05T18:35:24+00:00\",\"breadcrumb\":{\"@id\":\"https:\/\/www.vivagrandebh.com.br\/revista\/mineira-e-homenageada-por-excelencia-em-mega-hair-no-maior-evento-de-beleza-da-america-latina\/#breadcrumb\"},\"inLanguage\":\"pt-BR\",\"potentialAction\":[{\"@type\":\"ReadAction\",\"target\":[\"https:\/\/www.vivagrandebh.com.br\/revista\/mineira-e-homenageada-por-excelencia-em-mega-hair-no-maior-evento-de-beleza-da-america-latina\/\"]}]},{\"@type\":\"BreadcrumbList\",\"@id\":\"https:\/\/www.vivagrandebh.com.br\/revista\/mineira-e-homenageada-por-excelencia-em-mega-hair-no-maior-evento-de-beleza-da-america-latina\/#breadcrumb\",\"itemListElement\":[{\"@type\":\"ListItem\",\"position\":1,\"name\":\"In\u00edcio\",\"item\":\"https:\/\/www.vivagrandebh.com.br\/revista\/\"},{\"@type\":\"ListItem\",\"position\":2,\"name\":\"Mineira \u00e9 homenageada por excel\u00eancia em mega hair no maior evento de beleza da Am\u00e9rica Latina\"}]},{\"@type\":\"WebSite\",\"@id\":\"https:\/\/www.vivagrandebh.com.br\/revista\/#website\",\"url\":\"https:\/\/www.vivagrandebh.com.br\/revista\/\",\"name\":\"Revista Viva Grande BH\",\"description\":\"a Viva Grande BH leva ao leitor informa\u00e7\u00f5es de qualidade sobre turismo, esporte, arte e cultura, economia, mercado e pol\u00edtica.\",\"publisher\":{\"@id\":\"https:\/\/www.vivagrandebh.com.br\/revista\/#organization\"},\"potentialAction\":[{\"@type\":\"SearchAction\",\"target\":{\"@type\":\"EntryPoint\",\"urlTemplate\":\"https:\/\/www.vivagrandebh.com.br\/revista\/?s={search_term_string}\"},\"query-input\":\"required name=search_term_string\"}],\"inLanguage\":\"pt-BR\"},{\"@type\":\"Organization\",\"@id\":\"https:\/\/www.vivagrandebh.com.br\/revista\/#organization\",\"name\":\"Revista Viva\",\"url\":\"https:\/\/www.vivagrandebh.com.br\/revista\/\",\"logo\":{\"@type\":\"ImageObject\",\"inLanguage\":\"pt-BR\",\"@id\":\"https:\/\/www.vivagrandebh.com.br\/revista\/#\/schema\/logo\/image\/\",\"url\":\"https:\/\/www.vivagrandebh.com.br\/revista\/wp-content\/uploads\/2020\/07\/logo-viva-e1599687783656.png\",\"contentUrl\":\"https:\/\/www.vivagrandebh.com.br\/revista\/wp-content\/uploads\/2020\/07\/logo-viva-e1599687783656.png\",\"width\":300,\"height\":90,\"caption\":\"Revista Viva\"},\"image\":{\"@id\":\"https:\/\/www.vivagrandebh.com.br\/revista\/#\/schema\/logo\/image\/\"},\"sameAs\":[\"https:\/\/www.facebook.com\/revistavivagdebh\/\",\"https:\/\/www.instagram.com\/vivagrandebh\/?hl=pt-br\",\"https:\/\/www.youtube.com\/channel\/UCmdQd1O5bVMGARYL5RU8H-w\/about\"]},{\"@type\":\"Person\",\"@id\":\"https:\/\/www.vivagrandebh.com.br\/revista\/#\/schema\/person\/f73d5d0d49e47e0d943eeca2fc6a3b6b\",\"name\":\"VivaOnline\",\"image\":{\"@type\":\"ImageObject\",\"inLanguage\":\"pt-BR\",\"@id\":\"https:\/\/www.vivagrandebh.com.br\/revista\/#\/schema\/person\/image\/\",\"url\":\"https:\/\/secure.gravatar.com\/avatar\/7feec83b98a3f1834b033ae814fc2b75?s=96&d=mm&r=g\",\"contentUrl\":\"https:\/\/secure.gravatar.com\/avatar\/7feec83b98a3f1834b033ae814fc2b75?s=96&d=mm&r=g\",\"caption\":\"VivaOnline\"},\"url\":\"https:\/\/www.vivagrandebh.com.br\/revista\/author\/vivaonline\/\"}]}<\/script>\n<!-- \/ Yoast SEO plugin. -->","yoast_head_json":{"title":"Mineira \u00e9 homenageada por excel\u00eancia em mega hair no maior evento de beleza da Am\u00e9rica Latina - Revista Viva Grande BH","robots":{"index":"index","follow":"follow","max-snippet":"max-snippet:-1","max-image-preview":"max-image-preview:large","max-video-preview":"max-video-preview:-1"},"canonical":"https:\/\/www.vivagrandebh.com.br\/revista\/mineira-e-homenageada-por-excelencia-em-mega-hair-no-maior-evento-de-beleza-da-america-latina\/","og_locale":"pt_BR","og_type":"article","og_title":"Mineira \u00e9 homenageada por excel\u00eancia em mega hair no maior evento de beleza da Am\u00e9rica Latina - Revista Viva Grande BH","og_description":"A mineira Juliana Fiuza tem 37 anos, cabelereira, palestrante, tricologista e expert em alongamentos capilares. Com forma\u00e7\u00e3o t\u00e9cnica internacional, ela \u00e9 reconhecida em todo o Brasil por criar sua pr\u00f3pria t\u00e9cnica de mega hair invis\u00edvel personalizado e moldado para cada cliente de acordo com cada caracter\u00edstica em uma an\u00e1lise criteriosa, unindo a beleza e a [&hellip;]","og_url":"https:\/\/www.vivagrandebh.com.br\/revista\/mineira-e-homenageada-por-excelencia-em-mega-hair-no-maior-evento-de-beleza-da-america-latina\/","og_site_name":"Revista Viva Grande BH","article_publisher":"https:\/\/www.facebook.com\/revistavivagdebh\/","article_published_time":"2022-10-05T18:35:24+00:00","og_image":[{"width":767,"height":560,"url":"https:\/\/www.vivagrandebh.com.br\/revista\/wp-content\/uploads\/2022\/10\/9-767x560-1.jpg","type":"image\/jpeg"}],"author":"VivaOnline","twitter_card":"summary_large_image","twitter_misc":{"Escrito por":"VivaOnline","Est. tempo de leitura":"2 minutos"},"schema":{"@context":"https:\/\/schema.org","@graph":[{"@type":"Article","@id":"https:\/\/www.vivagrandebh.com.br\/revista\/mineira-e-homenageada-por-excelencia-em-mega-hair-no-maior-evento-de-beleza-da-america-latina\/#article","isPartOf":{"@id":"https:\/\/www.vivagrandebh.com.br\/revista\/mineira-e-homenageada-por-excelencia-em-mega-hair-no-maior-evento-de-beleza-da-america-latina\/"},"author":{"name":"VivaOnline","@id":"https:\/\/www.vivagrandebh.com.br\/revista\/#\/schema\/person\/f73d5d0d49e47e0d943eeca2fc6a3b6b"},"headline":"Mineira \u00e9 homenageada por excel\u00eancia em mega hair no maior evento de beleza da Am\u00e9rica Latina","datePublished":"2022-10-05T18:35:24+00:00","dateModified":"2022-10-05T18:35:24+00:00","mainEntityOfPage":{"@id":"https:\/\/www.vivagrandebh.com.br\/revista\/mineira-e-homenageada-por-excelencia-em-mega-hair-no-maior-evento-de-beleza-da-america-latina\/"},"wordCount":384,"publisher":{"@id":"https:\/\/www.vivagrandebh.com.br\/revista\/#organization"},"articleSection":["Neg\u00f3cios e Empreendedorismo"],"inLanguage":"pt-BR"},{"@type":"WebPage","@id":"https:\/\/www.vivagrandebh.com.br\/revista\/mineira-e-homenageada-por-excelencia-em-mega-hair-no-maior-evento-de-beleza-da-america-latina\/","url":"https:\/\/www.vivagrandebh.com.br\/revista\/mineira-e-homenageada-por-excelencia-em-mega-hair-no-maior-evento-de-beleza-da-america-latina\/","name":"Mineira \u00e9 homenageada por excel\u00eancia em mega hair no maior evento de beleza da Am\u00e9rica Latina - Revista Viva Grande BH","isPartOf":{"@id":"https:\/\/www.vivagrandebh.com.br\/revista\/#website"},"datePublished":"2022-10-05T18:35:24+00:00","dateModified":"2022-10-05T18:35:24+00:00","breadcrumb":{"@id":"https:\/\/www.vivagrandebh.com.br\/revista\/mineira-e-homenageada-por-excelencia-em-mega-hair-no-maior-evento-de-beleza-da-america-latina\/#breadcrumb"},"inLanguage":"pt-BR","potentialAction":[{"@type":"ReadAction","target":["https:\/\/www.vivagrandebh.com.br\/revista\/mineira-e-homenageada-por-excelencia-em-mega-hair-no-maior-evento-de-beleza-da-america-latina\/"]}]},{"@type":"BreadcrumbList","@id":"https:\/\/www.vivagrandebh.com.br\/revista\/mineira-e-homenageada-por-excelencia-em-mega-hair-no-maior-evento-de-beleza-da-america-latina\/#breadcrumb","itemListElement":[{"@type":"ListItem","position":1,"name":"In\u00edcio","item":"https:\/\/www.vivagrandebh.com.br\/revista\/"},{"@type":"ListItem","position":2,"name":"Mineira \u00e9 homenageada por excel\u00eancia em mega hair no maior evento de beleza da Am\u00e9rica Latina"}]},{"@type":"WebSite","@id":"https:\/\/www.vivagrandebh.com.br\/revista\/#website","url":"https:\/\/www.vivagrandebh.com.br\/revista\/","name":"Revista Viva Grande BH","description":"a Viva Grande BH leva ao leitor informa\u00e7\u00f5es de qualidade sobre turismo, esporte, arte e cultura, economia, mercado e pol\u00edtica.","publisher":{"@id":"https:\/\/www.vivagrandebh.com.br\/revista\/#organization"},"potentialAction":[{"@type":"SearchAction","target":{"@type":"EntryPoint","urlTemplate":"https:\/\/www.vivagrandebh.com.br\/revista\/?s={search_term_string}"},"query-input":"required name=search_term_string"}],"inLanguage":"pt-BR"},{"@type":"Organization","@id":"https:\/\/www.vivagrandebh.com.br\/revista\/#organization","name":"Revista Viva","url":"https:\/\/www.vivagrandebh.com.br\/revista\/","logo":{"@type":"ImageObject","inLanguage":"pt-BR","@id":"https:\/\/www.vivagrandebh.com.br\/revista\/#\/schema\/logo\/image\/","url":"https:\/\/www.vivagrandebh.com.br\/revista\/wp-content\/uploads\/2020\/07\/logo-viva-e1599687783656.png","contentUrl":"https:\/\/www.vivagrandebh.com.br\/revista\/wp-content\/uploads\/2020\/07\/logo-viva-e1599687783656.png","width":300,"height":90,"caption":"Revista Viva"},"image":{"@id":"https:\/\/www.vivagrandebh.com.br\/revista\/#\/schema\/logo\/image\/"},"sameAs":["https:\/\/www.facebook.com\/revistavivagdebh\/","https:\/\/www.instagram.com\/vivagrandebh\/?hl=pt-br","https:\/\/www.youtube.com\/channel\/UCmdQd1O5bVMGARYL5RU8H-w\/about"]},{"@type":"Person","@id":"https:\/\/www.vivagrandebh.com.br\/revista\/#\/schema\/person\/f73d5d0d49e47e0d943eeca2fc6a3b6b","name":"VivaOnline","image":{"@type":"ImageObject","inLanguage":"pt-BR","@id":"https:\/\/www.vivagrandebh.com.br\/revista\/#\/schema\/person\/image\/","url":"https:\/\/secure.gravatar.com\/avatar\/7feec83b98a3f1834b033ae814fc2b75?s=96&d=mm&r=g","contentUrl":"https:\/\/secure.gravatar.com\/avatar\/7feec83b98a3f1834b033ae814fc2b75?s=96&d=mm&r=g","caption":"VivaOnline"},"url":"https:\/\/www.vivagrandebh.com.br\/revista\/author\/vivaonline\/"}]}},"_links":{"self":[{"href":"https:\/\/www.vivagrandebh.com.br\/revista\/wp-json\/wp\/v2\/posts\/5759"}],"collection":[{"href":"https:\/\/www.vivagrandebh.com.br\/revista\/wp-json\/wp\/v2\/posts"}],"about":[{"href":"https:\/\/www.vivagrandebh.com.br\/revista\/wp-json\/wp\/v2\/types\/post"}],"author":[{"embeddable":true,"href":"https:\/\/www.vivagrandebh.com.br\/revista\/wp-json\/wp\/v2\/users\/3"}],"replies":[{"embeddable":true,"href":"https:\/\/www.vivagrandebh.com.br\/revista\/wp-json\/wp\/v2\/comments?post=5759"}],"version-history":[{"count":5,"href":"https:\/\/www.vivagrandebh.com.br\/revista\/wp-json\/wp\/v2\/posts\/5759\/revisions"}],"predecessor-version":[{"id":5773,"href":"https:\/\/www.vivagrandebh.com.br\/revista\/wp-json\/wp\/v2\/posts\/5759\/revisions\/5773"}],"wp:featuredmedia":[{"embeddable":true,"href":"https:\/\/www.vivagrandebh.com.br\/revista\/wp-json\/wp\/v2\/media\/5774"}],"wp:attachment":[{"href":"https:\/\/www.vivagrandebh.com.br\/revista\/wp-json\/wp\/v2\/media?parent=5759"}],"wp:term":[{"taxonomy":"category","embeddable":true,"href":"https:\/\/www.vivagrandebh.com.br\/revista\/wp-json\/wp\/v2\/categories?post=5759"},{"taxonomy":"post_tag","embeddable":true,"href":"https:\/\/www.vivagrandebh.com.br\/revista\/wp-json\/wp\/v2\/tags?post=5759"}],"curies":[{"name":"wp","href":"https:\/\/api.w.org\/{rel}","templated":true}]}}