{"id":5565,"date":"2022-06-17T15:39:36","date_gmt":"2022-06-17T18:39:36","guid":{"rendered":"https:\/\/www.vivagrandebh.com.br\/revista\/?p=5565"},"modified":"2022-06-17T15:41:35","modified_gmt":"2022-06-17T18:41:35","slug":"westwing-lanca-primeira-unidade-fisica-em-belo-horizonte-e-amplia-presenca-local","status":"publish","type":"post","link":"https:\/\/www.vivagrandebh.com.br\/revista\/westwing-lanca-primeira-unidade-fisica-em-belo-horizonte-e-amplia-presenca-local\/","title":{"rendered":"Westwing lan\u00e7a primeira unidade f\u00edsica em Belo Horizonte e amplia presen\u00e7a local"},"content":{"rendered":"\t\t<div data-elementor-type=\"wp-post\" data-elementor-id=\"5565\" class=\"elementor elementor-5565\">\n\t\t\t\t\t\t\t\t\t<section class=\"elementor-section elementor-top-section elementor-element elementor-element-404ff4f elementor-section-boxed elementor-section-height-default elementor-section-height-default\" data-id=\"404ff4f\" data-element_type=\"section\">\n\t\t\t\t\t\t<div class=\"elementor-container elementor-column-gap-default\">\n\t\t\t\t\t<div class=\"elementor-column elementor-col-100 elementor-top-column elementor-element elementor-element-7b110c5\" data-id=\"7b110c5\" data-element_type=\"column\">\n\t\t\t<div class=\"elementor-widget-wrap elementor-element-populated\">\n\t\t\t\t\t\t\t\t<div class=\"elementor-element elementor-element-d4175fb elementor-widget elementor-widget-text-editor\" data-id=\"d4175fb\" data-element_type=\"widget\" data-widget_type=\"text-editor.default\">\n\t\t\t\t<div class=\"elementor-widget-container\">\n\t\t\t\t\t\t\t<p style=\"text-align: center;\"><span style=\"color: #333333;\"><em>Refer\u00eancia de sofistica\u00e7\u00e3o e estilo, a marca aterrissa na capital mineira para trazer a sua curadoria especializada e produtos de qualidade para os consumidores locais que poder\u00e3o conferir de perto o universo Westwing <\/em><em>\u00a0<\/em><\/span><\/p><p><span style=\"color: #000000;\"><strong>Belo Horizonte\/MG, Maio 2022<\/strong>\u00a0\u2013 A\u00a0<a style=\"color: #000000;\" href=\"https:\/\/www.westwing.com.br\/\" data-saferedirecturl=\"https:\/\/www.google.com\/url?q=https:\/\/www.westwing.com.br\/&amp;source=gmail&amp;ust=1655575899470000&amp;usg=AOvVaw0HRRx93KmmF8IpVDtwN9zq\">Westwing Brasil<\/a>, plataforma de casa, decora\u00e7\u00e3o e <em>lifestyle<\/em>, segue cumprindo sua meta de expans\u00e3o f\u00edsica que pretende chegar a 10 unidades at\u00e9 o fim de 2022. Seu novo investimento chega a Belo Horizonte, Minas Gerais, ap\u00f3s a inaugura\u00e7\u00e3o do seu 4\u00ba\u00a0hub\u00a0de log\u00edstica. Com isso, a marca avan\u00e7a pelo Pa\u00eds e aprimora a qualidade do servi\u00e7o ao levar\u00a0para os clientes uma melhor experi\u00eancia de consumo, com entregas em prazos mais\u00a0curtos.<\/span><\/p><p><span style=\"color: #000000;\">Essa \u00e9 a primeira unidade da Westwing em Minas Gerais. Com uma \u00e1rea \u00fatil de 318 m\u00b2, a store possui espa\u00e7os de viv\u00eancias e est\u00e1 localizada na Rua Santa Catarina, 1287, no bairro de Lourdes. Desta forma, a marca traz para a capital mineira toda a sua curadoria especializada e produtos de qualidade para os consumidores locais que poder\u00e3o conferir de perto todo o universo de sofistica\u00e7\u00e3o e estilo da Westwing.\u00a0<\/span><\/p><p><span style=\"color: #000000;\">Outro destaque da Westwing Store em Belo Horizonte \u00e9 oferecer uma soma de experi\u00eancias juntando o on-line e o f\u00edsico para que o consumidor acesse todo o conte\u00fado\/curadoria, como se fosse um conceito de \u201crevista compr\u00e1vel\u201d, refor\u00e7ando assim sua identidade, presen\u00e7a de mercado e posicionamento. Al\u00e9m de trazer, espa\u00e7os projetados para viv\u00eancias, assim como as demais unidades f\u00edsicas da marca.\u00a0<\/span><\/p><p><span style=\"color: #000000;\">\u201cOs visitantes se sentir\u00e3o convidados a explorar o que chamamos de \u201cprateleira infinita\u201d em que os produtos que n\u00e3o forem encontrados na loja f\u00edsica poder\u00e3o ser acessados on-line com o apoio dos vendedores, treinados e orientados como consultores, para tirar d\u00favidas e auxiliar nas melhores escolhas. Assim, o cliente efetua a compra na loja e recebe no conforto da pr\u00f3pria casa. Nossa inten\u00e7\u00e3o com isso \u00e9 que o consumidor tenha uma experi\u00eancia de compra completa\u201d, comenta Andres\u00a0Mutschler, CEO do\u00a0Westwing. \u00a0<\/span><\/p><p><span style=\"color: #000000;\">Al\u00e9m disso, destaca-se tamb\u00e9m a presen\u00e7a de produtos da linha <em>private label<\/em>, da Westwing Collection, que trazem itens exclusivos com as maiores tend\u00eancias do momento. \u201cA compra \u00e9 apenas uma parte dessa viv\u00eancia. A ideia aqui \u00e9 que o consumidor se sinta em um ambiente amig\u00e1vel e crie uma refer\u00eancia de bom atendimento\u201d, completa Mutschler.\u00a0<\/span><\/p><p><span style=\"color: #000000;\">A inaugura\u00e7\u00e3o em Belo Horizonte soma-se a outras stores como a da cidade de S\u00e3o Paulo, em que foi inaugurada a primeira unidade localizada na Vila Madalena em 2016 e, mais recentemente, as unidades de Campinas, Rio de Janeiro, Bras\u00edlia e no bairro de Moema, em S\u00e3o Paulo. Assim como as \u00faltimas inaugura\u00e7\u00f5es, o novo espa\u00e7o foi projetado pelo escrit\u00f3rio de design e arquitetura <a style=\"color: #000000;\" href=\"http:\/\/www.superlimao.com.br\/\" data-saferedirecturl=\"https:\/\/www.google.com\/url?q=http:\/\/www.superlimao.com.br\/&amp;source=gmail&amp;ust=1655575899470000&amp;usg=AOvVaw0mwgJEjs8DcUfQW3To0r-S\">SuperLim\u00e3o<\/a>.\u00a0 \u00a0<\/span><\/p><p><span style=\"color: #000000;\"><strong>Endere\u00e7o:\u00a0<\/strong><\/span><\/p><p><span style=\"color: #000000;\">Rua Santa Catarina 1287 \u2013 Lourdes \u2013 Belo Horizonte\u00a0<\/span><\/p><p><span style=\"color: #000000;\">Hor\u00e1rio de funcionamento: das 10h \u00e0s 20h \u00a0<\/span><\/p><p><span style=\"color: #000000;\"><strong>Sobre a Westwing\u00a0<\/strong><\/span><\/p><p><span style=\"color: #000000;\">Westwing \u00e9 uma plataforma de casa, decora\u00e7\u00e3o e <em>lifestyle<\/em>. O modelo de neg\u00f3cios conhecido como <em>shoppable magazine<\/em> possibilita campanhas di\u00e1rias de curta dura\u00e7\u00e3o, milhares de novos produtos todos os dias no ar, marcas e oportunidades exclusivas, al\u00e9m de fartas doses de inspira\u00e7\u00e3o. Al\u00e9m deste, os clientes tamb\u00e9m t\u00eam acesso a uma curadoria de produtos diferenciada no WestwingNow. Desde mar\u00e7o de 2020, a loja de decora\u00e7\u00e3o online oferece itens dispon\u00edveis a qualquer hora, por tempo ilimitado e com a garantia de uma entrega mais r\u00e1pida. Em fevereiro de 2021, a Westwing se tornou empresa de capital aberto na B3. Para mais informa\u00e7\u00f5es, acesse <a style=\"color: #000000;\" href=\"https:\/\/www.westwing.com.br\/\" data-saferedirecturl=\"https:\/\/www.google.com\/url?q=https:\/\/www.westwing.com.br\/&amp;source=gmail&amp;ust=1655575899470000&amp;usg=AOvVaw0HRRx93KmmF8IpVDtwN9zq\">o site<\/a>.\u00a0<\/span><\/p><p><em>Cr\u00e9dito de imagem:<\/em><a id=\"business-link\" href=\"http:\/\/www.lecanovo.com.br\" target=\"_blank\" rel=\"noopener noreferrer\"><em>@LecaNovo<\/em><\/a><\/p>\t\t\t\t\t\t<\/div>\n\t\t\t\t<\/div>\n\t\t\t\t\t<\/div>\n\t\t<\/div>\n\t\t\t\t\t\t\t<\/div>\n\t\t<\/section>\n\t\t\t\t\t\t\t<\/div>\n\t\t","protected":false},"excerpt":{"rendered":"<p>Refer\u00eancia de sofistica\u00e7\u00e3o e estilo, a marca aterrissa na capital mineira para trazer a sua curadoria especializada e produtos de qualidade para os consumidores locais que poder\u00e3o conferir de perto o universo Westwing \u00a0 Belo Horizonte\/MG, Maio 2022\u00a0\u2013 A\u00a0Westwing Brasil, plataforma de casa, decora\u00e7\u00e3o e lifestyle, segue cumprindo sua meta de expans\u00e3o f\u00edsica que pretende [&hellip;]<\/p>\n","protected":false},"author":3,"featured_media":5569,"comment_status":"closed","ping_status":"open","sticky":false,"template":"","format":"standard","meta":{"footnotes":""},"categories":[54],"tags":[],"yoast_head":"<!-- This site is optimized with the Yoast SEO plugin v21.7 - https:\/\/yoast.com\/wordpress\/plugins\/seo\/ -->\n<title>Westwing lan\u00e7a primeira unidade f\u00edsica em Belo Horizonte e amplia presen\u00e7a local - Revista Viva Grande BH<\/title>\n<meta name=\"robots\" content=\"index, follow, max-snippet:-1, max-image-preview:large, max-video-preview:-1\" \/>\n<link rel=\"canonical\" href=\"https:\/\/www.vivagrandebh.com.br\/revista\/westwing-lanca-primeira-unidade-fisica-em-belo-horizonte-e-amplia-presenca-local\/\" \/>\n<meta property=\"og:locale\" content=\"pt_BR\" \/>\n<meta property=\"og:type\" content=\"article\" \/>\n<meta property=\"og:title\" content=\"Westwing lan\u00e7a primeira unidade f\u00edsica em Belo Horizonte e amplia presen\u00e7a local - Revista Viva Grande BH\" \/>\n<meta property=\"og:description\" content=\"Refer\u00eancia de sofistica\u00e7\u00e3o e estilo, a marca aterrissa na capital mineira para trazer a sua curadoria especializada e produtos de qualidade para os consumidores locais que poder\u00e3o conferir de perto o universo Westwing \u00a0 Belo Horizonte\/MG, Maio 2022\u00a0\u2013 A\u00a0Westwing Brasil, plataforma de casa, decora\u00e7\u00e3o e lifestyle, segue cumprindo sua meta de expans\u00e3o f\u00edsica que pretende [&hellip;]\" \/>\n<meta property=\"og:url\" content=\"https:\/\/www.vivagrandebh.com.br\/revista\/westwing-lanca-primeira-unidade-fisica-em-belo-horizonte-e-amplia-presenca-local\/\" \/>\n<meta property=\"og:site_name\" content=\"Revista Viva Grande BH\" \/>\n<meta property=\"article:publisher\" content=\"https:\/\/www.facebook.com\/revistavivagdebh\/\" \/>\n<meta property=\"article:published_time\" content=\"2022-06-17T18:39:36+00:00\" \/>\n<meta property=\"article:modified_time\" content=\"2022-06-17T18:41:35+00:00\" \/>\n<meta property=\"og:image\" content=\"https:\/\/www.vivagrandebh.com.br\/revista\/wp-content\/uploads\/2022\/06\/LEC0828.jpg\" \/>\n\t<meta property=\"og:image:width\" content=\"1277\" \/>\n\t<meta property=\"og:image:height\" content=\"949\" \/>\n\t<meta property=\"og:image:type\" content=\"image\/jpeg\" \/>\n<meta name=\"author\" content=\"VivaOnline\" \/>\n<meta name=\"twitter:card\" content=\"summary_large_image\" \/>\n<meta name=\"twitter:label1\" content=\"Escrito por\" \/>\n\t<meta name=\"twitter:data1\" content=\"VivaOnline\" \/>\n\t<meta name=\"twitter:label2\" content=\"Est. tempo de leitura\" \/>\n\t<meta name=\"twitter:data2\" content=\"3 minutos\" \/>\n<script type=\"application\/ld+json\" class=\"yoast-schema-graph\">{\"@context\":\"https:\/\/schema.org\",\"@graph\":[{\"@type\":\"Article\",\"@id\":\"https:\/\/www.vivagrandebh.com.br\/revista\/westwing-lanca-primeira-unidade-fisica-em-belo-horizonte-e-amplia-presenca-local\/#article\",\"isPartOf\":{\"@id\":\"https:\/\/www.vivagrandebh.com.br\/revista\/westwing-lanca-primeira-unidade-fisica-em-belo-horizonte-e-amplia-presenca-local\/\"},\"author\":{\"name\":\"VivaOnline\",\"@id\":\"https:\/\/www.vivagrandebh.com.br\/revista\/#\/schema\/person\/f73d5d0d49e47e0d943eeca2fc6a3b6b\"},\"headline\":\"Westwing lan\u00e7a primeira unidade f\u00edsica em Belo Horizonte e amplia presen\u00e7a local\",\"datePublished\":\"2022-06-17T18:39:36+00:00\",\"dateModified\":\"2022-06-17T18:41:35+00:00\",\"mainEntityOfPage\":{\"@id\":\"https:\/\/www.vivagrandebh.com.br\/revista\/westwing-lanca-primeira-unidade-fisica-em-belo-horizonte-e-amplia-presenca-local\/\"},\"wordCount\":637,\"publisher\":{\"@id\":\"https:\/\/www.vivagrandebh.com.br\/revista\/#organization\"},\"articleSection\":[\"Arquitetura de Interiores\"],\"inLanguage\":\"pt-BR\"},{\"@type\":\"WebPage\",\"@id\":\"https:\/\/www.vivagrandebh.com.br\/revista\/westwing-lanca-primeira-unidade-fisica-em-belo-horizonte-e-amplia-presenca-local\/\",\"url\":\"https:\/\/www.vivagrandebh.com.br\/revista\/westwing-lanca-primeira-unidade-fisica-em-belo-horizonte-e-amplia-presenca-local\/\",\"name\":\"Westwing lan\u00e7a primeira unidade f\u00edsica em Belo Horizonte e amplia presen\u00e7a local - Revista Viva Grande BH\",\"isPartOf\":{\"@id\":\"https:\/\/www.vivagrandebh.com.br\/revista\/#website\"},\"datePublished\":\"2022-06-17T18:39:36+00:00\",\"dateModified\":\"2022-06-17T18:41:35+00:00\",\"breadcrumb\":{\"@id\":\"https:\/\/www.vivagrandebh.com.br\/revista\/westwing-lanca-primeira-unidade-fisica-em-belo-horizonte-e-amplia-presenca-local\/#breadcrumb\"},\"inLanguage\":\"pt-BR\",\"potentialAction\":[{\"@type\":\"ReadAction\",\"target\":[\"https:\/\/www.vivagrandebh.com.br\/revista\/westwing-lanca-primeira-unidade-fisica-em-belo-horizonte-e-amplia-presenca-local\/\"]}]},{\"@type\":\"BreadcrumbList\",\"@id\":\"https:\/\/www.vivagrandebh.com.br\/revista\/westwing-lanca-primeira-unidade-fisica-em-belo-horizonte-e-amplia-presenca-local\/#breadcrumb\",\"itemListElement\":[{\"@type\":\"ListItem\",\"position\":1,\"name\":\"In\u00edcio\",\"item\":\"https:\/\/www.vivagrandebh.com.br\/revista\/\"},{\"@type\":\"ListItem\",\"position\":2,\"name\":\"Westwing lan\u00e7a primeira unidade f\u00edsica em Belo Horizonte e amplia presen\u00e7a local\"}]},{\"@type\":\"WebSite\",\"@id\":\"https:\/\/www.vivagrandebh.com.br\/revista\/#website\",\"url\":\"https:\/\/www.vivagrandebh.com.br\/revista\/\",\"name\":\"Revista Viva Grande BH\",\"description\":\"a Viva Grande BH leva ao leitor informa\u00e7\u00f5es de qualidade sobre turismo, esporte, arte e cultura, economia, mercado e pol\u00edtica.\",\"publisher\":{\"@id\":\"https:\/\/www.vivagrandebh.com.br\/revista\/#organization\"},\"potentialAction\":[{\"@type\":\"SearchAction\",\"target\":{\"@type\":\"EntryPoint\",\"urlTemplate\":\"https:\/\/www.vivagrandebh.com.br\/revista\/?s={search_term_string}\"},\"query-input\":\"required name=search_term_string\"}],\"inLanguage\":\"pt-BR\"},{\"@type\":\"Organization\",\"@id\":\"https:\/\/www.vivagrandebh.com.br\/revista\/#organization\",\"name\":\"Revista Viva\",\"url\":\"https:\/\/www.vivagrandebh.com.br\/revista\/\",\"logo\":{\"@type\":\"ImageObject\",\"inLanguage\":\"pt-BR\",\"@id\":\"https:\/\/www.vivagrandebh.com.br\/revista\/#\/schema\/logo\/image\/\",\"url\":\"https:\/\/www.vivagrandebh.com.br\/revista\/wp-content\/uploads\/2020\/07\/logo-viva-e1599687783656.png\",\"contentUrl\":\"https:\/\/www.vivagrandebh.com.br\/revista\/wp-content\/uploads\/2020\/07\/logo-viva-e1599687783656.png\",\"width\":300,\"height\":90,\"caption\":\"Revista Viva\"},\"image\":{\"@id\":\"https:\/\/www.vivagrandebh.com.br\/revista\/#\/schema\/logo\/image\/\"},\"sameAs\":[\"https:\/\/www.facebook.com\/revistavivagdebh\/\",\"https:\/\/www.instagram.com\/vivagrandebh\/?hl=pt-br\",\"https:\/\/www.youtube.com\/channel\/UCmdQd1O5bVMGARYL5RU8H-w\/about\"]},{\"@type\":\"Person\",\"@id\":\"https:\/\/www.vivagrandebh.com.br\/revista\/#\/schema\/person\/f73d5d0d49e47e0d943eeca2fc6a3b6b\",\"name\":\"VivaOnline\",\"image\":{\"@type\":\"ImageObject\",\"inLanguage\":\"pt-BR\",\"@id\":\"https:\/\/www.vivagrandebh.com.br\/revista\/#\/schema\/person\/image\/\",\"url\":\"https:\/\/secure.gravatar.com\/avatar\/7feec83b98a3f1834b033ae814fc2b75?s=96&d=mm&r=g\",\"contentUrl\":\"https:\/\/secure.gravatar.com\/avatar\/7feec83b98a3f1834b033ae814fc2b75?s=96&d=mm&r=g\",\"caption\":\"VivaOnline\"},\"url\":\"https:\/\/www.vivagrandebh.com.br\/revista\/author\/vivaonline\/\"}]}<\/script>\n<!-- \/ Yoast SEO plugin. -->","yoast_head_json":{"title":"Westwing lan\u00e7a primeira unidade f\u00edsica em Belo Horizonte e amplia presen\u00e7a local - Revista Viva Grande BH","robots":{"index":"index","follow":"follow","max-snippet":"max-snippet:-1","max-image-preview":"max-image-preview:large","max-video-preview":"max-video-preview:-1"},"canonical":"https:\/\/www.vivagrandebh.com.br\/revista\/westwing-lanca-primeira-unidade-fisica-em-belo-horizonte-e-amplia-presenca-local\/","og_locale":"pt_BR","og_type":"article","og_title":"Westwing lan\u00e7a primeira unidade f\u00edsica em Belo Horizonte e amplia presen\u00e7a local - Revista Viva Grande BH","og_description":"Refer\u00eancia de sofistica\u00e7\u00e3o e estilo, a marca aterrissa na capital mineira para trazer a sua curadoria especializada e produtos de qualidade para os consumidores locais que poder\u00e3o conferir de perto o universo Westwing \u00a0 Belo Horizonte\/MG, Maio 2022\u00a0\u2013 A\u00a0Westwing Brasil, plataforma de casa, decora\u00e7\u00e3o e lifestyle, segue cumprindo sua meta de expans\u00e3o f\u00edsica que pretende [&hellip;]","og_url":"https:\/\/www.vivagrandebh.com.br\/revista\/westwing-lanca-primeira-unidade-fisica-em-belo-horizonte-e-amplia-presenca-local\/","og_site_name":"Revista Viva Grande BH","article_publisher":"https:\/\/www.facebook.com\/revistavivagdebh\/","article_published_time":"2022-06-17T18:39:36+00:00","article_modified_time":"2022-06-17T18:41:35+00:00","og_image":[{"width":1277,"height":949,"url":"https:\/\/www.vivagrandebh.com.br\/revista\/wp-content\/uploads\/2022\/06\/LEC0828.jpg","type":"image\/jpeg"}],"author":"VivaOnline","twitter_card":"summary_large_image","twitter_misc":{"Escrito por":"VivaOnline","Est. tempo de leitura":"3 minutos"},"schema":{"@context":"https:\/\/schema.org","@graph":[{"@type":"Article","@id":"https:\/\/www.vivagrandebh.com.br\/revista\/westwing-lanca-primeira-unidade-fisica-em-belo-horizonte-e-amplia-presenca-local\/#article","isPartOf":{"@id":"https:\/\/www.vivagrandebh.com.br\/revista\/westwing-lanca-primeira-unidade-fisica-em-belo-horizonte-e-amplia-presenca-local\/"},"author":{"name":"VivaOnline","@id":"https:\/\/www.vivagrandebh.com.br\/revista\/#\/schema\/person\/f73d5d0d49e47e0d943eeca2fc6a3b6b"},"headline":"Westwing lan\u00e7a primeira unidade f\u00edsica em Belo Horizonte e amplia presen\u00e7a local","datePublished":"2022-06-17T18:39:36+00:00","dateModified":"2022-06-17T18:41:35+00:00","mainEntityOfPage":{"@id":"https:\/\/www.vivagrandebh.com.br\/revista\/westwing-lanca-primeira-unidade-fisica-em-belo-horizonte-e-amplia-presenca-local\/"},"wordCount":637,"publisher":{"@id":"https:\/\/www.vivagrandebh.com.br\/revista\/#organization"},"articleSection":["Arquitetura de Interiores"],"inLanguage":"pt-BR"},{"@type":"WebPage","@id":"https:\/\/www.vivagrandebh.com.br\/revista\/westwing-lanca-primeira-unidade-fisica-em-belo-horizonte-e-amplia-presenca-local\/","url":"https:\/\/www.vivagrandebh.com.br\/revista\/westwing-lanca-primeira-unidade-fisica-em-belo-horizonte-e-amplia-presenca-local\/","name":"Westwing lan\u00e7a primeira unidade f\u00edsica em Belo Horizonte e amplia presen\u00e7a local - Revista Viva Grande BH","isPartOf":{"@id":"https:\/\/www.vivagrandebh.com.br\/revista\/#website"},"datePublished":"2022-06-17T18:39:36+00:00","dateModified":"2022-06-17T18:41:35+00:00","breadcrumb":{"@id":"https:\/\/www.vivagrandebh.com.br\/revista\/westwing-lanca-primeira-unidade-fisica-em-belo-horizonte-e-amplia-presenca-local\/#breadcrumb"},"inLanguage":"pt-BR","potentialAction":[{"@type":"ReadAction","target":["https:\/\/www.vivagrandebh.com.br\/revista\/westwing-lanca-primeira-unidade-fisica-em-belo-horizonte-e-amplia-presenca-local\/"]}]},{"@type":"BreadcrumbList","@id":"https:\/\/www.vivagrandebh.com.br\/revista\/westwing-lanca-primeira-unidade-fisica-em-belo-horizonte-e-amplia-presenca-local\/#breadcrumb","itemListElement":[{"@type":"ListItem","position":1,"name":"In\u00edcio","item":"https:\/\/www.vivagrandebh.com.br\/revista\/"},{"@type":"ListItem","position":2,"name":"Westwing lan\u00e7a primeira unidade f\u00edsica em Belo Horizonte e amplia presen\u00e7a local"}]},{"@type":"WebSite","@id":"https:\/\/www.vivagrandebh.com.br\/revista\/#website","url":"https:\/\/www.vivagrandebh.com.br\/revista\/","name":"Revista Viva Grande BH","description":"a Viva Grande BH leva ao leitor informa\u00e7\u00f5es de qualidade sobre turismo, esporte, arte e cultura, economia, mercado e pol\u00edtica.","publisher":{"@id":"https:\/\/www.vivagrandebh.com.br\/revista\/#organization"},"potentialAction":[{"@type":"SearchAction","target":{"@type":"EntryPoint","urlTemplate":"https:\/\/www.vivagrandebh.com.br\/revista\/?s={search_term_string}"},"query-input":"required name=search_term_string"}],"inLanguage":"pt-BR"},{"@type":"Organization","@id":"https:\/\/www.vivagrandebh.com.br\/revista\/#organization","name":"Revista Viva","url":"https:\/\/www.vivagrandebh.com.br\/revista\/","logo":{"@type":"ImageObject","inLanguage":"pt-BR","@id":"https:\/\/www.vivagrandebh.com.br\/revista\/#\/schema\/logo\/image\/","url":"https:\/\/www.vivagrandebh.com.br\/revista\/wp-content\/uploads\/2020\/07\/logo-viva-e1599687783656.png","contentUrl":"https:\/\/www.vivagrandebh.com.br\/revista\/wp-content\/uploads\/2020\/07\/logo-viva-e1599687783656.png","width":300,"height":90,"caption":"Revista Viva"},"image":{"@id":"https:\/\/www.vivagrandebh.com.br\/revista\/#\/schema\/logo\/image\/"},"sameAs":["https:\/\/www.facebook.com\/revistavivagdebh\/","https:\/\/www.instagram.com\/vivagrandebh\/?hl=pt-br","https:\/\/www.youtube.com\/channel\/UCmdQd1O5bVMGARYL5RU8H-w\/about"]},{"@type":"Person","@id":"https:\/\/www.vivagrandebh.com.br\/revista\/#\/schema\/person\/f73d5d0d49e47e0d943eeca2fc6a3b6b","name":"VivaOnline","image":{"@type":"ImageObject","inLanguage":"pt-BR","@id":"https:\/\/www.vivagrandebh.com.br\/revista\/#\/schema\/person\/image\/","url":"https:\/\/secure.gravatar.com\/avatar\/7feec83b98a3f1834b033ae814fc2b75?s=96&d=mm&r=g","contentUrl":"https:\/\/secure.gravatar.com\/avatar\/7feec83b98a3f1834b033ae814fc2b75?s=96&d=mm&r=g","caption":"VivaOnline"},"url":"https:\/\/www.vivagrandebh.com.br\/revista\/author\/vivaonline\/"}]}},"_links":{"self":[{"href":"https:\/\/www.vivagrandebh.com.br\/revista\/wp-json\/wp\/v2\/posts\/5565"}],"collection":[{"href":"https:\/\/www.vivagrandebh.com.br\/revista\/wp-json\/wp\/v2\/posts"}],"about":[{"href":"https:\/\/www.vivagrandebh.com.br\/revista\/wp-json\/wp\/v2\/types\/post"}],"author":[{"embeddable":true,"href":"https:\/\/www.vivagrandebh.com.br\/revista\/wp-json\/wp\/v2\/users\/3"}],"replies":[{"embeddable":true,"href":"https:\/\/www.vivagrandebh.com.br\/revista\/wp-json\/wp\/v2\/comments?post=5565"}],"version-history":[{"count":10,"href":"https:\/\/www.vivagrandebh.com.br\/revista\/wp-json\/wp\/v2\/posts\/5565\/revisions"}],"predecessor-version":[{"id":5576,"href":"https:\/\/www.vivagrandebh.com.br\/revista\/wp-json\/wp\/v2\/posts\/5565\/revisions\/5576"}],"wp:featuredmedia":[{"embeddable":true,"href":"https:\/\/www.vivagrandebh.com.br\/revista\/wp-json\/wp\/v2\/media\/5569"}],"wp:attachment":[{"href":"https:\/\/www.vivagrandebh.com.br\/revista\/wp-json\/wp\/v2\/media?parent=5565"}],"wp:term":[{"taxonomy":"category","embeddable":true,"href":"https:\/\/www.vivagrandebh.com.br\/revista\/wp-json\/wp\/v2\/categories?post=5565"},{"taxonomy":"post_tag","embeddable":true,"href":"https:\/\/www.vivagrandebh.com.br\/revista\/wp-json\/wp\/v2\/tags?post=5565"}],"curies":[{"name":"wp","href":"https:\/\/api.w.org\/{rel}","templated":true}]}}