{"id":5277,"date":"2022-01-14T08:50:43","date_gmt":"2022-01-14T11:50:43","guid":{"rendered":"https:\/\/www.vivagrandebh.com.br\/revista\/?p=5277"},"modified":"2022-01-14T08:50:43","modified_gmt":"2022-01-14T11:50:43","slug":"exposicao-nise-da-silveira-a-revolucao-pelo-afeto-chega-a-belo-horizonte","status":"publish","type":"post","link":"https:\/\/www.vivagrandebh.com.br\/revista\/exposicao-nise-da-silveira-a-revolucao-pelo-afeto-chega-a-belo-horizonte\/","title":{"rendered":"Exposi\u00e7\u00e3o Nise da Silveira  A Revolu\u00e7\u00e3o pelo Afeto chega a Belo Horizonte"},"content":{"rendered":"<p>Por Fabio Gomides<br \/>\nFotografia: Rog\u00e9rio von Kr\u00fcger<\/p>\n<p>Reunindo obras que fazem parte do acervo do Museu de Imagens do Inconsciente, al\u00e9m de trabalhos assinados por nomes como Lygia Clark, Abraham Palatinik, Z\u00e9 Carlos Garcia, Leon Hirzsman e Carlos Vergara, a exposi\u00e7\u00e3o chega \u00e0 capital mineira depois de uma temporada de muito sucesso no CCBB Rio. O mote para a cria\u00e7\u00e3o do projeto foram os 22 anos da morte de Nise da Silveira (1905-1999) &#8211; e 22 \u00e9 um n\u00famero associado \u00e0 loucura no imagin\u00e1rio popular, tema abordado de forma revolucion\u00e1ria pela psiquiatra.<\/p>\n<p>M\u00e9dica formada enquanto \u00fanica mulher em uma turma com mais de 150 homens, ficou mundialmente conhecida pela ideia vanguardista de usar o afeto como metodologia cient\u00edfica no tratamento \u00e0s pessoas com sofrimentos ps\u00edquicos. Ao buscar formas de acessar as camadas do inconsciente e criar um di\u00e1logo, atrav\u00e9s de ferramentas art\u00edsticas e com aplica\u00e7\u00f5es cient\u00edficas, entre o inconsciente e a sua potente express\u00e3o em imagens, Nise reposicionou o entendimento de loucura na hist\u00f3ria da humanidade.<\/p>\n<p><img fetchpriority=\"high\" decoding=\"async\" class=\"alignnone size-medium wp-image-5279\" src=\"https:\/\/www.vivagrandebh.com.br\/revista\/wp-content\/uploads\/2022\/01\/expo-nise-ccbb-mapafotografia-02-300x201.jpg\" alt=\"\" width=\"300\" height=\"201\" srcset=\"https:\/\/www.vivagrandebh.com.br\/revista\/wp-content\/uploads\/2022\/01\/expo-nise-ccbb-mapafotografia-02-300x201.jpg 300w, https:\/\/www.vivagrandebh.com.br\/revista\/wp-content\/uploads\/2022\/01\/expo-nise-ccbb-mapafotografia-02.jpg 350w\" sizes=\"(max-width: 300px) 100vw, 300px\" \/><br \/>\n<img decoding=\"async\" class=\"alignnone size-medium wp-image-5280\" src=\"https:\/\/www.vivagrandebh.com.br\/revista\/wp-content\/uploads\/2022\/01\/expo-nise-ccbb-mapafotografia-03-300x201.jpg\" alt=\"\" width=\"300\" height=\"201\" srcset=\"https:\/\/www.vivagrandebh.com.br\/revista\/wp-content\/uploads\/2022\/01\/expo-nise-ccbb-mapafotografia-03-300x201.jpg 300w, https:\/\/www.vivagrandebh.com.br\/revista\/wp-content\/uploads\/2022\/01\/expo-nise-ccbb-mapafotografia-03.jpg 350w\" sizes=\"(max-width: 300px) 100vw, 300px\" \/><br \/>\n<img decoding=\"async\" class=\"alignnone size-medium wp-image-5281\" src=\"https:\/\/www.vivagrandebh.com.br\/revista\/wp-content\/uploads\/2022\/01\/expo-nise-ccbb-mapafotografia-04-300x201.jpg\" alt=\"\" width=\"300\" height=\"201\" srcset=\"https:\/\/www.vivagrandebh.com.br\/revista\/wp-content\/uploads\/2022\/01\/expo-nise-ccbb-mapafotografia-04-300x201.jpg 300w, https:\/\/www.vivagrandebh.com.br\/revista\/wp-content\/uploads\/2022\/01\/expo-nise-ccbb-mapafotografia-04.jpg 350w\" sizes=\"(max-width: 300px) 100vw, 300px\" \/><br \/>\nCom cerca de 100 obras surpreendentes, a mostra re\u00fane telas e esculturas de artistas do Museu de Imagens do Inconsciente ao lado de pe\u00e7as de Lygia Clark, Abraham Palatinik e Z\u00e9 Carlos Garcia, retratos de Alice Brill, Rog\u00e9rio Reis e Rafael Bqueer, v\u00eddeos de Leon Hirzsman, reprodu\u00e7\u00f5es de desenhos de Carl Gustav Jung, aquarelas e fotos de Carlos Vergara. A curadoria \u00e9 do Est\u00fadio M\u2019Barak\u00e1, com consultoria do muse\u00f3logo Eur\u00edpedes J\u00fanior e do psiquiatra Vitor Pordeus.<\/p>\n<p>Arte para revelar o universo interior<\/p>\n<p>Localizado no Engenho de Dentro, na Zona Norte do Rio de Janeiro, o Museu de Imagens do Inconsciente foi criado por Nise em 1952 com a finalidade de reunir os trabalhos produzidos pelos seus clientes nos est\u00fadios de modelagem e pintura \u2013 verdadeiros documentos para ajudar na compreens\u00e3o mais profunda do que se passava no universo interior deles.<br \/>\nDos clientes que se destacaram em um acervo com mais de 400 mil trabalhos, foram escolhidas para a mostra no CCBB telas de Carlos Pertuis (que deixou cerca de 21 mil pinturas), Fernando Diniz (por volta 35 mil), Adelina Gomes (na base dos 17 mil), Emygdio de Barros (em torno de 3.300) e Beta d\u2019Rocha &#8211; ela encontrou um caminho de express\u00e3o tamb\u00e9m na escrita (\u201cA hist\u00f3ria de Beta\u201d e \u201cCadernos \u00edntimos\u201d), com relatos sobre as crises e as interna\u00e7\u00f5es, facilitando o processo de autocura. Das artistas atuais, o p\u00fablico mineiro ver\u00e1 duas pinturas fortes de Renata Inoc\u00eancio.<br \/>\n<img loading=\"lazy\" decoding=\"async\" class=\"alignnone size-medium wp-image-5282\" src=\"https:\/\/www.vivagrandebh.com.br\/revista\/wp-content\/uploads\/2022\/01\/expo-nise-ccbb-mapafotografia-05-300x201.jpg\" alt=\"\" width=\"300\" height=\"201\" srcset=\"https:\/\/www.vivagrandebh.com.br\/revista\/wp-content\/uploads\/2022\/01\/expo-nise-ccbb-mapafotografia-05-300x201.jpg 300w, https:\/\/www.vivagrandebh.com.br\/revista\/wp-content\/uploads\/2022\/01\/expo-nise-ccbb-mapafotografia-05.jpg 350w\" sizes=\"(max-width: 300px) 100vw, 300px\" \/><\/p>\n<p>Um mergulho libert\u00e1rio no inconsciente<\/p>\n<p>A expografia de Diogo Rezende, designer e s\u00f3cio do Est\u00fadio M\u2019Barak\u00e1, traz ambientes preenchidos de improviso e sobreposi\u00e7\u00f5es que contrastam a frieza da institui\u00e7\u00e3o de clausura, sob constante vigil\u00e2ncia, com o calor, a humanidade e a liberdade do trabalho que a doutora Nise realizou. Cada sala traz um clima \u00fanico, com direito a um po\u00e7o do inconsciente: um v\u00eddeo processa, em movimentos circulares, imagens da psiqu\u00ea produzidas no ateli\u00ea e projetadas num espelho d\u2019\u00e1gua em forma de po\u00e7o.<br \/>\nO p\u00fablico vai passear pelos precursores da arteterapia em oposi\u00e7\u00e3o aos tratamentos da \u00e9poca, a quest\u00e3o do afeto, depois ver\u00e1 a chegada da alagoana Nise ao Rio de Janeiro, a passagem pela pris\u00e3o, as mulheres com quem conviveu, entre elas a sambista Dona Ivone Lara, at\u00e9 fazer um mergulho no inconsciente, explorando tamb\u00e9m a quest\u00e3o territorial do Engenho de Dentro enquanto espa\u00e7o de exclus\u00e3o e met\u00e1fora, na linha engenho interior versus engenho exterior.<\/p>\n<p>Exposi\u00e7\u00e3o \u201cNise da Silveira<br \/>\nA Revolu\u00e7\u00e3o pelo afeto\u201d<\/p>\n<p>De 08 de dezembro de 2021 a 28 de mar\u00e7o de 2022<\/p>\n<p>Centro Cultural Banco do Brasil<br \/>\n(Pra\u00e7a da Liberdade, 450 \u2013 Funcion\u00e1rios)<br \/>\nDias e Hor\u00e1rios de visita\u00e7\u00e3o:<br \/>\nde quarta \u00e0 segunda, das 10h \u00e0s 22h<br \/>\nEntrada Gratuita &#8211; mediante retirada de ingresso com agendamento pr\u00e9vio no site www.eventim.com.br<\/p>\n<p><img loading=\"lazy\" decoding=\"async\" class=\"alignnone size-medium wp-image-5283\" src=\"https:\/\/www.vivagrandebh.com.br\/revista\/wp-content\/uploads\/2022\/01\/expo-nise-ccbb-mapafotografia-06-300x201.jpg\" alt=\"\" width=\"300\" height=\"201\" srcset=\"https:\/\/www.vivagrandebh.com.br\/revista\/wp-content\/uploads\/2022\/01\/expo-nise-ccbb-mapafotografia-06-300x201.jpg 300w, https:\/\/www.vivagrandebh.com.br\/revista\/wp-content\/uploads\/2022\/01\/expo-nise-ccbb-mapafotografia-06.jpg 350w\" sizes=\"(max-width: 300px) 100vw, 300px\" \/><\/p>\n","protected":false},"excerpt":{"rendered":"<p>Por Fabio Gomides Fotografia: Rog\u00e9rio von Kr\u00fcger Reunindo obras que fazem parte do acervo do Museu de Imagens do Inconsciente, al\u00e9m de trabalhos assinados por nomes como Lygia Clark, Abraham Palatinik, Z\u00e9 Carlos Garcia, Leon Hirzsman e Carlos Vergara, a exposi\u00e7\u00e3o chega \u00e0 capital mineira depois de uma temporada de muito sucesso no CCBB Rio. [&hellip;]<\/p>\n","protected":false},"author":1,"featured_media":5278,"comment_status":"closed","ping_status":"open","sticky":false,"template":"","format":"standard","meta":{"footnotes":""},"categories":[72,74],"tags":[],"yoast_head":"<!-- This site is optimized with the Yoast SEO plugin v21.7 - https:\/\/yoast.com\/wordpress\/plugins\/seo\/ -->\n<title>Exposi\u00e7\u00e3o Nise da Silveira A Revolu\u00e7\u00e3o pelo Afeto chega a Belo Horizonte - Revista Viva Grande BH<\/title>\n<meta name=\"robots\" content=\"index, follow, max-snippet:-1, max-image-preview:large, max-video-preview:-1\" \/>\n<link rel=\"canonical\" href=\"https:\/\/www.vivagrandebh.com.br\/revista\/exposicao-nise-da-silveira-a-revolucao-pelo-afeto-chega-a-belo-horizonte\/\" \/>\n<meta property=\"og:locale\" content=\"pt_BR\" \/>\n<meta property=\"og:type\" content=\"article\" \/>\n<meta property=\"og:title\" content=\"Exposi\u00e7\u00e3o Nise da Silveira A Revolu\u00e7\u00e3o pelo Afeto chega a Belo Horizonte - Revista Viva Grande BH\" \/>\n<meta property=\"og:description\" content=\"Por Fabio Gomides Fotografia: Rog\u00e9rio von Kr\u00fcger Reunindo obras que fazem parte do acervo do Museu de Imagens do Inconsciente, al\u00e9m de trabalhos assinados por nomes como Lygia Clark, Abraham Palatinik, Z\u00e9 Carlos Garcia, Leon Hirzsman e Carlos Vergara, a exposi\u00e7\u00e3o chega \u00e0 capital mineira depois de uma temporada de muito sucesso no CCBB Rio. [&hellip;]\" \/>\n<meta property=\"og:url\" content=\"https:\/\/www.vivagrandebh.com.br\/revista\/exposicao-nise-da-silveira-a-revolucao-pelo-afeto-chega-a-belo-horizonte\/\" \/>\n<meta property=\"og:site_name\" content=\"Revista Viva Grande BH\" \/>\n<meta property=\"article:publisher\" content=\"https:\/\/www.facebook.com\/revistavivagdebh\/\" \/>\n<meta property=\"article:published_time\" content=\"2022-01-14T11:50:43+00:00\" \/>\n<meta property=\"og:image\" content=\"https:\/\/www.vivagrandebh.com.br\/revista\/wp-content\/uploads\/2022\/01\/expo-nise-ccbb-mapafotografia-01.jpg\" \/>\n\t<meta property=\"og:image:width\" content=\"600\" \/>\n\t<meta property=\"og:image:height\" content=\"400\" \/>\n\t<meta property=\"og:image:type\" content=\"image\/jpeg\" \/>\n<meta name=\"author\" content=\"ReVis9A\" \/>\n<meta name=\"twitter:card\" content=\"summary_large_image\" \/>\n<meta name=\"twitter:label1\" content=\"Escrito por\" \/>\n\t<meta name=\"twitter:data1\" content=\"ReVis9A\" \/>\n\t<meta name=\"twitter:label2\" content=\"Est. tempo de leitura\" \/>\n\t<meta name=\"twitter:data2\" content=\"3 minutos\" \/>\n<script type=\"application\/ld+json\" class=\"yoast-schema-graph\">{\"@context\":\"https:\/\/schema.org\",\"@graph\":[{\"@type\":\"Article\",\"@id\":\"https:\/\/www.vivagrandebh.com.br\/revista\/exposicao-nise-da-silveira-a-revolucao-pelo-afeto-chega-a-belo-horizonte\/#article\",\"isPartOf\":{\"@id\":\"https:\/\/www.vivagrandebh.com.br\/revista\/exposicao-nise-da-silveira-a-revolucao-pelo-afeto-chega-a-belo-horizonte\/\"},\"author\":{\"name\":\"ReVis9A\",\"@id\":\"https:\/\/www.vivagrandebh.com.br\/revista\/#\/schema\/person\/be034323ae7591496446fddeadf1c9b7\"},\"headline\":\"Exposi\u00e7\u00e3o Nise da Silveira A Revolu\u00e7\u00e3o pelo Afeto chega a Belo Horizonte\",\"datePublished\":\"2022-01-14T11:50:43+00:00\",\"dateModified\":\"2022-01-14T11:50:43+00:00\",\"mainEntityOfPage\":{\"@id\":\"https:\/\/www.vivagrandebh.com.br\/revista\/exposicao-nise-da-silveira-a-revolucao-pelo-afeto-chega-a-belo-horizonte\/\"},\"wordCount\":677,\"publisher\":{\"@id\":\"https:\/\/www.vivagrandebh.com.br\/revista\/#organization\"},\"articleSection\":[\"Arte e Cultura\",\"Artes Pl\u00e1sticas\"],\"inLanguage\":\"pt-BR\"},{\"@type\":\"WebPage\",\"@id\":\"https:\/\/www.vivagrandebh.com.br\/revista\/exposicao-nise-da-silveira-a-revolucao-pelo-afeto-chega-a-belo-horizonte\/\",\"url\":\"https:\/\/www.vivagrandebh.com.br\/revista\/exposicao-nise-da-silveira-a-revolucao-pelo-afeto-chega-a-belo-horizonte\/\",\"name\":\"Exposi\u00e7\u00e3o Nise da Silveira A Revolu\u00e7\u00e3o pelo Afeto chega a Belo Horizonte - Revista Viva Grande BH\",\"isPartOf\":{\"@id\":\"https:\/\/www.vivagrandebh.com.br\/revista\/#website\"},\"datePublished\":\"2022-01-14T11:50:43+00:00\",\"dateModified\":\"2022-01-14T11:50:43+00:00\",\"breadcrumb\":{\"@id\":\"https:\/\/www.vivagrandebh.com.br\/revista\/exposicao-nise-da-silveira-a-revolucao-pelo-afeto-chega-a-belo-horizonte\/#breadcrumb\"},\"inLanguage\":\"pt-BR\",\"potentialAction\":[{\"@type\":\"ReadAction\",\"target\":[\"https:\/\/www.vivagrandebh.com.br\/revista\/exposicao-nise-da-silveira-a-revolucao-pelo-afeto-chega-a-belo-horizonte\/\"]}]},{\"@type\":\"BreadcrumbList\",\"@id\":\"https:\/\/www.vivagrandebh.com.br\/revista\/exposicao-nise-da-silveira-a-revolucao-pelo-afeto-chega-a-belo-horizonte\/#breadcrumb\",\"itemListElement\":[{\"@type\":\"ListItem\",\"position\":1,\"name\":\"In\u00edcio\",\"item\":\"https:\/\/www.vivagrandebh.com.br\/revista\/\"},{\"@type\":\"ListItem\",\"position\":2,\"name\":\"Exposi\u00e7\u00e3o Nise da Silveira A Revolu\u00e7\u00e3o pelo Afeto chega a Belo Horizonte\"}]},{\"@type\":\"WebSite\",\"@id\":\"https:\/\/www.vivagrandebh.com.br\/revista\/#website\",\"url\":\"https:\/\/www.vivagrandebh.com.br\/revista\/\",\"name\":\"Revista Viva Grande BH\",\"description\":\"a Viva Grande BH leva ao leitor informa\u00e7\u00f5es de qualidade sobre turismo, esporte, arte e cultura, economia, mercado e pol\u00edtica.\",\"publisher\":{\"@id\":\"https:\/\/www.vivagrandebh.com.br\/revista\/#organization\"},\"potentialAction\":[{\"@type\":\"SearchAction\",\"target\":{\"@type\":\"EntryPoint\",\"urlTemplate\":\"https:\/\/www.vivagrandebh.com.br\/revista\/?s={search_term_string}\"},\"query-input\":\"required name=search_term_string\"}],\"inLanguage\":\"pt-BR\"},{\"@type\":\"Organization\",\"@id\":\"https:\/\/www.vivagrandebh.com.br\/revista\/#organization\",\"name\":\"Revista Viva\",\"url\":\"https:\/\/www.vivagrandebh.com.br\/revista\/\",\"logo\":{\"@type\":\"ImageObject\",\"inLanguage\":\"pt-BR\",\"@id\":\"https:\/\/www.vivagrandebh.com.br\/revista\/#\/schema\/logo\/image\/\",\"url\":\"https:\/\/www.vivagrandebh.com.br\/revista\/wp-content\/uploads\/2020\/07\/logo-viva-e1599687783656.png\",\"contentUrl\":\"https:\/\/www.vivagrandebh.com.br\/revista\/wp-content\/uploads\/2020\/07\/logo-viva-e1599687783656.png\",\"width\":300,\"height\":90,\"caption\":\"Revista Viva\"},\"image\":{\"@id\":\"https:\/\/www.vivagrandebh.com.br\/revista\/#\/schema\/logo\/image\/\"},\"sameAs\":[\"https:\/\/www.facebook.com\/revistavivagdebh\/\",\"https:\/\/www.instagram.com\/vivagrandebh\/?hl=pt-br\",\"https:\/\/www.youtube.com\/channel\/UCmdQd1O5bVMGARYL5RU8H-w\/about\"]},{\"@type\":\"Person\",\"@id\":\"https:\/\/www.vivagrandebh.com.br\/revista\/#\/schema\/person\/be034323ae7591496446fddeadf1c9b7\",\"name\":\"ReVis9A\",\"image\":{\"@type\":\"ImageObject\",\"inLanguage\":\"pt-BR\",\"@id\":\"https:\/\/www.vivagrandebh.com.br\/revista\/#\/schema\/person\/image\/\",\"url\":\"https:\/\/secure.gravatar.com\/avatar\/8dab02a3b1732f4429157dfb0ba18faa?s=96&d=mm&r=g\",\"contentUrl\":\"https:\/\/secure.gravatar.com\/avatar\/8dab02a3b1732f4429157dfb0ba18faa?s=96&d=mm&r=g\",\"caption\":\"ReVis9A\"},\"url\":\"https:\/\/www.vivagrandebh.com.br\/revista\/author\/revis9a\/\"}]}<\/script>\n<!-- \/ Yoast SEO plugin. -->","yoast_head_json":{"title":"Exposi\u00e7\u00e3o Nise da Silveira A Revolu\u00e7\u00e3o pelo Afeto chega a Belo Horizonte - Revista Viva Grande BH","robots":{"index":"index","follow":"follow","max-snippet":"max-snippet:-1","max-image-preview":"max-image-preview:large","max-video-preview":"max-video-preview:-1"},"canonical":"https:\/\/www.vivagrandebh.com.br\/revista\/exposicao-nise-da-silveira-a-revolucao-pelo-afeto-chega-a-belo-horizonte\/","og_locale":"pt_BR","og_type":"article","og_title":"Exposi\u00e7\u00e3o Nise da Silveira A Revolu\u00e7\u00e3o pelo Afeto chega a Belo Horizonte - Revista Viva Grande BH","og_description":"Por Fabio Gomides Fotografia: Rog\u00e9rio von Kr\u00fcger Reunindo obras que fazem parte do acervo do Museu de Imagens do Inconsciente, al\u00e9m de trabalhos assinados por nomes como Lygia Clark, Abraham Palatinik, Z\u00e9 Carlos Garcia, Leon Hirzsman e Carlos Vergara, a exposi\u00e7\u00e3o chega \u00e0 capital mineira depois de uma temporada de muito sucesso no CCBB Rio. [&hellip;]","og_url":"https:\/\/www.vivagrandebh.com.br\/revista\/exposicao-nise-da-silveira-a-revolucao-pelo-afeto-chega-a-belo-horizonte\/","og_site_name":"Revista Viva Grande BH","article_publisher":"https:\/\/www.facebook.com\/revistavivagdebh\/","article_published_time":"2022-01-14T11:50:43+00:00","og_image":[{"width":600,"height":400,"url":"https:\/\/www.vivagrandebh.com.br\/revista\/wp-content\/uploads\/2022\/01\/expo-nise-ccbb-mapafotografia-01.jpg","type":"image\/jpeg"}],"author":"ReVis9A","twitter_card":"summary_large_image","twitter_misc":{"Escrito por":"ReVis9A","Est. tempo de leitura":"3 minutos"},"schema":{"@context":"https:\/\/schema.org","@graph":[{"@type":"Article","@id":"https:\/\/www.vivagrandebh.com.br\/revista\/exposicao-nise-da-silveira-a-revolucao-pelo-afeto-chega-a-belo-horizonte\/#article","isPartOf":{"@id":"https:\/\/www.vivagrandebh.com.br\/revista\/exposicao-nise-da-silveira-a-revolucao-pelo-afeto-chega-a-belo-horizonte\/"},"author":{"name":"ReVis9A","@id":"https:\/\/www.vivagrandebh.com.br\/revista\/#\/schema\/person\/be034323ae7591496446fddeadf1c9b7"},"headline":"Exposi\u00e7\u00e3o Nise da Silveira A Revolu\u00e7\u00e3o pelo Afeto chega a Belo Horizonte","datePublished":"2022-01-14T11:50:43+00:00","dateModified":"2022-01-14T11:50:43+00:00","mainEntityOfPage":{"@id":"https:\/\/www.vivagrandebh.com.br\/revista\/exposicao-nise-da-silveira-a-revolucao-pelo-afeto-chega-a-belo-horizonte\/"},"wordCount":677,"publisher":{"@id":"https:\/\/www.vivagrandebh.com.br\/revista\/#organization"},"articleSection":["Arte e Cultura","Artes Pl\u00e1sticas"],"inLanguage":"pt-BR"},{"@type":"WebPage","@id":"https:\/\/www.vivagrandebh.com.br\/revista\/exposicao-nise-da-silveira-a-revolucao-pelo-afeto-chega-a-belo-horizonte\/","url":"https:\/\/www.vivagrandebh.com.br\/revista\/exposicao-nise-da-silveira-a-revolucao-pelo-afeto-chega-a-belo-horizonte\/","name":"Exposi\u00e7\u00e3o Nise da Silveira A Revolu\u00e7\u00e3o pelo Afeto chega a Belo Horizonte - Revista Viva Grande BH","isPartOf":{"@id":"https:\/\/www.vivagrandebh.com.br\/revista\/#website"},"datePublished":"2022-01-14T11:50:43+00:00","dateModified":"2022-01-14T11:50:43+00:00","breadcrumb":{"@id":"https:\/\/www.vivagrandebh.com.br\/revista\/exposicao-nise-da-silveira-a-revolucao-pelo-afeto-chega-a-belo-horizonte\/#breadcrumb"},"inLanguage":"pt-BR","potentialAction":[{"@type":"ReadAction","target":["https:\/\/www.vivagrandebh.com.br\/revista\/exposicao-nise-da-silveira-a-revolucao-pelo-afeto-chega-a-belo-horizonte\/"]}]},{"@type":"BreadcrumbList","@id":"https:\/\/www.vivagrandebh.com.br\/revista\/exposicao-nise-da-silveira-a-revolucao-pelo-afeto-chega-a-belo-horizonte\/#breadcrumb","itemListElement":[{"@type":"ListItem","position":1,"name":"In\u00edcio","item":"https:\/\/www.vivagrandebh.com.br\/revista\/"},{"@type":"ListItem","position":2,"name":"Exposi\u00e7\u00e3o Nise da Silveira A Revolu\u00e7\u00e3o pelo Afeto chega a Belo Horizonte"}]},{"@type":"WebSite","@id":"https:\/\/www.vivagrandebh.com.br\/revista\/#website","url":"https:\/\/www.vivagrandebh.com.br\/revista\/","name":"Revista Viva Grande BH","description":"a Viva Grande BH leva ao leitor informa\u00e7\u00f5es de qualidade sobre turismo, esporte, arte e cultura, economia, mercado e pol\u00edtica.","publisher":{"@id":"https:\/\/www.vivagrandebh.com.br\/revista\/#organization"},"potentialAction":[{"@type":"SearchAction","target":{"@type":"EntryPoint","urlTemplate":"https:\/\/www.vivagrandebh.com.br\/revista\/?s={search_term_string}"},"query-input":"required name=search_term_string"}],"inLanguage":"pt-BR"},{"@type":"Organization","@id":"https:\/\/www.vivagrandebh.com.br\/revista\/#organization","name":"Revista Viva","url":"https:\/\/www.vivagrandebh.com.br\/revista\/","logo":{"@type":"ImageObject","inLanguage":"pt-BR","@id":"https:\/\/www.vivagrandebh.com.br\/revista\/#\/schema\/logo\/image\/","url":"https:\/\/www.vivagrandebh.com.br\/revista\/wp-content\/uploads\/2020\/07\/logo-viva-e1599687783656.png","contentUrl":"https:\/\/www.vivagrandebh.com.br\/revista\/wp-content\/uploads\/2020\/07\/logo-viva-e1599687783656.png","width":300,"height":90,"caption":"Revista Viva"},"image":{"@id":"https:\/\/www.vivagrandebh.com.br\/revista\/#\/schema\/logo\/image\/"},"sameAs":["https:\/\/www.facebook.com\/revistavivagdebh\/","https:\/\/www.instagram.com\/vivagrandebh\/?hl=pt-br","https:\/\/www.youtube.com\/channel\/UCmdQd1O5bVMGARYL5RU8H-w\/about"]},{"@type":"Person","@id":"https:\/\/www.vivagrandebh.com.br\/revista\/#\/schema\/person\/be034323ae7591496446fddeadf1c9b7","name":"ReVis9A","image":{"@type":"ImageObject","inLanguage":"pt-BR","@id":"https:\/\/www.vivagrandebh.com.br\/revista\/#\/schema\/person\/image\/","url":"https:\/\/secure.gravatar.com\/avatar\/8dab02a3b1732f4429157dfb0ba18faa?s=96&d=mm&r=g","contentUrl":"https:\/\/secure.gravatar.com\/avatar\/8dab02a3b1732f4429157dfb0ba18faa?s=96&d=mm&r=g","caption":"ReVis9A"},"url":"https:\/\/www.vivagrandebh.com.br\/revista\/author\/revis9a\/"}]}},"_links":{"self":[{"href":"https:\/\/www.vivagrandebh.com.br\/revista\/wp-json\/wp\/v2\/posts\/5277"}],"collection":[{"href":"https:\/\/www.vivagrandebh.com.br\/revista\/wp-json\/wp\/v2\/posts"}],"about":[{"href":"https:\/\/www.vivagrandebh.com.br\/revista\/wp-json\/wp\/v2\/types\/post"}],"author":[{"embeddable":true,"href":"https:\/\/www.vivagrandebh.com.br\/revista\/wp-json\/wp\/v2\/users\/1"}],"replies":[{"embeddable":true,"href":"https:\/\/www.vivagrandebh.com.br\/revista\/wp-json\/wp\/v2\/comments?post=5277"}],"version-history":[{"count":1,"href":"https:\/\/www.vivagrandebh.com.br\/revista\/wp-json\/wp\/v2\/posts\/5277\/revisions"}],"predecessor-version":[{"id":5284,"href":"https:\/\/www.vivagrandebh.com.br\/revista\/wp-json\/wp\/v2\/posts\/5277\/revisions\/5284"}],"wp:featuredmedia":[{"embeddable":true,"href":"https:\/\/www.vivagrandebh.com.br\/revista\/wp-json\/wp\/v2\/media\/5278"}],"wp:attachment":[{"href":"https:\/\/www.vivagrandebh.com.br\/revista\/wp-json\/wp\/v2\/media?parent=5277"}],"wp:term":[{"taxonomy":"category","embeddable":true,"href":"https:\/\/www.vivagrandebh.com.br\/revista\/wp-json\/wp\/v2\/categories?post=5277"},{"taxonomy":"post_tag","embeddable":true,"href":"https:\/\/www.vivagrandebh.com.br\/revista\/wp-json\/wp\/v2\/tags?post=5277"}],"curies":[{"name":"wp","href":"https:\/\/api.w.org\/{rel}","templated":true}]}}