{"id":5263,"date":"2022-01-13T17:28:31","date_gmt":"2022-01-13T20:28:31","guid":{"rendered":"https:\/\/www.vivagrandebh.com.br\/revista\/?p=5263"},"modified":"2022-01-14T08:51:24","modified_gmt":"2022-01-14T11:51:24","slug":"tradicao-e-modernidade-que-reforcam-a-vocacao-de-minas-pela-gastronomia-de-raiz","status":"publish","type":"post","link":"https:\/\/www.vivagrandebh.com.br\/revista\/tradicao-e-modernidade-que-reforcam-a-vocacao-de-minas-pela-gastronomia-de-raiz\/","title":{"rendered":"Tradi\u00e7\u00e3o e modernidade que refor\u00e7am a voca\u00e7\u00e3o de minas pela gastronomia de raiz"},"content":{"rendered":"<p>Tradi\u00e7\u00e3o e modernidade que refor\u00e7am a voca\u00e7\u00e3o de minas pela gastronomia de raiz<\/p>\n<p>Frango com quiabo, servido com arroz, feij\u00e3o, ang\u00fa e chuchu refogado; ou voc\u00ea prefere frango ao molho pardo, seguido de arroz branco, quiabo e polenta; ou, ainda,\u00a0 costelinha de porco frita, acompanhada de couve, mandioca e feij\u00e3o tropeiro?<br \/>\nPimentinha para acentuar o sabor e cacha\u00e7a para degustar.<\/p>\n<figure id=\"attachment_5265\" aria-describedby=\"caption-attachment-5265\" style=\"width: 295px\" class=\"wp-caption alignnone\"><img fetchpriority=\"high\" decoding=\"async\" class=\"wp-image-5265 size-medium\" src=\"https:\/\/www.vivagrandebh.com.br\/revista\/wp-content\/uploads\/2022\/01\/costelinha-de-porco-295x300.jpg\" alt=\"Costelinha de Porco\" width=\"295\" height=\"300\" srcset=\"https:\/\/www.vivagrandebh.com.br\/revista\/wp-content\/uploads\/2022\/01\/costelinha-de-porco-295x300.jpg 295w, https:\/\/www.vivagrandebh.com.br\/revista\/wp-content\/uploads\/2022\/01\/costelinha-de-porco.jpg 350w\" sizes=\"(max-width: 295px) 100vw, 295px\" \/><figcaption id=\"caption-attachment-5265\" class=\"wp-caption-text\">Risoto de Canjiquinha acompanhado de costelinha su\u00edna e picles de moranga<\/figcaption><\/figure>\n<figure id=\"attachment_5266\" aria-describedby=\"caption-attachment-5266\" style=\"width: 248px\" class=\"wp-caption alignnone\"><img decoding=\"async\" class=\"wp-image-5266 size-medium\" src=\"https:\/\/www.vivagrandebh.com.br\/revista\/wp-content\/uploads\/2022\/01\/bigao-248x300.jpg\" alt=\"\" width=\"248\" height=\"300\" srcset=\"https:\/\/www.vivagrandebh.com.br\/revista\/wp-content\/uploads\/2022\/01\/bigao-248x300.jpg 248w, https:\/\/www.vivagrandebh.com.br\/revista\/wp-content\/uploads\/2022\/01\/bigao.jpg 350w\" sizes=\"(max-width: 248px) 100vw, 248px\" \/><figcaption id=\"caption-attachment-5266\" class=\"wp-caption-text\">Thiago Big\u00e3o<\/figcaption><\/figure>\n<p>A tradicional e diversificada culin\u00e1ria mineira, que conta, tamb\u00e9m, com riquezas como o caf\u00e9, o queijo, o p\u00e3o de queijo, o doce de leite e a goiabada,\u00a0 entre outros, \u00e9 um dos principais \u00edcones da nossa cultura, que j\u00e1 virou produto de exporta\u00e7\u00e3o e de transforma\u00e7\u00e3o econ\u00f4mica e social.<\/p>\n<p>H\u00e1 quem n\u00e3o abra m\u00e3o de saborear os alimentos em toda a sua simplicidade, seja no paladar ou na apresenta\u00e7\u00e3o dos pratos, que valoriza a sua hist\u00f3ria \u2013 iniciada com portugueses, negros e \u00edndios &#8211; mas que, ao mesmo tempo, reconhece a voca\u00e7\u00e3o tur\u00edstica da culin\u00e1ria mineira, a criatividade e a modernidade trazida por jovens cozinheiros e chefs mineiros. Fato \u00e9 que a culin\u00e1ria mineira ganhou requinte; em alguns casos, passou a fazer parte da alta gastronomia, atravessou fronteiras e ganhou fama, n\u00e3o somente no Brasil, mas no mundo, com suas saborosas iguarias.<br \/>\nThiago Big\u00e3o, que atuou como chef do \u00fanico hotel cinco estrelas de Minas Gerais, se considera extremamente apaixonado pela culin\u00e1ria mineira e aposta na gastronomia contempor\u00e2nea. \u201cVejo com bons olhos a moderniza\u00e7\u00e3o e a inser\u00e7\u00e3o da nossa comida em restaurantes mais refinados. Isso ajuda, ainda mais, a valorizar a nossa gastronomia. Comida mineira \u00e9 comida pra se comer na casa da av\u00f3, em restaurantes tem\u00e1ticos de comida mineira e, por que n\u00e3o, nos restaurantes mais refinados. Comida boa tem de ser comida em qualquer lugar\u201d, disse o chef, especialista em carnes e experiente na cozinha criativa.<br \/>\nThiago Big\u00e3o conta que, sempre que poss\u00edvel, coloca \u201cmineiridade\u201d em seus pratos. \u201cIndependentemente do card\u00e1pio ou evento que produzo, voc\u00ea sempre vai encontrar uma assinatura mineira neles. Seja num franguinho refogado com quiabo, na inser\u00e7\u00e3o da carne de porco, utilizando as nossas Pancs (Plantas Aliment\u00edcias N\u00e3o Convencionais), nos nossos doces mineiros. Tamb\u00e9m tento utilizar o m\u00e1ximo de insumos produzidos nas Minas Gerais\u201d, revelou ele, para quem comida mineira tem gosto e cheiro de conforto; \u00e9 sin\u00f4nimo de comida boa, de tempero afetivo. \u201c\u00c9 incr\u00edvel como a riqueza da culin\u00e1ria mineira \u2018cabe\u2019 em qualquer lugar! Na culin\u00e1ria do meu pa\u00eds, considero Minas Gerais como a mais rica de sabor e de hist\u00f3ria\u201d, disse Thiago Big\u00e3o.<\/p>\n<p>Outro que usa toda a sua experi\u00eancia na produ\u00e7\u00e3o de pratos criativos da culin\u00e1ria mineira &#8211; aprendeu na cozinha da av\u00f3, em Caxambu -, \u00e9 o chef Leo Paix\u00e3o, que tamb\u00e9m aposta na gastronomia afetiva para produzir suas receitas. A maioria dos pratos sofre a influ\u00eancia de t\u00e9cnicas francesas, mas o chef, que virou celebridade, garante que sua culin\u00e1ria \u00e9 essencialmente mineira, que n\u00e3o abre m\u00e3o do sabor e dos ingredientes mineiros, mas que tem como diferencial, tamb\u00e9m, a bonita apresenta\u00e7\u00e3o dos pratos. Entre suas receitas preferidas est\u00e1 o frango com quiabo.<\/p>\n<figure id=\"attachment_5267\" aria-describedby=\"caption-attachment-5267\" style=\"width: 300px\" class=\"wp-caption alignnone\"><img decoding=\"async\" class=\"size-medium wp-image-5267\" src=\"https:\/\/www.vivagrandebh.com.br\/revista\/wp-content\/uploads\/2022\/01\/Arroz-de-galinha-caipira-com-quiabo-e-Jerez-300x207.jpg\" alt=\"\" width=\"300\" height=\"207\" srcset=\"https:\/\/www.vivagrandebh.com.br\/revista\/wp-content\/uploads\/2022\/01\/Arroz-de-galinha-caipira-com-quiabo-e-Jerez-300x207.jpg 300w, https:\/\/www.vivagrandebh.com.br\/revista\/wp-content\/uploads\/2022\/01\/Arroz-de-galinha-caipira-com-quiabo-e-Jerez.jpg 350w\" sizes=\"(max-width: 300px) 100vw, 300px\" \/><figcaption id=\"caption-attachment-5267\" class=\"wp-caption-text\">Arroz de galinha caipira com quiabo e jerez<\/figcaption><\/figure>\n<figure id=\"attachment_5268\" aria-describedby=\"caption-attachment-5268\" style=\"width: 230px\" class=\"wp-caption alignnone\"><img loading=\"lazy\" decoding=\"async\" class=\"size-medium wp-image-5268\" src=\"https:\/\/www.vivagrandebh.com.br\/revista\/wp-content\/uploads\/2022\/01\/Leo-Paixao-230x300.jpg\" alt=\"\" width=\"230\" height=\"300\" srcset=\"https:\/\/www.vivagrandebh.com.br\/revista\/wp-content\/uploads\/2022\/01\/Leo-Paixao-230x300.jpg 230w, https:\/\/www.vivagrandebh.com.br\/revista\/wp-content\/uploads\/2022\/01\/Leo-Paixao.jpg 350w\" sizes=\"(max-width: 230px) 100vw, 230px\" \/><figcaption id=\"caption-attachment-5268\" class=\"wp-caption-text\">Leo Paix\u00e3o<\/figcaption><\/figure>\n<p>Mineiridade com criatividade<\/p>\n<p>O primeiro olhar de quem chega \u00e9 para o fog\u00e3o \u00e0 lenha; depois, as mesas largas de madeira e a rede balan\u00e7ando. \u00c9 muita mineiridade num s\u00f3 lugar! O restaurante Xapuri, fundado por dona Nelsa Trombino, \u00e9 uma das refer\u00eancias de comida tradicional mineira, em Belo Horizonte, visita obrigat\u00f3ria dos turistas que chegam \u00e0 capital. Atualmente, o filho Fl\u00e1vio Trombino vem assinando alguns pratos, colocando modernidade no card\u00e1pio. \u00c9 ele quem assina, por exemplo, o \u2018leit\u00e3o b\u00eabado\u2019, uma receita que demora alguns dias para ser finalizada, feita com leit\u00e3o desossado com r\u00f4ti de cabe\u00e7a, que acompanha tutu de feij\u00e3o e farofa de torresmo.<br \/>\nAssim como alguns outros chefs, Fl\u00e1vio Trombino escreve sua hist\u00f3ria a partir do aprendizado que teve dentro de casa com dona Nelsa. \u201cMinhas cria\u00e7\u00f5es sempre t\u00eam um ingrediente em comum, a paix\u00e3o pelas ra\u00edzes da culin\u00e1ria mineira e suas in\u00fameras aplica\u00e7\u00f5es na gastronomia, de forma criativa e saborosa\u201d, disse Fl\u00e1vio Trombino.<\/p>\n<figure id=\"attachment_5269\" aria-describedby=\"caption-attachment-5269\" style=\"width: 300px\" class=\"wp-caption alignnone\"><img loading=\"lazy\" decoding=\"async\" class=\"size-medium wp-image-5269\" src=\"https:\/\/www.vivagrandebh.com.br\/revista\/wp-content\/uploads\/2022\/01\/Flavio-Trombino-Xapuri-300x194.jpg\" alt=\"\" width=\"300\" height=\"194\" srcset=\"https:\/\/www.vivagrandebh.com.br\/revista\/wp-content\/uploads\/2022\/01\/Flavio-Trombino-Xapuri-300x194.jpg 300w, https:\/\/www.vivagrandebh.com.br\/revista\/wp-content\/uploads\/2022\/01\/Flavio-Trombino-Xapuri.jpg 350w\" sizes=\"(max-width: 300px) 100vw, 300px\" \/><figcaption id=\"caption-attachment-5269\" class=\"wp-caption-text\">Fl\u00e1vio Trombino &#8211; Xapuri<\/figcaption><\/figure>\n<figure id=\"attachment_5270\" aria-describedby=\"caption-attachment-5270\" style=\"width: 300px\" class=\"wp-caption alignnone\"><img loading=\"lazy\" decoding=\"async\" class=\"size-medium wp-image-5270\" src=\"https:\/\/www.vivagrandebh.com.br\/revista\/wp-content\/uploads\/2022\/01\/Leitao-bebado-Xapuri-300x200.jpg\" alt=\"\" width=\"300\" height=\"200\" srcset=\"https:\/\/www.vivagrandebh.com.br\/revista\/wp-content\/uploads\/2022\/01\/Leitao-bebado-Xapuri-300x200.jpg 300w, https:\/\/www.vivagrandebh.com.br\/revista\/wp-content\/uploads\/2022\/01\/Leitao-bebado-Xapuri.jpg 350w\" sizes=\"(max-width: 300px) 100vw, 300px\" \/><figcaption id=\"caption-attachment-5270\" class=\"wp-caption-text\">Leit\u00e3o B\u00eabado &#8211; Xapuri<\/figcaption><\/figure>\n<p>\u201cA modernidade j\u00e1 faz parte da cozinha mineira, \u00e9 algo c\u00edclico, que chegou com o advento da \u2018chefliza\u00e7ao\u2019 dos \u00faltimos anos, quando muitos quiseram virar chef de cozinha\u201d. A afirma\u00e7\u00e3o \u00e9 de Ricardo Rodrigues, terceira gera\u00e7\u00e3o do Maria das Tran\u00e7as, tradicional restaurante especializado em servir frango ao molho pardo e frango com quiabo, bem como o tradicional feij\u00e3o tropeiro, que tem grande for\u00e7a na hist\u00f3ria e cultura gastron\u00f4mica. Para ele, essa \u201creleitura\u201d da cozinha mineira \u00e9 saud\u00e1vel, n\u00e3o trazendo nenhum preju\u00edzo \u00e0 gastronomia de raiz. \u201cNossa cultura gastron\u00f4mica \u00e9 muito forte, somos \u00edcones em rela\u00e7\u00e3o \u00e0 gastronomia brasileira\u201d, disse ele. Segundo Ricardo Rodrigues, a \u00fanica cozinha que se pode encontrar, representada em todas as partes do Brasil, \u00e9 a mineira.<\/p>\n<figure id=\"attachment_5271\" aria-describedby=\"caption-attachment-5271\" style=\"width: 300px\" class=\"wp-caption alignnone\"><img loading=\"lazy\" decoding=\"async\" class=\"size-medium wp-image-5271\" src=\"https:\/\/www.vivagrandebh.com.br\/revista\/wp-content\/uploads\/2022\/01\/Ricardo-Rodrigues-Maria-das-Trancas-300x300.jpg\" alt=\"\" width=\"300\" height=\"300\" srcset=\"https:\/\/www.vivagrandebh.com.br\/revista\/wp-content\/uploads\/2022\/01\/Ricardo-Rodrigues-Maria-das-Trancas-300x300.jpg 300w, https:\/\/www.vivagrandebh.com.br\/revista\/wp-content\/uploads\/2022\/01\/Ricardo-Rodrigues-Maria-das-Trancas-150x150.jpg 150w, https:\/\/www.vivagrandebh.com.br\/revista\/wp-content\/uploads\/2022\/01\/Ricardo-Rodrigues-Maria-das-Trancas.jpg 350w\" sizes=\"(max-width: 300px) 100vw, 300px\" \/><figcaption id=\"caption-attachment-5271\" class=\"wp-caption-text\">Ricardo Rodrigues &#8211; Maria das Tran\u00e7as<\/figcaption><\/figure>\n<p><img loading=\"lazy\" decoding=\"async\" class=\"alignnone size-medium wp-image-5272\" src=\"https:\/\/www.vivagrandebh.com.br\/revista\/wp-content\/uploads\/2022\/01\/Tropeiro-300x300.jpg\" alt=\"\" width=\"300\" height=\"300\" srcset=\"https:\/\/www.vivagrandebh.com.br\/revista\/wp-content\/uploads\/2022\/01\/Tropeiro-300x300.jpg 300w, https:\/\/www.vivagrandebh.com.br\/revista\/wp-content\/uploads\/2022\/01\/Tropeiro-150x150.jpg 150w, https:\/\/www.vivagrandebh.com.br\/revista\/wp-content\/uploads\/2022\/01\/Tropeiro.jpg 350w\" sizes=\"(max-width: 300px) 100vw, 300px\" \/><\/p>\n<p>Queijo com churrasco<\/p>\n<p>Uma churrascaria localizada em territ\u00f3rio mineiro pode at\u00e9 oferecer mais de 30 cortes de carnes e um vasto buffet, mas, se n\u00e3o tiver pratos da tradicional comida mineira, os visitantes n\u00e3o se sentir\u00e3o em casa. Esse \u00e9 um dos motivos do sucesso do Porc\u00e3o, em Belo Horizonte, \u00fanica casa da marca em funcionamento no mundo. Entre os cerca de 15 pratos servidos \u00e0 la carte, o presidente do Grupo Meet, empres\u00e1rio Fernando J\u00fanior, incluiu no card\u00e1pio arroz de carreteiro, pa\u00e7oca de carne e arroz de costela, sem falar no sucesso da alcatra com queijo, servida no rod\u00edzio.<\/p>\n<figure id=\"attachment_5273\" aria-describedby=\"caption-attachment-5273\" style=\"width: 300px\" class=\"wp-caption alignnone\"><img loading=\"lazy\" decoding=\"async\" class=\"size-medium wp-image-5273\" src=\"https:\/\/www.vivagrandebh.com.br\/revista\/wp-content\/uploads\/2022\/01\/Fernando-Junior-Porcao-300x300.jpg\" alt=\"\" width=\"300\" height=\"300\" srcset=\"https:\/\/www.vivagrandebh.com.br\/revista\/wp-content\/uploads\/2022\/01\/Fernando-Junior-Porcao-300x300.jpg 300w, https:\/\/www.vivagrandebh.com.br\/revista\/wp-content\/uploads\/2022\/01\/Fernando-Junior-Porcao-150x150.jpg 150w, https:\/\/www.vivagrandebh.com.br\/revista\/wp-content\/uploads\/2022\/01\/Fernando-Junior-Porcao.jpg 350w\" sizes=\"(max-width: 300px) 100vw, 300px\" \/><figcaption id=\"caption-attachment-5273\" class=\"wp-caption-text\">Fernando Junior &#8211; Porc\u00e3o<\/figcaption><\/figure>\n<p>\u201cA alcatra com queijo \u00e9 a maior demonstra\u00e7\u00e3o de mineiridade dentro da churrascaria. \u00c9 o queijo mineiro colocado dentro da carne. Esse corte foi criado pelo Porc\u00e3o BH em 2005, e levado para o Brasil inteiro\u201d, disse Fernando J\u00fanior. A marca, que surgiu no Rio de janeiro, h\u00e1 49 anos, est\u00e1 em Belo Horizonte desde 2003.<\/p>\n<p>Quitandas na mostra<\/p>\n<p>A cultura gastron\u00f4mica de Minas j\u00e1 faz parte da agenda dos principais eventos do estado, uma vez que o mineiro \u00e9 conhecido por sua hospitalidade, por oferecer boas comida e bebida. Foi assim na maior mostra de arquitetura, design de interiores e paisagismo das Am\u00e9ricas, a CasaCor Minas 2021, realizada entre setembro e outubro, no Pal\u00e1cio das Mangabeiras, em Belo Horizonte. Muitos dos eventos de empresas participantes ofereceram aos visitantes uma boa mesa de caf\u00e9, com as del\u00edcias da culin\u00e1ria mineira.<br \/>\nA responsabilidade dos produtos na mostra foi do Armaz\u00e9m Origem, com curadoria de Cynthia Silva, que reuniu os melhores e premiados quitutes, quitandas e doces da culin\u00e1ria mineira, bem como queijos e caf\u00e9s especiais. \u201cTivemos na mostra apenas produtos selecionados, diferenciados, aqueles que apresentam riqueza em suas variedades\u201d, revelou a curadora.<\/p>\n<figure id=\"attachment_5274\" aria-describedby=\"caption-attachment-5274\" style=\"width: 248px\" class=\"wp-caption alignnone\"><img loading=\"lazy\" decoding=\"async\" class=\"size-medium wp-image-5274\" src=\"https:\/\/www.vivagrandebh.com.br\/revista\/wp-content\/uploads\/2022\/01\/Armazem-Origem-quitanda-248x300.jpg\" alt=\"\" width=\"248\" height=\"300\" srcset=\"https:\/\/www.vivagrandebh.com.br\/revista\/wp-content\/uploads\/2022\/01\/Armazem-Origem-quitanda-248x300.jpg 248w, https:\/\/www.vivagrandebh.com.br\/revista\/wp-content\/uploads\/2022\/01\/Armazem-Origem-quitanda.jpg 350w\" sizes=\"(max-width: 248px) 100vw, 248px\" \/><figcaption id=\"caption-attachment-5274\" class=\"wp-caption-text\">Armaz\u00e9m Origem &#8211; Quitanda<\/figcaption><\/figure>\n<figure id=\"attachment_5275\" aria-describedby=\"caption-attachment-5275\" style=\"width: 275px\" class=\"wp-caption alignnone\"><img loading=\"lazy\" decoding=\"async\" class=\"size-medium wp-image-5275\" src=\"https:\/\/www.vivagrandebh.com.br\/revista\/wp-content\/uploads\/2022\/01\/Armazem-Origem-queijo-minas-275x300.jpg\" alt=\"\" width=\"275\" height=\"300\" srcset=\"https:\/\/www.vivagrandebh.com.br\/revista\/wp-content\/uploads\/2022\/01\/Armazem-Origem-queijo-minas-275x300.jpg 275w, https:\/\/www.vivagrandebh.com.br\/revista\/wp-content\/uploads\/2022\/01\/Armazem-Origem-queijo-minas.jpg 350w\" sizes=\"(max-width: 275px) 100vw, 275px\" \/><figcaption id=\"caption-attachment-5275\" class=\"wp-caption-text\">Armaz\u00e9m Origem &#8211; Queijo Minas<\/figcaption><\/figure>\n<p>O QUE \u00c9 CERVEJA ARTESANAL?<\/p>\n<p>Para come\u00e7o de conversa, vamos combinar, mineiro gosta de uma cerveja gelada! Nosso lema, muito repetido, \u00e9 que \u201cse n\u00e3o tem mar, vamos para o bar\u201d, e n\u00e3o \u00e9 atoa, Belo Horizonte \u00e9 a capital nacional dos bares, com mais de doze mil estabelecimentos voltados para a nossa amada cerveja.<br \/>\nA cultura cervejeira faz parte de Minas Gerais, e nos \u00faltimos anos, a cultura da cerveja artesanal vem crescendo exponencialmente. S\u00e3o mais de 178 cervejarias artesanais em nosso estado, e segundo o Anu\u00e1rio da Cerveja 2020, foram registrados 1.233 novos produtos em 2020.<br \/>\nA cerveja artesanal se diferencia das tradicionais bebidas de grande mercado principalmente pela qualidade de seus insumos, cuidado do produtor, e comumente, produ\u00e7\u00e3o em escala menor. O resultado \u00e9 um produto com cor, sabor e aroma superiores \u00e0s cervejas de grande mercado, e h\u00e1 uma imensa variedade de estilos e r\u00f3tulos fabricados com excel\u00eancia pelas cervejarias artesanais mineiras. Uma bela quantidade delas, inclusive, j\u00e1 foi premiada nacional e internacionalmente.<br \/>\nPodem ser cervejas vivas, sem pasteuriza\u00e7\u00e3o (como os nossos amados chopes em barril), ou pasteurizadas, essas \u00faltimas com durabilidade maior e s\u00e3o envasadas em latas ou garrafas.<br \/>\nS\u00e3o muitas as cores, sabores e aromas que a cerveja artesanal pode oferecer, e sendo um produto gastron\u00f4mico, v\u00e3o muito bem harmonizadas com boa comida.<br \/>\nO que voc\u00ea ver\u00e1 por aqui, nas pr\u00f3ximas edi\u00e7\u00f5es, \u00e9 exatamente isso: belas cervejas de excelentes cervejarias artesanais, com dicas de \u00f3timos acompanhamentos para alimentar o corpo e a alma.<\/p>\n<p>&nbsp;<\/p>\n<p>Andr\u00e9a Mariz<br \/>\nCervejeira mineira, nascida<br \/>\ne criada em Belo Horizonte<br \/>\n@brejalover | brejalover@gmail.com<\/p>\n","protected":false},"excerpt":{"rendered":"<p>Tradi\u00e7\u00e3o e modernidade que refor\u00e7am a voca\u00e7\u00e3o de minas pela gastronomia de raiz Frango com quiabo, servido com arroz, feij\u00e3o, ang\u00fa e chuchu refogado; ou voc\u00ea prefere frango ao molho pardo, seguido de arroz branco, quiabo e polenta; ou, ainda,\u00a0 costelinha de porco frita, acompanhada de couve, mandioca e feij\u00e3o tropeiro? Pimentinha para acentuar o [&hellip;]<\/p>\n","protected":false},"author":1,"featured_media":5264,"comment_status":"closed","ping_status":"open","sticky":false,"template":"","format":"standard","meta":{"footnotes":""},"categories":[61,1],"tags":[],"yoast_head":"<!-- This site is optimized with the Yoast SEO plugin v21.7 - https:\/\/yoast.com\/wordpress\/plugins\/seo\/ -->\n<title>Tradi\u00e7\u00e3o e modernidade que refor\u00e7am a voca\u00e7\u00e3o de minas pela gastronomia de raiz - Revista Viva Grande BH<\/title>\n<meta name=\"robots\" content=\"index, follow, max-snippet:-1, max-image-preview:large, max-video-preview:-1\" \/>\n<link rel=\"canonical\" href=\"https:\/\/www.vivagrandebh.com.br\/revista\/tradicao-e-modernidade-que-reforcam-a-vocacao-de-minas-pela-gastronomia-de-raiz\/\" \/>\n<meta property=\"og:locale\" content=\"pt_BR\" \/>\n<meta property=\"og:type\" content=\"article\" \/>\n<meta property=\"og:title\" content=\"Tradi\u00e7\u00e3o e modernidade que refor\u00e7am a voca\u00e7\u00e3o de minas pela gastronomia de raiz - Revista Viva Grande BH\" \/>\n<meta property=\"og:description\" content=\"Tradi\u00e7\u00e3o e modernidade que refor\u00e7am a voca\u00e7\u00e3o de minas pela gastronomia de raiz Frango com quiabo, servido com arroz, feij\u00e3o, ang\u00fa e chuchu refogado; ou voc\u00ea prefere frango ao molho pardo, seguido de arroz branco, quiabo e polenta; ou, ainda,\u00a0 costelinha de porco frita, acompanhada de couve, mandioca e feij\u00e3o tropeiro? Pimentinha para acentuar o [&hellip;]\" \/>\n<meta property=\"og:url\" content=\"https:\/\/www.vivagrandebh.com.br\/revista\/tradicao-e-modernidade-que-reforcam-a-vocacao-de-minas-pela-gastronomia-de-raiz\/\" \/>\n<meta property=\"og:site_name\" content=\"Revista Viva Grande BH\" \/>\n<meta property=\"article:publisher\" content=\"https:\/\/www.facebook.com\/revistavivagdebh\/\" \/>\n<meta property=\"article:published_time\" content=\"2022-01-13T20:28:31+00:00\" \/>\n<meta property=\"article:modified_time\" content=\"2022-01-14T11:51:24+00:00\" \/>\n<meta property=\"og:image\" content=\"https:\/\/www.vivagrandebh.com.br\/revista\/wp-content\/uploads\/2022\/01\/Frango-com-quiabo-Maria-das-trancas.jpg\" \/>\n\t<meta property=\"og:image:width\" content=\"600\" \/>\n\t<meta property=\"og:image:height\" content=\"400\" \/>\n\t<meta property=\"og:image:type\" content=\"image\/jpeg\" \/>\n<meta name=\"author\" content=\"ReVis9A\" \/>\n<meta name=\"twitter:card\" content=\"summary_large_image\" \/>\n<meta name=\"twitter:label1\" content=\"Escrito por\" \/>\n\t<meta name=\"twitter:data1\" content=\"ReVis9A\" \/>\n\t<meta name=\"twitter:label2\" content=\"Est. tempo de leitura\" \/>\n\t<meta name=\"twitter:data2\" content=\"8 minutos\" \/>\n<script type=\"application\/ld+json\" class=\"yoast-schema-graph\">{\"@context\":\"https:\/\/schema.org\",\"@graph\":[{\"@type\":\"Article\",\"@id\":\"https:\/\/www.vivagrandebh.com.br\/revista\/tradicao-e-modernidade-que-reforcam-a-vocacao-de-minas-pela-gastronomia-de-raiz\/#article\",\"isPartOf\":{\"@id\":\"https:\/\/www.vivagrandebh.com.br\/revista\/tradicao-e-modernidade-que-reforcam-a-vocacao-de-minas-pela-gastronomia-de-raiz\/\"},\"author\":{\"name\":\"ReVis9A\",\"@id\":\"https:\/\/www.vivagrandebh.com.br\/revista\/#\/schema\/person\/be034323ae7591496446fddeadf1c9b7\"},\"headline\":\"Tradi\u00e7\u00e3o e modernidade que refor\u00e7am a voca\u00e7\u00e3o de minas pela gastronomia de raiz\",\"datePublished\":\"2022-01-13T20:28:31+00:00\",\"dateModified\":\"2022-01-14T11:51:24+00:00\",\"mainEntityOfPage\":{\"@id\":\"https:\/\/www.vivagrandebh.com.br\/revista\/tradicao-e-modernidade-que-reforcam-a-vocacao-de-minas-pela-gastronomia-de-raiz\/\"},\"wordCount\":1568,\"publisher\":{\"@id\":\"https:\/\/www.vivagrandebh.com.br\/revista\/#organization\"},\"articleSection\":[\"Gastronomia\",\"Uncategorized\"],\"inLanguage\":\"pt-BR\"},{\"@type\":\"WebPage\",\"@id\":\"https:\/\/www.vivagrandebh.com.br\/revista\/tradicao-e-modernidade-que-reforcam-a-vocacao-de-minas-pela-gastronomia-de-raiz\/\",\"url\":\"https:\/\/www.vivagrandebh.com.br\/revista\/tradicao-e-modernidade-que-reforcam-a-vocacao-de-minas-pela-gastronomia-de-raiz\/\",\"name\":\"Tradi\u00e7\u00e3o e modernidade que refor\u00e7am a voca\u00e7\u00e3o de minas pela gastronomia de raiz - Revista Viva Grande BH\",\"isPartOf\":{\"@id\":\"https:\/\/www.vivagrandebh.com.br\/revista\/#website\"},\"datePublished\":\"2022-01-13T20:28:31+00:00\",\"dateModified\":\"2022-01-14T11:51:24+00:00\",\"breadcrumb\":{\"@id\":\"https:\/\/www.vivagrandebh.com.br\/revista\/tradicao-e-modernidade-que-reforcam-a-vocacao-de-minas-pela-gastronomia-de-raiz\/#breadcrumb\"},\"inLanguage\":\"pt-BR\",\"potentialAction\":[{\"@type\":\"ReadAction\",\"target\":[\"https:\/\/www.vivagrandebh.com.br\/revista\/tradicao-e-modernidade-que-reforcam-a-vocacao-de-minas-pela-gastronomia-de-raiz\/\"]}]},{\"@type\":\"BreadcrumbList\",\"@id\":\"https:\/\/www.vivagrandebh.com.br\/revista\/tradicao-e-modernidade-que-reforcam-a-vocacao-de-minas-pela-gastronomia-de-raiz\/#breadcrumb\",\"itemListElement\":[{\"@type\":\"ListItem\",\"position\":1,\"name\":\"In\u00edcio\",\"item\":\"https:\/\/www.vivagrandebh.com.br\/revista\/\"},{\"@type\":\"ListItem\",\"position\":2,\"name\":\"Tradi\u00e7\u00e3o e modernidade que refor\u00e7am a voca\u00e7\u00e3o de minas pela gastronomia de raiz\"}]},{\"@type\":\"WebSite\",\"@id\":\"https:\/\/www.vivagrandebh.com.br\/revista\/#website\",\"url\":\"https:\/\/www.vivagrandebh.com.br\/revista\/\",\"name\":\"Revista Viva Grande BH\",\"description\":\"a Viva Grande BH leva ao leitor informa\u00e7\u00f5es de qualidade sobre turismo, esporte, arte e cultura, economia, mercado e pol\u00edtica.\",\"publisher\":{\"@id\":\"https:\/\/www.vivagrandebh.com.br\/revista\/#organization\"},\"potentialAction\":[{\"@type\":\"SearchAction\",\"target\":{\"@type\":\"EntryPoint\",\"urlTemplate\":\"https:\/\/www.vivagrandebh.com.br\/revista\/?s={search_term_string}\"},\"query-input\":\"required name=search_term_string\"}],\"inLanguage\":\"pt-BR\"},{\"@type\":\"Organization\",\"@id\":\"https:\/\/www.vivagrandebh.com.br\/revista\/#organization\",\"name\":\"Revista Viva\",\"url\":\"https:\/\/www.vivagrandebh.com.br\/revista\/\",\"logo\":{\"@type\":\"ImageObject\",\"inLanguage\":\"pt-BR\",\"@id\":\"https:\/\/www.vivagrandebh.com.br\/revista\/#\/schema\/logo\/image\/\",\"url\":\"https:\/\/www.vivagrandebh.com.br\/revista\/wp-content\/uploads\/2020\/07\/logo-viva-e1599687783656.png\",\"contentUrl\":\"https:\/\/www.vivagrandebh.com.br\/revista\/wp-content\/uploads\/2020\/07\/logo-viva-e1599687783656.png\",\"width\":300,\"height\":90,\"caption\":\"Revista Viva\"},\"image\":{\"@id\":\"https:\/\/www.vivagrandebh.com.br\/revista\/#\/schema\/logo\/image\/\"},\"sameAs\":[\"https:\/\/www.facebook.com\/revistavivagdebh\/\",\"https:\/\/www.instagram.com\/vivagrandebh\/?hl=pt-br\",\"https:\/\/www.youtube.com\/channel\/UCmdQd1O5bVMGARYL5RU8H-w\/about\"]},{\"@type\":\"Person\",\"@id\":\"https:\/\/www.vivagrandebh.com.br\/revista\/#\/schema\/person\/be034323ae7591496446fddeadf1c9b7\",\"name\":\"ReVis9A\",\"image\":{\"@type\":\"ImageObject\",\"inLanguage\":\"pt-BR\",\"@id\":\"https:\/\/www.vivagrandebh.com.br\/revista\/#\/schema\/person\/image\/\",\"url\":\"https:\/\/secure.gravatar.com\/avatar\/8dab02a3b1732f4429157dfb0ba18faa?s=96&d=mm&r=g\",\"contentUrl\":\"https:\/\/secure.gravatar.com\/avatar\/8dab02a3b1732f4429157dfb0ba18faa?s=96&d=mm&r=g\",\"caption\":\"ReVis9A\"},\"url\":\"https:\/\/www.vivagrandebh.com.br\/revista\/author\/revis9a\/\"}]}<\/script>\n<!-- \/ Yoast SEO plugin. -->","yoast_head_json":{"title":"Tradi\u00e7\u00e3o e modernidade que refor\u00e7am a voca\u00e7\u00e3o de minas pela gastronomia de raiz - Revista Viva Grande BH","robots":{"index":"index","follow":"follow","max-snippet":"max-snippet:-1","max-image-preview":"max-image-preview:large","max-video-preview":"max-video-preview:-1"},"canonical":"https:\/\/www.vivagrandebh.com.br\/revista\/tradicao-e-modernidade-que-reforcam-a-vocacao-de-minas-pela-gastronomia-de-raiz\/","og_locale":"pt_BR","og_type":"article","og_title":"Tradi\u00e7\u00e3o e modernidade que refor\u00e7am a voca\u00e7\u00e3o de minas pela gastronomia de raiz - Revista Viva Grande BH","og_description":"Tradi\u00e7\u00e3o e modernidade que refor\u00e7am a voca\u00e7\u00e3o de minas pela gastronomia de raiz Frango com quiabo, servido com arroz, feij\u00e3o, ang\u00fa e chuchu refogado; ou voc\u00ea prefere frango ao molho pardo, seguido de arroz branco, quiabo e polenta; ou, ainda,\u00a0 costelinha de porco frita, acompanhada de couve, mandioca e feij\u00e3o tropeiro? Pimentinha para acentuar o [&hellip;]","og_url":"https:\/\/www.vivagrandebh.com.br\/revista\/tradicao-e-modernidade-que-reforcam-a-vocacao-de-minas-pela-gastronomia-de-raiz\/","og_site_name":"Revista Viva Grande BH","article_publisher":"https:\/\/www.facebook.com\/revistavivagdebh\/","article_published_time":"2022-01-13T20:28:31+00:00","article_modified_time":"2022-01-14T11:51:24+00:00","og_image":[{"width":600,"height":400,"url":"https:\/\/www.vivagrandebh.com.br\/revista\/wp-content\/uploads\/2022\/01\/Frango-com-quiabo-Maria-das-trancas.jpg","type":"image\/jpeg"}],"author":"ReVis9A","twitter_card":"summary_large_image","twitter_misc":{"Escrito por":"ReVis9A","Est. tempo de leitura":"8 minutos"},"schema":{"@context":"https:\/\/schema.org","@graph":[{"@type":"Article","@id":"https:\/\/www.vivagrandebh.com.br\/revista\/tradicao-e-modernidade-que-reforcam-a-vocacao-de-minas-pela-gastronomia-de-raiz\/#article","isPartOf":{"@id":"https:\/\/www.vivagrandebh.com.br\/revista\/tradicao-e-modernidade-que-reforcam-a-vocacao-de-minas-pela-gastronomia-de-raiz\/"},"author":{"name":"ReVis9A","@id":"https:\/\/www.vivagrandebh.com.br\/revista\/#\/schema\/person\/be034323ae7591496446fddeadf1c9b7"},"headline":"Tradi\u00e7\u00e3o e modernidade que refor\u00e7am a voca\u00e7\u00e3o de minas pela gastronomia de raiz","datePublished":"2022-01-13T20:28:31+00:00","dateModified":"2022-01-14T11:51:24+00:00","mainEntityOfPage":{"@id":"https:\/\/www.vivagrandebh.com.br\/revista\/tradicao-e-modernidade-que-reforcam-a-vocacao-de-minas-pela-gastronomia-de-raiz\/"},"wordCount":1568,"publisher":{"@id":"https:\/\/www.vivagrandebh.com.br\/revista\/#organization"},"articleSection":["Gastronomia","Uncategorized"],"inLanguage":"pt-BR"},{"@type":"WebPage","@id":"https:\/\/www.vivagrandebh.com.br\/revista\/tradicao-e-modernidade-que-reforcam-a-vocacao-de-minas-pela-gastronomia-de-raiz\/","url":"https:\/\/www.vivagrandebh.com.br\/revista\/tradicao-e-modernidade-que-reforcam-a-vocacao-de-minas-pela-gastronomia-de-raiz\/","name":"Tradi\u00e7\u00e3o e modernidade que refor\u00e7am a voca\u00e7\u00e3o de minas pela gastronomia de raiz - Revista Viva Grande BH","isPartOf":{"@id":"https:\/\/www.vivagrandebh.com.br\/revista\/#website"},"datePublished":"2022-01-13T20:28:31+00:00","dateModified":"2022-01-14T11:51:24+00:00","breadcrumb":{"@id":"https:\/\/www.vivagrandebh.com.br\/revista\/tradicao-e-modernidade-que-reforcam-a-vocacao-de-minas-pela-gastronomia-de-raiz\/#breadcrumb"},"inLanguage":"pt-BR","potentialAction":[{"@type":"ReadAction","target":["https:\/\/www.vivagrandebh.com.br\/revista\/tradicao-e-modernidade-que-reforcam-a-vocacao-de-minas-pela-gastronomia-de-raiz\/"]}]},{"@type":"BreadcrumbList","@id":"https:\/\/www.vivagrandebh.com.br\/revista\/tradicao-e-modernidade-que-reforcam-a-vocacao-de-minas-pela-gastronomia-de-raiz\/#breadcrumb","itemListElement":[{"@type":"ListItem","position":1,"name":"In\u00edcio","item":"https:\/\/www.vivagrandebh.com.br\/revista\/"},{"@type":"ListItem","position":2,"name":"Tradi\u00e7\u00e3o e modernidade que refor\u00e7am a voca\u00e7\u00e3o de minas pela gastronomia de raiz"}]},{"@type":"WebSite","@id":"https:\/\/www.vivagrandebh.com.br\/revista\/#website","url":"https:\/\/www.vivagrandebh.com.br\/revista\/","name":"Revista Viva Grande BH","description":"a Viva Grande BH leva ao leitor informa\u00e7\u00f5es de qualidade sobre turismo, esporte, arte e cultura, economia, mercado e pol\u00edtica.","publisher":{"@id":"https:\/\/www.vivagrandebh.com.br\/revista\/#organization"},"potentialAction":[{"@type":"SearchAction","target":{"@type":"EntryPoint","urlTemplate":"https:\/\/www.vivagrandebh.com.br\/revista\/?s={search_term_string}"},"query-input":"required name=search_term_string"}],"inLanguage":"pt-BR"},{"@type":"Organization","@id":"https:\/\/www.vivagrandebh.com.br\/revista\/#organization","name":"Revista Viva","url":"https:\/\/www.vivagrandebh.com.br\/revista\/","logo":{"@type":"ImageObject","inLanguage":"pt-BR","@id":"https:\/\/www.vivagrandebh.com.br\/revista\/#\/schema\/logo\/image\/","url":"https:\/\/www.vivagrandebh.com.br\/revista\/wp-content\/uploads\/2020\/07\/logo-viva-e1599687783656.png","contentUrl":"https:\/\/www.vivagrandebh.com.br\/revista\/wp-content\/uploads\/2020\/07\/logo-viva-e1599687783656.png","width":300,"height":90,"caption":"Revista Viva"},"image":{"@id":"https:\/\/www.vivagrandebh.com.br\/revista\/#\/schema\/logo\/image\/"},"sameAs":["https:\/\/www.facebook.com\/revistavivagdebh\/","https:\/\/www.instagram.com\/vivagrandebh\/?hl=pt-br","https:\/\/www.youtube.com\/channel\/UCmdQd1O5bVMGARYL5RU8H-w\/about"]},{"@type":"Person","@id":"https:\/\/www.vivagrandebh.com.br\/revista\/#\/schema\/person\/be034323ae7591496446fddeadf1c9b7","name":"ReVis9A","image":{"@type":"ImageObject","inLanguage":"pt-BR","@id":"https:\/\/www.vivagrandebh.com.br\/revista\/#\/schema\/person\/image\/","url":"https:\/\/secure.gravatar.com\/avatar\/8dab02a3b1732f4429157dfb0ba18faa?s=96&d=mm&r=g","contentUrl":"https:\/\/secure.gravatar.com\/avatar\/8dab02a3b1732f4429157dfb0ba18faa?s=96&d=mm&r=g","caption":"ReVis9A"},"url":"https:\/\/www.vivagrandebh.com.br\/revista\/author\/revis9a\/"}]}},"_links":{"self":[{"href":"https:\/\/www.vivagrandebh.com.br\/revista\/wp-json\/wp\/v2\/posts\/5263"}],"collection":[{"href":"https:\/\/www.vivagrandebh.com.br\/revista\/wp-json\/wp\/v2\/posts"}],"about":[{"href":"https:\/\/www.vivagrandebh.com.br\/revista\/wp-json\/wp\/v2\/types\/post"}],"author":[{"embeddable":true,"href":"https:\/\/www.vivagrandebh.com.br\/revista\/wp-json\/wp\/v2\/users\/1"}],"replies":[{"embeddable":true,"href":"https:\/\/www.vivagrandebh.com.br\/revista\/wp-json\/wp\/v2\/comments?post=5263"}],"version-history":[{"count":1,"href":"https:\/\/www.vivagrandebh.com.br\/revista\/wp-json\/wp\/v2\/posts\/5263\/revisions"}],"predecessor-version":[{"id":5276,"href":"https:\/\/www.vivagrandebh.com.br\/revista\/wp-json\/wp\/v2\/posts\/5263\/revisions\/5276"}],"wp:featuredmedia":[{"embeddable":true,"href":"https:\/\/www.vivagrandebh.com.br\/revista\/wp-json\/wp\/v2\/media\/5264"}],"wp:attachment":[{"href":"https:\/\/www.vivagrandebh.com.br\/revista\/wp-json\/wp\/v2\/media?parent=5263"}],"wp:term":[{"taxonomy":"category","embeddable":true,"href":"https:\/\/www.vivagrandebh.com.br\/revista\/wp-json\/wp\/v2\/categories?post=5263"},{"taxonomy":"post_tag","embeddable":true,"href":"https:\/\/www.vivagrandebh.com.br\/revista\/wp-json\/wp\/v2\/tags?post=5263"}],"curies":[{"name":"wp","href":"https:\/\/api.w.org\/{rel}","templated":true}]}}