{"id":5236,"date":"2022-01-11T13:30:02","date_gmt":"2022-01-11T16:30:02","guid":{"rendered":"https:\/\/www.vivagrandebh.com.br\/revista\/?p=5236"},"modified":"2022-01-11T13:30:33","modified_gmt":"2022-01-11T16:30:33","slug":"me-conta-onde-doi-e-eu-te-ajudo-a-encontrar-a-razao-da-sua-dor","status":"publish","type":"post","link":"https:\/\/www.vivagrandebh.com.br\/revista\/me-conta-onde-doi-e-eu-te-ajudo-a-encontrar-a-razao-da-sua-dor\/","title":{"rendered":"Me conta onde d\u00f3i, e eu te ajudo a encontrar  a raz\u00e3o da sua dor"},"content":{"rendered":"<p>A ess\u00eancia de um olhar humano fez a empreendedora, m\u00e3e de 4 filhos, hoje aos 58 anos, Maildes Malta, diante de tantas dificuldades e desafios na sua jornada da vida, criar sua forma exclusiva, criativa e \u00fanica, nos seus acolhimentos terap\u00eauticos. Eu, que j\u00e1 tive a oportunidade de ser atendida, v\u00e1rias vezes, por essa profissional incr\u00edvel, posso dizer que a busca de novos caminhos sempre nos leva a novas descobertas.<\/p>\n<p>Da \u00e1rea das exatas, por forma\u00e7\u00e3o, a terapeuta, desde crian\u00e7a, sentia atra\u00edda pelos cuidados com o outro, uma facilidade na escuta e na necessidade de buscar solu\u00e7\u00f5es para os problemas das pessoas de seu conv\u00edvio.<br \/>\nQuando estava com seus 35 anos, Maildes sentiu necessidade de ingressar em projetos sociais e volunt\u00e1rios na comunidade do aglomerado Cabana do Pai Tom\u00e1s, participando das capacita\u00e7\u00f5es para lideran\u00e7a no projeto \u201cCuidar de quem cuida\u201d, uma parceria entre Salesianos, o Grupo GIRBA (Grupo de Interc\u00e2mbio Refer\u00eancia entre Brasil\/Alemanha e a Par\u00f3quia Cristo Luz dos Povos), como, tamb\u00e9m, fez parte do Grupo de Teologia intensiva no CEFAP (Centro de Teologia da Arquidiocese de Belo Horizonte).<br \/>\nA terapeuta, ent\u00e3o, decidiu apoiar os moradores da comunidade, acolhendo a popula\u00e7\u00e3o com as suas t\u00e9cnicas, uma das quais ela j\u00e1 tinha como um dos seus maiores dons, o dom da escuta. Juntamente com outras t\u00e9cnicas de forma\u00e7\u00e3o, ela veio fazendo sua caminhada como buscadora do autoconhecimento: Reiki \u2013 Terapia de cura por meio das m\u00e3os\/Barra de Access\/Radiestesia.<\/p>\n<p>Um pouco da hist\u00f3ria contada por Maildes:<br \/>\n\u201cAdorei a ideia de sair do dom\u00ednio dos pap\u00e9is e ir ao encontro do humano. Isso foi maravilhoso! A partir da\u00ed, j\u00e1 senti o chamado da minha alma, e mergulhei, ent\u00e3o, no autoconhecimento. A vida foi me dando a oportunidade de dividir o tempo, entre cuidar da minha vida pessoal, filhos, casa e trabalho burocr\u00e1tico do escrit\u00f3rio com os atendimentos \u00e0 comunidade.<br \/>\nOs atendimentos alimentavam a minha alma e, ao mesmo tempo, eu via que as pessoas sa\u00edam mais leves das quest\u00f5es emocionais pelas quais estavam passando. Mas, 2015, foi para mim um divisor de \u00e1guas. A convite das irm\u00e3s da institui\u00e7\u00e3o FMM (Filhas de Maria Mission\u00e1ria) conheci a Constela\u00e7\u00e3o Familiar. Foi um salto em minha vida; apaixonei-me por essa nova abordagem sist\u00eamica.<br \/>\nPercebi que precisava ter um olhar mais profundo para as minhas quest\u00f5es internas e do meu sistema familiar, para poder, ent\u00e3o, ter uma nova percep\u00e7\u00e3o com rela\u00e7\u00e3o ao outro. Resolvi fazer a forma\u00e7\u00e3o em Constela\u00e7\u00e3o Familiar sist\u00eamica.<br \/>\nVi-me, ent\u00e3o, em um processo m\u00e1gico de me redescobrir, conhecer melhor as minhas origens, a minha raiz. Compreender os sofrimentos e as limita\u00e7\u00f5es dentro do meu sistema familiar, conhecer minhas vulnerabilidades e aprender a acolher o que estava oculto na minha linhagem familiar.<br \/>\n<img fetchpriority=\"high\" decoding=\"async\" class=\"alignnone size-medium wp-image-5237\" src=\"https:\/\/www.vivagrandebh.com.br\/revista\/wp-content\/uploads\/2022\/01\/Foto-Maildes-202x300.jpg\" alt=\"\" width=\"202\" height=\"300\" srcset=\"https:\/\/www.vivagrandebh.com.br\/revista\/wp-content\/uploads\/2022\/01\/Foto-Maildes-202x300.jpg 202w, https:\/\/www.vivagrandebh.com.br\/revista\/wp-content\/uploads\/2022\/01\/Foto-Maildes.jpg 300w\" sizes=\"(max-width: 202px) 100vw, 202px\" \/><br \/>\nEntender que h\u00e1 uma lealdade consangu\u00ednea e que, por amor, nos leva a repetir ou projetar o que ficou fora do lugar dentro de um sistema. A partir da\u00ed, foi um grande despertar interno, uma for\u00e7a que me conduziu a novos caminhos para os meus atendimentos.<br \/>\nT\u00e9cnica trazida e adaptada ao Brasil pelo psicoterapeuta Berting Hellinger.<\/p>\n<p>A Constela\u00e7\u00e3o Familiar \u00e9 uma filosofia de vida, que estuda os padr\u00f5es de comportamento de grupos familiares por meio de suas gera\u00e7\u00f5es. Na pr\u00e1tica, a Constela\u00e7\u00e3o mostra que muitos de nossos problemas, doen\u00e7as e incompreens\u00f5es podem estar ligados a outros familiares, que passaram por situa\u00e7\u00e3o id\u00eantica, mesmo que n\u00e3o tenha conhecido ou convivido com eles.<br \/>\nComo facilitadora em Constela\u00e7\u00e3o Familiar, te convido a conhecer um pouco mais sobre essa t\u00e9cnica, que transformou a minha vida, que me fez acessar ainda mais a minha crian\u00e7a interior e tornar a jornada mais leve, e os meus relacionamentos mais equilibrados.<\/p>\n<p>Que tal fazer parte desse campo de novas descobertas? Conte comigo!\u201d<\/p>\n<p>@maildesmalta10<br \/>\n(31) 98740-3479<\/p>\n","protected":false},"excerpt":{"rendered":"<p>A ess\u00eancia de um olhar humano fez a empreendedora, m\u00e3e de 4 filhos, hoje aos 58 anos, Maildes Malta, diante de tantas dificuldades e desafios na sua jornada da vida, criar sua forma exclusiva, criativa e \u00fanica, nos seus acolhimentos terap\u00eauticos. Eu, que j\u00e1 tive a oportunidade de ser atendida, v\u00e1rias vezes, por essa profissional [&hellip;]<\/p>\n","protected":false},"author":1,"featured_media":0,"comment_status":"closed","ping_status":"open","sticky":false,"template":"","format":"standard","meta":{"footnotes":""},"categories":[83],"tags":[],"yoast_head":"<!-- This site is optimized with the Yoast SEO plugin v21.7 - https:\/\/yoast.com\/wordpress\/plugins\/seo\/ -->\n<title>Me conta onde d\u00f3i, e eu te ajudo a encontrar a raz\u00e3o da sua dor - Revista Viva Grande BH<\/title>\n<meta name=\"robots\" content=\"index, follow, max-snippet:-1, max-image-preview:large, max-video-preview:-1\" \/>\n<link rel=\"canonical\" href=\"https:\/\/www.vivagrandebh.com.br\/revista\/me-conta-onde-doi-e-eu-te-ajudo-a-encontrar-a-razao-da-sua-dor\/\" \/>\n<meta property=\"og:locale\" content=\"pt_BR\" \/>\n<meta property=\"og:type\" content=\"article\" \/>\n<meta property=\"og:title\" content=\"Me conta onde d\u00f3i, e eu te ajudo a encontrar a raz\u00e3o da sua dor - Revista Viva Grande BH\" \/>\n<meta property=\"og:description\" content=\"A ess\u00eancia de um olhar humano fez a empreendedora, m\u00e3e de 4 filhos, hoje aos 58 anos, Maildes Malta, diante de tantas dificuldades e desafios na sua jornada da vida, criar sua forma exclusiva, criativa e \u00fanica, nos seus acolhimentos terap\u00eauticos. Eu, que j\u00e1 tive a oportunidade de ser atendida, v\u00e1rias vezes, por essa profissional [&hellip;]\" \/>\n<meta property=\"og:url\" content=\"https:\/\/www.vivagrandebh.com.br\/revista\/me-conta-onde-doi-e-eu-te-ajudo-a-encontrar-a-razao-da-sua-dor\/\" \/>\n<meta property=\"og:site_name\" content=\"Revista Viva Grande BH\" \/>\n<meta property=\"article:publisher\" content=\"https:\/\/www.facebook.com\/revistavivagdebh\/\" \/>\n<meta property=\"article:published_time\" content=\"2022-01-11T16:30:02+00:00\" \/>\n<meta property=\"article:modified_time\" content=\"2022-01-11T16:30:33+00:00\" \/>\n<meta property=\"og:image\" content=\"https:\/\/www.vivagrandebh.com.br\/revista\/wp-content\/uploads\/2022\/01\/Foto-Maildes-202x300.jpg\" \/>\n<meta name=\"author\" content=\"ReVis9A\" \/>\n<meta name=\"twitter:card\" content=\"summary_large_image\" \/>\n<meta name=\"twitter:label1\" content=\"Escrito por\" \/>\n\t<meta name=\"twitter:data1\" content=\"ReVis9A\" \/>\n\t<meta name=\"twitter:label2\" content=\"Est. tempo de leitura\" \/>\n\t<meta name=\"twitter:data2\" content=\"3 minutos\" \/>\n<script type=\"application\/ld+json\" class=\"yoast-schema-graph\">{\"@context\":\"https:\/\/schema.org\",\"@graph\":[{\"@type\":\"Article\",\"@id\":\"https:\/\/www.vivagrandebh.com.br\/revista\/me-conta-onde-doi-e-eu-te-ajudo-a-encontrar-a-razao-da-sua-dor\/#article\",\"isPartOf\":{\"@id\":\"https:\/\/www.vivagrandebh.com.br\/revista\/me-conta-onde-doi-e-eu-te-ajudo-a-encontrar-a-razao-da-sua-dor\/\"},\"author\":{\"name\":\"ReVis9A\",\"@id\":\"https:\/\/www.vivagrandebh.com.br\/revista\/#\/schema\/person\/be034323ae7591496446fddeadf1c9b7\"},\"headline\":\"Me conta onde d\u00f3i, e eu te ajudo a encontrar a raz\u00e3o da sua dor\",\"datePublished\":\"2022-01-11T16:30:02+00:00\",\"dateModified\":\"2022-01-11T16:30:33+00:00\",\"mainEntityOfPage\":{\"@id\":\"https:\/\/www.vivagrandebh.com.br\/revista\/me-conta-onde-doi-e-eu-te-ajudo-a-encontrar-a-razao-da-sua-dor\/\"},\"wordCount\":689,\"publisher\":{\"@id\":\"https:\/\/www.vivagrandebh.com.br\/revista\/#organization\"},\"articleSection\":[\"Sarah Pardini\"],\"inLanguage\":\"pt-BR\"},{\"@type\":\"WebPage\",\"@id\":\"https:\/\/www.vivagrandebh.com.br\/revista\/me-conta-onde-doi-e-eu-te-ajudo-a-encontrar-a-razao-da-sua-dor\/\",\"url\":\"https:\/\/www.vivagrandebh.com.br\/revista\/me-conta-onde-doi-e-eu-te-ajudo-a-encontrar-a-razao-da-sua-dor\/\",\"name\":\"Me conta onde d\u00f3i, e eu te ajudo a encontrar a raz\u00e3o da sua dor - Revista Viva Grande BH\",\"isPartOf\":{\"@id\":\"https:\/\/www.vivagrandebh.com.br\/revista\/#website\"},\"datePublished\":\"2022-01-11T16:30:02+00:00\",\"dateModified\":\"2022-01-11T16:30:33+00:00\",\"breadcrumb\":{\"@id\":\"https:\/\/www.vivagrandebh.com.br\/revista\/me-conta-onde-doi-e-eu-te-ajudo-a-encontrar-a-razao-da-sua-dor\/#breadcrumb\"},\"inLanguage\":\"pt-BR\",\"potentialAction\":[{\"@type\":\"ReadAction\",\"target\":[\"https:\/\/www.vivagrandebh.com.br\/revista\/me-conta-onde-doi-e-eu-te-ajudo-a-encontrar-a-razao-da-sua-dor\/\"]}]},{\"@type\":\"BreadcrumbList\",\"@id\":\"https:\/\/www.vivagrandebh.com.br\/revista\/me-conta-onde-doi-e-eu-te-ajudo-a-encontrar-a-razao-da-sua-dor\/#breadcrumb\",\"itemListElement\":[{\"@type\":\"ListItem\",\"position\":1,\"name\":\"In\u00edcio\",\"item\":\"https:\/\/www.vivagrandebh.com.br\/revista\/\"},{\"@type\":\"ListItem\",\"position\":2,\"name\":\"Me conta onde d\u00f3i, e eu te ajudo a encontrar a raz\u00e3o da sua dor\"}]},{\"@type\":\"WebSite\",\"@id\":\"https:\/\/www.vivagrandebh.com.br\/revista\/#website\",\"url\":\"https:\/\/www.vivagrandebh.com.br\/revista\/\",\"name\":\"Revista Viva Grande BH\",\"description\":\"a Viva Grande BH leva ao leitor informa\u00e7\u00f5es de qualidade sobre turismo, esporte, arte e cultura, economia, mercado e pol\u00edtica.\",\"publisher\":{\"@id\":\"https:\/\/www.vivagrandebh.com.br\/revista\/#organization\"},\"potentialAction\":[{\"@type\":\"SearchAction\",\"target\":{\"@type\":\"EntryPoint\",\"urlTemplate\":\"https:\/\/www.vivagrandebh.com.br\/revista\/?s={search_term_string}\"},\"query-input\":\"required name=search_term_string\"}],\"inLanguage\":\"pt-BR\"},{\"@type\":\"Organization\",\"@id\":\"https:\/\/www.vivagrandebh.com.br\/revista\/#organization\",\"name\":\"Revista Viva\",\"url\":\"https:\/\/www.vivagrandebh.com.br\/revista\/\",\"logo\":{\"@type\":\"ImageObject\",\"inLanguage\":\"pt-BR\",\"@id\":\"https:\/\/www.vivagrandebh.com.br\/revista\/#\/schema\/logo\/image\/\",\"url\":\"https:\/\/www.vivagrandebh.com.br\/revista\/wp-content\/uploads\/2020\/07\/logo-viva-e1599687783656.png\",\"contentUrl\":\"https:\/\/www.vivagrandebh.com.br\/revista\/wp-content\/uploads\/2020\/07\/logo-viva-e1599687783656.png\",\"width\":300,\"height\":90,\"caption\":\"Revista Viva\"},\"image\":{\"@id\":\"https:\/\/www.vivagrandebh.com.br\/revista\/#\/schema\/logo\/image\/\"},\"sameAs\":[\"https:\/\/www.facebook.com\/revistavivagdebh\/\",\"https:\/\/www.instagram.com\/vivagrandebh\/?hl=pt-br\",\"https:\/\/www.youtube.com\/channel\/UCmdQd1O5bVMGARYL5RU8H-w\/about\"]},{\"@type\":\"Person\",\"@id\":\"https:\/\/www.vivagrandebh.com.br\/revista\/#\/schema\/person\/be034323ae7591496446fddeadf1c9b7\",\"name\":\"ReVis9A\",\"image\":{\"@type\":\"ImageObject\",\"inLanguage\":\"pt-BR\",\"@id\":\"https:\/\/www.vivagrandebh.com.br\/revista\/#\/schema\/person\/image\/\",\"url\":\"https:\/\/secure.gravatar.com\/avatar\/8dab02a3b1732f4429157dfb0ba18faa?s=96&d=mm&r=g\",\"contentUrl\":\"https:\/\/secure.gravatar.com\/avatar\/8dab02a3b1732f4429157dfb0ba18faa?s=96&d=mm&r=g\",\"caption\":\"ReVis9A\"},\"url\":\"https:\/\/www.vivagrandebh.com.br\/revista\/author\/revis9a\/\"}]}<\/script>\n<!-- \/ Yoast SEO plugin. -->","yoast_head_json":{"title":"Me conta onde d\u00f3i, e eu te ajudo a encontrar a raz\u00e3o da sua dor - Revista Viva Grande BH","robots":{"index":"index","follow":"follow","max-snippet":"max-snippet:-1","max-image-preview":"max-image-preview:large","max-video-preview":"max-video-preview:-1"},"canonical":"https:\/\/www.vivagrandebh.com.br\/revista\/me-conta-onde-doi-e-eu-te-ajudo-a-encontrar-a-razao-da-sua-dor\/","og_locale":"pt_BR","og_type":"article","og_title":"Me conta onde d\u00f3i, e eu te ajudo a encontrar a raz\u00e3o da sua dor - Revista Viva Grande BH","og_description":"A ess\u00eancia de um olhar humano fez a empreendedora, m\u00e3e de 4 filhos, hoje aos 58 anos, Maildes Malta, diante de tantas dificuldades e desafios na sua jornada da vida, criar sua forma exclusiva, criativa e \u00fanica, nos seus acolhimentos terap\u00eauticos. Eu, que j\u00e1 tive a oportunidade de ser atendida, v\u00e1rias vezes, por essa profissional [&hellip;]","og_url":"https:\/\/www.vivagrandebh.com.br\/revista\/me-conta-onde-doi-e-eu-te-ajudo-a-encontrar-a-razao-da-sua-dor\/","og_site_name":"Revista Viva Grande BH","article_publisher":"https:\/\/www.facebook.com\/revistavivagdebh\/","article_published_time":"2022-01-11T16:30:02+00:00","article_modified_time":"2022-01-11T16:30:33+00:00","og_image":[{"url":"https:\/\/www.vivagrandebh.com.br\/revista\/wp-content\/uploads\/2022\/01\/Foto-Maildes-202x300.jpg"}],"author":"ReVis9A","twitter_card":"summary_large_image","twitter_misc":{"Escrito por":"ReVis9A","Est. tempo de leitura":"3 minutos"},"schema":{"@context":"https:\/\/schema.org","@graph":[{"@type":"Article","@id":"https:\/\/www.vivagrandebh.com.br\/revista\/me-conta-onde-doi-e-eu-te-ajudo-a-encontrar-a-razao-da-sua-dor\/#article","isPartOf":{"@id":"https:\/\/www.vivagrandebh.com.br\/revista\/me-conta-onde-doi-e-eu-te-ajudo-a-encontrar-a-razao-da-sua-dor\/"},"author":{"name":"ReVis9A","@id":"https:\/\/www.vivagrandebh.com.br\/revista\/#\/schema\/person\/be034323ae7591496446fddeadf1c9b7"},"headline":"Me conta onde d\u00f3i, e eu te ajudo a encontrar a raz\u00e3o da sua dor","datePublished":"2022-01-11T16:30:02+00:00","dateModified":"2022-01-11T16:30:33+00:00","mainEntityOfPage":{"@id":"https:\/\/www.vivagrandebh.com.br\/revista\/me-conta-onde-doi-e-eu-te-ajudo-a-encontrar-a-razao-da-sua-dor\/"},"wordCount":689,"publisher":{"@id":"https:\/\/www.vivagrandebh.com.br\/revista\/#organization"},"articleSection":["Sarah Pardini"],"inLanguage":"pt-BR"},{"@type":"WebPage","@id":"https:\/\/www.vivagrandebh.com.br\/revista\/me-conta-onde-doi-e-eu-te-ajudo-a-encontrar-a-razao-da-sua-dor\/","url":"https:\/\/www.vivagrandebh.com.br\/revista\/me-conta-onde-doi-e-eu-te-ajudo-a-encontrar-a-razao-da-sua-dor\/","name":"Me conta onde d\u00f3i, e eu te ajudo a encontrar a raz\u00e3o da sua dor - Revista Viva Grande BH","isPartOf":{"@id":"https:\/\/www.vivagrandebh.com.br\/revista\/#website"},"datePublished":"2022-01-11T16:30:02+00:00","dateModified":"2022-01-11T16:30:33+00:00","breadcrumb":{"@id":"https:\/\/www.vivagrandebh.com.br\/revista\/me-conta-onde-doi-e-eu-te-ajudo-a-encontrar-a-razao-da-sua-dor\/#breadcrumb"},"inLanguage":"pt-BR","potentialAction":[{"@type":"ReadAction","target":["https:\/\/www.vivagrandebh.com.br\/revista\/me-conta-onde-doi-e-eu-te-ajudo-a-encontrar-a-razao-da-sua-dor\/"]}]},{"@type":"BreadcrumbList","@id":"https:\/\/www.vivagrandebh.com.br\/revista\/me-conta-onde-doi-e-eu-te-ajudo-a-encontrar-a-razao-da-sua-dor\/#breadcrumb","itemListElement":[{"@type":"ListItem","position":1,"name":"In\u00edcio","item":"https:\/\/www.vivagrandebh.com.br\/revista\/"},{"@type":"ListItem","position":2,"name":"Me conta onde d\u00f3i, e eu te ajudo a encontrar a raz\u00e3o da sua dor"}]},{"@type":"WebSite","@id":"https:\/\/www.vivagrandebh.com.br\/revista\/#website","url":"https:\/\/www.vivagrandebh.com.br\/revista\/","name":"Revista Viva Grande BH","description":"a Viva Grande BH leva ao leitor informa\u00e7\u00f5es de qualidade sobre turismo, esporte, arte e cultura, economia, mercado e pol\u00edtica.","publisher":{"@id":"https:\/\/www.vivagrandebh.com.br\/revista\/#organization"},"potentialAction":[{"@type":"SearchAction","target":{"@type":"EntryPoint","urlTemplate":"https:\/\/www.vivagrandebh.com.br\/revista\/?s={search_term_string}"},"query-input":"required name=search_term_string"}],"inLanguage":"pt-BR"},{"@type":"Organization","@id":"https:\/\/www.vivagrandebh.com.br\/revista\/#organization","name":"Revista Viva","url":"https:\/\/www.vivagrandebh.com.br\/revista\/","logo":{"@type":"ImageObject","inLanguage":"pt-BR","@id":"https:\/\/www.vivagrandebh.com.br\/revista\/#\/schema\/logo\/image\/","url":"https:\/\/www.vivagrandebh.com.br\/revista\/wp-content\/uploads\/2020\/07\/logo-viva-e1599687783656.png","contentUrl":"https:\/\/www.vivagrandebh.com.br\/revista\/wp-content\/uploads\/2020\/07\/logo-viva-e1599687783656.png","width":300,"height":90,"caption":"Revista Viva"},"image":{"@id":"https:\/\/www.vivagrandebh.com.br\/revista\/#\/schema\/logo\/image\/"},"sameAs":["https:\/\/www.facebook.com\/revistavivagdebh\/","https:\/\/www.instagram.com\/vivagrandebh\/?hl=pt-br","https:\/\/www.youtube.com\/channel\/UCmdQd1O5bVMGARYL5RU8H-w\/about"]},{"@type":"Person","@id":"https:\/\/www.vivagrandebh.com.br\/revista\/#\/schema\/person\/be034323ae7591496446fddeadf1c9b7","name":"ReVis9A","image":{"@type":"ImageObject","inLanguage":"pt-BR","@id":"https:\/\/www.vivagrandebh.com.br\/revista\/#\/schema\/person\/image\/","url":"https:\/\/secure.gravatar.com\/avatar\/8dab02a3b1732f4429157dfb0ba18faa?s=96&d=mm&r=g","contentUrl":"https:\/\/secure.gravatar.com\/avatar\/8dab02a3b1732f4429157dfb0ba18faa?s=96&d=mm&r=g","caption":"ReVis9A"},"url":"https:\/\/www.vivagrandebh.com.br\/revista\/author\/revis9a\/"}]}},"_links":{"self":[{"href":"https:\/\/www.vivagrandebh.com.br\/revista\/wp-json\/wp\/v2\/posts\/5236"}],"collection":[{"href":"https:\/\/www.vivagrandebh.com.br\/revista\/wp-json\/wp\/v2\/posts"}],"about":[{"href":"https:\/\/www.vivagrandebh.com.br\/revista\/wp-json\/wp\/v2\/types\/post"}],"author":[{"embeddable":true,"href":"https:\/\/www.vivagrandebh.com.br\/revista\/wp-json\/wp\/v2\/users\/1"}],"replies":[{"embeddable":true,"href":"https:\/\/www.vivagrandebh.com.br\/revista\/wp-json\/wp\/v2\/comments?post=5236"}],"version-history":[{"count":1,"href":"https:\/\/www.vivagrandebh.com.br\/revista\/wp-json\/wp\/v2\/posts\/5236\/revisions"}],"predecessor-version":[{"id":5238,"href":"https:\/\/www.vivagrandebh.com.br\/revista\/wp-json\/wp\/v2\/posts\/5236\/revisions\/5238"}],"wp:attachment":[{"href":"https:\/\/www.vivagrandebh.com.br\/revista\/wp-json\/wp\/v2\/media?parent=5236"}],"wp:term":[{"taxonomy":"category","embeddable":true,"href":"https:\/\/www.vivagrandebh.com.br\/revista\/wp-json\/wp\/v2\/categories?post=5236"},{"taxonomy":"post_tag","embeddable":true,"href":"https:\/\/www.vivagrandebh.com.br\/revista\/wp-json\/wp\/v2\/tags?post=5236"}],"curies":[{"name":"wp","href":"https:\/\/api.w.org\/{rel}","templated":true}]}}