{"id":4979,"date":"2021-09-28T11:47:10","date_gmt":"2021-09-28T14:47:10","guid":{"rendered":"https:\/\/www.vivagrandebh.com.br\/revista\/?p=4979"},"modified":"2021-09-28T11:47:56","modified_gmt":"2021-09-28T14:47:56","slug":"entrevista-prefeita-marilia-campos","status":"publish","type":"post","link":"https:\/\/www.vivagrandebh.com.br\/revista\/entrevista-prefeita-marilia-campos\/","title":{"rendered":"ENTREVISTA:  Prefeita  Mar\u00edlia Campos"},"content":{"rendered":"<p><a href=\"https:\/\/www.vivagrandebh.com.br\/revista\/wp-content\/uploads\/2021\/09\/4.png\"><img fetchpriority=\"high\" decoding=\"async\" class=\" wp-image-4981 alignleft\" src=\"https:\/\/www.vivagrandebh.com.br\/revista\/wp-content\/uploads\/2021\/09\/4-300x200.png\" alt=\"\" width=\"302\" height=\"201\" srcset=\"https:\/\/www.vivagrandebh.com.br\/revista\/wp-content\/uploads\/2021\/09\/4-300x200.png 300w, https:\/\/www.vivagrandebh.com.br\/revista\/wp-content\/uploads\/2021\/09\/4-1024x683.png 1024w, https:\/\/www.vivagrandebh.com.br\/revista\/wp-content\/uploads\/2021\/09\/4-768x512.png 768w, https:\/\/www.vivagrandebh.com.br\/revista\/wp-content\/uploads\/2021\/09\/4-1536x1024.png 1536w, https:\/\/www.vivagrandebh.com.br\/revista\/wp-content\/uploads\/2021\/09\/4-2048x1365.png 2048w, https:\/\/www.vivagrandebh.com.br\/revista\/wp-content\/uploads\/2021\/09\/4-600x398.png 600w\" sizes=\"(max-width: 302px) 100vw, 302px\" \/><\/a><\/p>\n<p><em>Em 30 de agosto de 2021, <\/em><em>Contagem comemora 110 anos, tendo \u00e0 frente da Prefeitura, mais uma vez, Mar\u00edlia Campos, a \u2018prefeita do centen\u00e1rio\u2019. Nesta edi\u00e7\u00e3o,<\/em><\/p>\n<p><em>a Revista Viva Grande BH traz um bate papo com a chefe do Executivo de Contagem, fazendo um balan\u00e7o de como era a cidade na \u00e9poca do centen\u00e1rio (2011, quando Contagem completou 100 anos<\/em><\/p>\n<p><em>de emancipa\u00e7\u00e3o), como estamos atualmente e quais as perspectivas para o futuro.<\/em><\/p>\n<p><strong>Por Camila Martucheli<\/strong><\/p>\n<p>Os oito anos nos quais a prefeita Mar\u00edlia Campos esteve \u00e0 frente da Prefeitura foram marcados por muitas conquistas para os contagenses. A pra\u00e7a Nossa Senhora da Gl\u00f3ria, no Eldorado e a pra\u00e7a Tancredo Neves, na Sede, por exemplo, foram requalificadas e ganharam cascatas. Viraram atrativos cart\u00f5es postais, atraindo as fam\u00edlias para atividades de lazer e cultura. As luzes de Natal traziam visitantes de outros lugares, que se encantavam com o espet\u00e1culo de cores.<\/p>\n<p>Uma das obras importantes de sua gest\u00e3o foram as obras vi\u00e1rias do Projeto de Requalifica\u00e7\u00e3o Urbana e Ambiental do Ribeir\u00e3o Arruda &#8211; PAC Arrudas. Interven\u00e7\u00f5es fundamentais para melhorar a qualidade de vida na regi\u00e3o Industrial foram feitas em parceria que envolveu os governos federal e estadual e as prefeituras de BH e Contagem. Outro marco de sua passagem pelo executivo foi o t\u00fanel da integra\u00e7\u00e3o, ligando a Ressaca ao Eldorado, interven\u00e7\u00e3o que era esperada h\u00e1 mais de 30 anos.<\/p>\n<p>Mar\u00edlia reconstruiu a cidade e a Prefeitura como institui\u00e7\u00e3o. Tamb\u00e9m cuidou das pessoas, resgatou a cidadania, ajudou a construir uma cultura de direitos e deveres e incentivou a participa\u00e7\u00e3o popular. Nunca aceitou a imposi\u00e7\u00e3o cultural de que o munic\u00edpio fosse a periferia da Capital e governou para todos e para todas as regi\u00f5es da cidade.<\/p>\n<p>Primeira mulher a conquistar a Prefeitura e a \u00fanica a ser reeleita para um segundo mandato, ela deixou a administra\u00e7\u00e3o com mais de 72% de aprova\u00e7\u00e3o popular. Nos anos seguintes, elegeu-se por duas vezes deputada estadual, com ampla vota\u00e7\u00e3o no munic\u00edpio e em 2020 voltou a vencer pela terceira vez a disputa que a tornou a chefe do executivo para o quadri\u00eanio 2021 a 2024.<\/p>\n<p><span style=\"color: #ff0000;\"><em>De acordo com os principais avan\u00e7os realizados em sua antiga gest\u00e3o, o que ser\u00e1 poss\u00edvel avan\u00e7ar em um futuro pr\u00f3ximo a fim de garantirmos uma Contagem melhor para seus moradores?<\/em><\/span><\/p>\n<p>Em meu mandato, de 2005 a 2012, a gente teve v\u00e1rios avan\u00e7os, dentre eles a redu\u00e7\u00e3o do endividamento da Prefeitura, que de 127% da receita passou para 47%, como tamb\u00e9m conquistamos os recursos que viabilizaram as obras do Sistema Integrado de Mobilidade Urbana \u2013 SIM e de macrodrenagem, que est\u00e3o sendo executadas agora. Grande parte destes investimentos aplicados atualmente s\u00e3o origin\u00e1rios do PAC 1, de 2007, do PAC 2, de 2010, e do PAC mobilidade urbana das cidades m\u00e9dias, de 2012.<\/p>\n<p>Em rela\u00e7\u00e3o \u00e0s interven\u00e7\u00f5es de macrodrenagem do c\u00f3rrego Ferrugem, conquistamos a viabilidade das obras por meio de minha articula\u00e7\u00e3o junto \u00e0 Prefeitura de Belo Horizonte e ao governo do Estado. Logo no segundo m\u00eas de gest\u00e3o, procurei o prefeito Alexandre Kalil e o governador Romeu Zema e solicitei a eles a unidade para darmos andamento \u00e0s obras de conten\u00e7\u00e3o de enchentes, que estavam paralisadas.<\/p>\n<p>Ap\u00f3s v\u00e1rias reuni\u00f5es e a cria\u00e7\u00e3o de um Comit\u00ea Gestor, composto por representantes de Contagem, BH e do Estado, conseguimos os recursos provenientes do Termo de Repara\u00e7\u00e3o de Medidas do Estado com a mineradora Vale para que as obras continuassem.<\/p>\n<p>Ent\u00e3o, atualmente, estamos dando continuidade \u00e0quilo que conquistamos em nossos mandatos anteriores com a vis\u00e3o de preparar a nossa cidade para o futuro.<\/p>\n<p>Para a retomada das obras, tivemos o cuidado de revisar os contratos, renegociar com as empresas e estamos fazendo um ajuste financeiro para promover o equil\u00edbrio fiscal e dar andamento \u00e0s obras que estavam paradas. Articulamos com todos os setores e promovemos a participa\u00e7\u00e3o popular, trazendo a comunidade para acompanhar de perto o andamento das interven\u00e7\u00f5es, por meio do di\u00e1logo e da forma\u00e7\u00e3o de Comiss\u00f5es de Acompanhamento das Obras.<\/p>\n<p>O nosso plano de investimentos em andamento \u00e9 centrado em mobilidade urbana, mas tamb\u00e9m em obras de urbaniza\u00e7\u00e3o e obras sociais, com a constru\u00e7\u00e3o de novas unidades de sa\u00fade e Cemeis.<\/p>\n<p><a href=\"https:\/\/www.vivagrandebh.com.br\/revista\/wp-content\/uploads\/2021\/09\/6.png\"><img decoding=\"async\" class=\"wp-image-4983 alignleft\" src=\"https:\/\/www.vivagrandebh.com.br\/revista\/wp-content\/uploads\/2021\/09\/6-300x200.png\" alt=\"\" width=\"453\" height=\"302\" srcset=\"https:\/\/www.vivagrandebh.com.br\/revista\/wp-content\/uploads\/2021\/09\/6-300x200.png 300w, https:\/\/www.vivagrandebh.com.br\/revista\/wp-content\/uploads\/2021\/09\/6-1024x682.png 1024w, https:\/\/www.vivagrandebh.com.br\/revista\/wp-content\/uploads\/2021\/09\/6-768x512.png 768w, https:\/\/www.vivagrandebh.com.br\/revista\/wp-content\/uploads\/2021\/09\/6-1536x1024.png 1536w, https:\/\/www.vivagrandebh.com.br\/revista\/wp-content\/uploads\/2021\/09\/6-2048x1365.png 2048w\" sizes=\"(max-width: 453px) 100vw, 453px\" \/><\/a><\/p>\n<p><em><span style=\"color: #ff0000;\">A senhora assumiu a Prefeitura de Contagem no meio de uma grave crise sanit\u00e1ria e econ\u00f4mica, em virtude da pandemia da Covid-19. Imagino que tenha planos a curt\u00edssimo prazo para sanar os problemas que est\u00e3o nos afligindo, como o desemprego, a defasagem na educa\u00e7\u00e3o (em virtude das aulas remotas), queda na arrecada\u00e7\u00e3o, entre outros.<\/span><\/em><\/p>\n<p>Estamos trabalhando muito para garantir o desenvolvimento econ\u00f4mico da cidade.\u00a0 V\u00e1rias iniciativas est\u00e3o sendo implementadas pelo nosso governo, em conjunto com a\u00e7\u00f5es de enfrentamento \u00e0 pandemia da Covid-19.\u00a0 Os desafios s\u00e3o muitos, mas desde o in\u00edcio da gest\u00e3o a gente iniciou um trabalho s\u00e9rio e comprometido com a nossa popula\u00e7\u00e3o e a nossa cidade.<\/p>\n<p>Entre os meses de abril e maio, foram realizadas 22 reuni\u00f5es de planejamento estrat\u00e9gico com todas as secretarias, no intuito de discutirmos o planejamento de cada uma, a implementa\u00e7\u00e3o de pol\u00edticas p\u00fablicas, a retomada de obras, a valoriza\u00e7\u00e3o dos servidores, a necessidade de revis\u00e3o de contratos, o enxugamento de despesas, al\u00e9m da moderniza\u00e7\u00e3o da Prefeitura por meio do Governo Digital. Criamos tamb\u00e9m os Comit\u00eas de Pol\u00edticas P\u00fablicas, que buscam a integra\u00e7\u00e3o de atividades que est\u00e3o separadas em secretarias, mas que precisam ser planejadas conjuntamente.<\/p>\n<p>Ent\u00e3o, nestes seis primeiros meses de governo, a gente tem criado uma agenda pol\u00edtica e social priorit\u00e1ria para superar os desafios impostos pela pandemia. Como medidas emergenciais, intensificamos a vacina\u00e7\u00e3o em massa contra a Covid-19 no munic\u00edpio. Aqui em Contagem \u00e9 assim: \u00e0 medida que a vacina chega, ela \u00e9 aplicada!<\/p>\n<p>Estamos realizando mutir\u00f5es de vacina\u00e7\u00e3o, al\u00e9m de conduzir com transpar\u00eancia a divulga\u00e7\u00e3o dos dados epidemiol\u00f3gicos que, neste momento, come\u00e7am a mostrar o controle da pandemia em nosso munic\u00edpio.\u00a0 Demos continuidade ao aux\u00edlio merenda, um programa de renda m\u00ednima vinculado \u00e0 educa\u00e7\u00e3o. Tamb\u00e9m estamos fazendo um retorno \u00e0 escola, planejado, seguro, gradual e facultativo. Foi adotado o modelo h\u00edbrido (presencial\/ remoto) e preparamos um cronograma para o retorno \u00e0 escola e protocolos sanit\u00e1rios para a comunidade escolar.<\/p>\n<p>Na \u00e1rea econ\u00f4mica, como j\u00e1 disse, retomamos os investimentos e as obras na cidade e estamos estimulando a gera\u00e7\u00e3o de emprego e renda pelas empresas, com\u00e9rcios e servi\u00e7os com divulga\u00e7\u00e3o das vagas pelo Sine Contagem. Tamb\u00e9m estamos visitando v\u00e1rias empresas, formando novas parcerias para atra\u00e7\u00e3o de neg\u00f3cios, como tamb\u00e9m para a cria\u00e7\u00e3o de vagas de emprego.<\/p>\n<p>Na assist\u00eancia social, v\u00e1rias frentes foram tomadas. Investimos nas pol\u00edticas p\u00fablicas assistenciais de enfrentamento \u00e0 fome com o fortalecimento de nossa Rede Municipal de Assist\u00eancia Social. Destacam-se a cria\u00e7\u00e3o de campanhas de solidariedade, junto com a comunidade e o setor empresarial, para a arrecada\u00e7\u00e3o de alimentos e cestas b\u00e1sicas que s\u00e3o distribu\u00eddas diariamente pelo nosso Banco de Alimentos \u00e0s pessoas em vulnerabilidade social.<\/p>\n<p>Tamb\u00e9m reestruturamos os nossos restaurantes populares e aumentamos a quantidade di\u00e1ria de refei\u00e7\u00f5es servidas. O nosso Restaurante Popular de Nova Contagem passou a servir o jantar a R$1,00. Essa foi uma coisa muito boa e importante na seguran\u00e7a alimentar neste momento de crise sanit\u00e1ria.<\/p>\n<p>Estamos garantindo a manuten\u00e7\u00e3o e capina da cidade, com a amplia\u00e7\u00e3o das equipes e criamos um pacote de benef\u00edcios que d\u00e1 in\u00edcio a nossa pol\u00edtica de justi\u00e7a tribut\u00e1ria, com descontos de 20% no IPTU residencial, de 20% a 50% no IPTU comercial, al\u00e9m de facilitar para os contagenses a renegocia\u00e7\u00e3o de d\u00edvidas de impostos em atraso com o munic\u00edpio. O contribuinte pode quitar suas d\u00edvidas em at\u00e9 60 parcelas sem juros, multas e corre\u00e7\u00f5es. Enviamos em julho \u00e0 C\u00e2mara Municipal o Projeto de Lei Complementar 04\/2021, que trata da justi\u00e7a tribut\u00e1ria aplicada ao IPTU e a outros tributos. Estamos cumprindo os nossos compromissos com a nossa gente.<\/p>\n<p><em><span style=\"color: #ff0000;\">Contagem j\u00e1 vinha vivenciando a \u2018fuga\u2019 das ind\u00fastrias para outras cidades que garantiam melhores incentivos, entre outros aspectos. Com a pandemia, a situa\u00e7\u00e3o acabou se agravando. Quais os planos para retomar o velho t\u00edtulo de Contagem: \u2018cidade industrial\u2019?<\/span><\/em><\/p>\n<p>&nbsp;<\/p>\n<p><a href=\"https:\/\/www.vivagrandebh.com.br\/revista\/wp-content\/uploads\/2021\/09\/2-1.png\"><img decoding=\"async\" class=\" wp-image-4984 aligncenter\" src=\"https:\/\/www.vivagrandebh.com.br\/revista\/wp-content\/uploads\/2021\/09\/2-1-300x244.png\" alt=\"\" width=\"416\" height=\"338\" srcset=\"https:\/\/www.vivagrandebh.com.br\/revista\/wp-content\/uploads\/2021\/09\/2-1-300x244.png 300w, https:\/\/www.vivagrandebh.com.br\/revista\/wp-content\/uploads\/2021\/09\/2-1-1024x832.png 1024w, https:\/\/www.vivagrandebh.com.br\/revista\/wp-content\/uploads\/2021\/09\/2-1-768x624.png 768w, https:\/\/www.vivagrandebh.com.br\/revista\/wp-content\/uploads\/2021\/09\/2-1-1536x1248.png 1536w, https:\/\/www.vivagrandebh.com.br\/revista\/wp-content\/uploads\/2021\/09\/2-1-2048x1665.png 2048w\" sizes=\"(max-width: 416px) 100vw, 416px\" \/><\/a><\/p>\n<p>A economia \u00e9 o motor que faz a cidade andar, crescer e se desenvolver. Com ela indo bem, todos os setores ter\u00e3o avan\u00e7os. Contagem \u00e9 uma cidade muito potente, tem uma atividade econ\u00f4mica diversa, uma arrecada\u00e7\u00e3o muito importante.<\/p>\n<p>A gente n\u00e3o sobrevive apenas de repasses dos governos federal e estadual, temos arrecada\u00e7\u00e3o pr\u00f3pria. A cidade julgou que eu era a melhor op\u00e7\u00e3o para promover uma arruma\u00e7\u00e3o da casa. Hoje, um dos nossos objetivos \u00e9 garantir que a cidade fique melhor do ponto de vista econ\u00f4mico e social e que tenhamos investimentos nas pol\u00edticas sociais como sa\u00fade, educa\u00e7\u00e3o, assist\u00eancia, dentre outras.<\/p>\n<p>Queremos uma cidade mais bonita e mais justa para todos. \u00c9 nesta perspectiva que a gente trabalha.\u00a0 Ent\u00e3o, a gente tem promovido uma for\u00e7a-tarefa para que o munic\u00edpio possa continuar avan\u00e7ando, mesmo em um cen\u00e1rio pand\u00eamico.<\/p>\n<p>Temos, hoje, investimentos na ordem de R$ 500 milh\u00f5es para garantir obras de mobilidade urbana, sa\u00fade, educa\u00e7\u00e3o, dentre outras. Com os recursos liberados pelo Estado, por meio do acordo com a mineradora Vale, para concluir as obras do c\u00f3rrego Ferrugem e evitar as enchentes, teremos investimentos de R$ 98 milh\u00f5es para garantir que a vida n\u00e3o esteja sempre amea\u00e7ada. Queremos garantir o desenvolvimento econ\u00f4mico e o fortalecimento das pol\u00edticas p\u00fablicas na cidade.<\/p>\n<p>Desta forma, foi muito importante termos adotado o di\u00e1logo com a \u00e1rea econ\u00f4mica para enfrentar a pandemia, permitindo o funcionamento das atividades comerciais.\u00a0 Com isso, a popula\u00e7\u00e3o e as diversas lideran\u00e7as do munic\u00edpio e os segmentos assumiram o compromisso do \u201cPacto pela Vida\u201d, que \u00e9 cumprir os protocolos sanit\u00e1rios para impedir a prolifera\u00e7\u00e3o da Covid-19 em Contagem.<\/p>\n<p>O nosso governo \u00e9 o governo do di\u00e1logo. A nossa prioridade \u00e9 dar continuidade a esta articula\u00e7\u00e3o com os setores produtivos. Tamb\u00e9m estamos elaborando um plano de a\u00e7\u00e3o para revitalizar todos os distritos industriais que vem se deteriorando ao longo dos anos. Queremos fortalecer os empreendimentos j\u00e1 instalados no munic\u00edpio e promover a atra\u00e7\u00e3o de novos. Outra prioridade ser\u00e1 a desburocratiza\u00e7\u00e3o dos licenciamentos e da emiss\u00e3o de alvar\u00e1s, favorecendo substancialmente a fixa\u00e7\u00e3o e a atra\u00e7\u00e3o de novos neg\u00f3cios para a cidade. E em todos os setores. Contagem n\u00e3o \u00e9 mais apenas uma \u2018cidade industrial\u2019. O com\u00e9rcio e o setor de servi\u00e7os cresceram e geram emprego e renda. Vamos seguir avan\u00e7ando.<\/p>\n<p><span style=\"color: #ff0000;\"><em>A informalidade cresceu nesta pandemia, especialmente em virtude do aumento do desemprego. Temos na cidade importantes espa\u00e7os de com\u00e9rcio popular, as feiras, como a dos bairros Eldorado, Amazonas e Ressaca, entre outros. Como resolver o impasse de muitos trabalhadores que trabalham de forma \u2018irregular\u2019, mas dependem desse trabalho para sobreviver e cuidar de suas fam\u00edlias?<\/em><\/span><\/p>\n<p>Este \u00e9 um problema que tem afetado n\u00e3o s\u00f3 a popula\u00e7\u00e3o de Contagem, mas todas as cidades brasileiras. Estamos atentos aos desafios econ\u00f4micos impostos pela pandemia, por isso, buscamos estimular as pol\u00edticas de empregabilidade e aten\u00e7\u00e3o socioassistencial como formas efetivas de promo\u00e7\u00e3o humana.<\/p>\n<p>Avaliando a crise sanit\u00e1ria que passamos, \u00e9 importante promover empregos, trabalhos e renda. Uma de nossas propostas \u00e9 estimular a economia local, por meio das feiras da Economia Solid\u00e1ria. A gente quer lev\u00e1-las para v\u00e1rios pontos da cidade. A feira se enquadra nesse planejamento, que est\u00e1 sendo feito de forma organizada e que ajudar\u00e3o muitas fam\u00edlias em Contagem. Outra coisa importante. Dialogamos muito com os feirantes do camel\u00f3dromo e modificamos o projeto anterior, que os retirava do local, para que eles permane\u00e7am no Boulevard da rua Portugal, no Eldorado. Mais de 500 empregos diretos e indiretos ser\u00e3o mantidos.<\/p>\n<p>Aqueles que est\u00e3o sendo afetados de forma mais veemente pela pandemia, orientamos que procurem o Centro de Refer\u00eancia da Assist\u00eancia Social (Creas). A gente tem tamb\u00e9m estimulado a regulariza\u00e7\u00e3o de profissionais aut\u00f4nomos por meio do Centro de Integra\u00e7\u00e3o Social, onde funciona o Sine. Aos poucos, com o esfor\u00e7o de todos e todas, vamos conseguindo voltar gradualmente com as atividades econ\u00f4micas da cidade e fortalecer a economia local.<\/p>\n<p><em><span style=\"color: #ff0000;\">Em rela\u00e7\u00e3o \u00e0 educa\u00e7\u00e3o, como a Prefeitura de Contagem pretende contornar o d\u00e9ficit de aprendizado dos alunos das escolas municipais em virtude das aulas remotas, as quais nem todos tiveram a mesma condi\u00e7\u00e3o de acesso?<\/span><\/em><\/p>\n<p>Desde o in\u00edcio do mandato, estamos trabalhando para o retorno presencial dos alunos \u00e0 escola. O nosso governo tem feito um grande esfor\u00e7o para manter a educa\u00e7\u00e3o em funcionamento neste per\u00edodo de pandemia e atender a toda comunidade escolar. Como as aulas presenciais foram proibidas em Contagem em mar\u00e7o de 2020, adotamos, inicialmente, o ensino remoto com o uso de plataformas digitais, aplicativos de mensagens e material did\u00e1tico fornecido pela escola para os estudantes sem acesso \u00e0 internet.<\/p>\n<p>Logo no come\u00e7o do ano, convocamos os gestores, diretores, pedagogos e professores, em regime de teletrabalho, a realizarem o planejamento das atividades pedag\u00f3gicas do ano letivo. Oferecemos a eles cursos de forma\u00e7\u00e3o tecnol\u00f3gica e elaboramos o \u201cTrilha do Saber\u201d, documento orientador para o planejamento de atividades remotas.<\/p>\n<p>Agora, com a volta gradual e facultativa das atividades presenciais, que tiveram in\u00edcio neste m\u00eas de agosto, seguindo um cronograma espec\u00edfico, fizemos investimentos de mais de R$ 73 milh\u00f5es, preparando a volta \u00e0 escola segura, com inova\u00e7\u00e3o e diferente. Fizemos melhorias na infraestrutura das escolas; a prepara\u00e7\u00e3o dos nossos educadores e educadoras e do corpo pedag\u00f3gico; a entrega de computadores e de pacote de dados; melhoria da internet; dentre outras a\u00e7\u00f5es.<\/p>\n<p>Todas as medidas sanit\u00e1rias foram tomadas, ap\u00f3s ampla discuss\u00e3o com a comunidade escolar. Fizemos um protocolo que foi devidamente divulgado em nossas redes de comunica\u00e7\u00e3o.<\/p>\n<p>Antecipamos a vacina\u00e7\u00e3o da segunda dose do imunizante da AstraZeneca para os educadores e estamos disponibilizando para os educadores \u00e1lcool gel, m\u00e1scaras, face shields (protetores faciais), al\u00e9m de orienta\u00e7\u00f5es para a higieniza\u00e7\u00e3o e cuidados com o ambiente, salas de aula, refeit\u00f3rios, espa\u00e7os coletivos, sanit\u00e1rios, salas de aula, biblioteca, equipamentos e transporte escolar, entre outros. Tudo para que o retorno presencial \u00e0 escola seja seguro, com qualidade e inova\u00e7\u00e3o. E para que as perdas causadas pela pandemia sejam minimizadas.<\/p>\n<p><em><span style=\"color: #ff0000;\">A preocupa\u00e7\u00e3o com o meio ambiente e a economia circular \u00e9 um tema amplamente discutido e a\u00e7\u00f5es t\u00eam sido tomadas em grandes cidades em todo o mundo para lidar com a grande gera\u00e7\u00e3o de lixo e o correto destino de reciclados. H\u00e1 planos futuros, em curto, m\u00e9dio ou longo prazo para se implementar a coleta seletiva de forma mais abrangente na cidade? Assim como o reaproveitamento de mat\u00e9rias que podem ser reciclados.<\/span><\/em><\/p>\n<p>Acredito que a cidade limpa \u00e9 aquela que menos se suja, por isso estamos trabalhando para conscientizar a nossa popula\u00e7\u00e3o e lev\u00e1-la a repensar e reduzir a produ\u00e7\u00e3o de lixo, como tamb\u00e9m investir na reciclagem.<\/p>\n<p>O nosso aterro sanit\u00e1rio tem prazo de vida \u00fatil. E ter\u00e1 mais tempo se for colocado menos lixo nele. Com isso, a\u00e7\u00f5es de sustentabilidade e de reciclagem tornam-se primordiais. Quanto mWais ampliarmos a coleta seletiva, mais aumentar\u00e1 o prazo de sobreviv\u00eancia do aterro, que \u00e9 modelo para Regi\u00e3o Metropolitana de BH.<\/p>\n<p>Em Contagem, a coleta seletiva est\u00e1 avan\u00e7ando e estamos trabalhando para equalizar o servi\u00e7o e ampli\u00e1-lo nas regi\u00f5es. Hoje, a gente alcWan\u00e7a 20% da popula\u00e7\u00e3o da cidade, com a coleta em 39 bairros. E, agora, a partir de agosto, temos planos de expans\u00e3o para mais 15 bairros. A nossa coleta \u00e9 realizada uma vez por semana e, diariamente, cerca de 7,5 toneladas de res\u00edduos s\u00e3o recolhidas. A regi\u00e3o Sede \u00e9 a que conta com um servi\u00e7o de reciclagem mais abrangente.<\/p>\n<p>Tamb\u00e9m j\u00e1 estamos com um projeto pronto para a implanta\u00e7\u00e3o de uma usina de reciclagem da constru\u00e7\u00e3o civil e tamb\u00e9m para tornar os nossos Ecopontos (locais de dep\u00f3sito de entulhos) como um local de sele\u00e7\u00e3o e reciclagem de materiais. Hoje, eles ainda n\u00e3o t\u00eam essa fun\u00e7\u00e3o.<\/p>\n<p>Outra proposta \u00e9 fazer um trabalho de conscientiza\u00e7\u00e3o para que as pessoas possam consumir menos e produzir menos res\u00edduos, como tamb\u00e9m reciclar o lixo que produzem.\u00a0 Queremos uma sociedade mais sustent\u00e1vel!<\/p>\n<p>Muita gente acha que o espa\u00e7o p\u00fablico \u00e9 de ningu\u00e9m. Temos que modificar tamb\u00e9m essa cultura e mostrar a import\u00e2ncia da preserva\u00e7\u00e3o do meio ambiente. O cuidado de uma cidade n\u00e3o depende apenas do poder p\u00fablico, mas da colabora\u00e7\u00e3o de todos e todas.<\/p>\n<p><a href=\"https:\/\/www.vivagrandebh.com.br\/revista\/wp-content\/uploads\/2021\/09\/3-3.png\"><img loading=\"lazy\" decoding=\"async\" class=\"wp-image-4986 alignright\" src=\"https:\/\/www.vivagrandebh.com.br\/revista\/wp-content\/uploads\/2021\/09\/3-3-273x300.png\" alt=\"\" width=\"412\" height=\"453\" srcset=\"https:\/\/www.vivagrandebh.com.br\/revista\/wp-content\/uploads\/2021\/09\/3-3-273x300.png 273w, https:\/\/www.vivagrandebh.com.br\/revista\/wp-content\/uploads\/2021\/09\/3-3-932x1024.png 932w, https:\/\/www.vivagrandebh.com.br\/revista\/wp-content\/uploads\/2021\/09\/3-3-768x844.png 768w, https:\/\/www.vivagrandebh.com.br\/revista\/wp-content\/uploads\/2021\/09\/3-3-1398x1536.png 1398w, https:\/\/www.vivagrandebh.com.br\/revista\/wp-content\/uploads\/2021\/09\/3-3-1864x2048.png 1864w\" sizes=\"(max-width: 412px) 100vw, 412px\" \/><\/a><\/p>\n<p><span style=\"color: #ff0000;\"><em>Pensando em um futuro a curto prazo, quais os planos da Prefeitura para reabrir 100% a cidade, ap\u00f3s a vacina\u00e7\u00e3o em massa? Haver\u00e1 algum tipo de controle?<\/em><\/span><\/p>\n<p>Creio que os desafios impostos pela pandemia continuar\u00e3o a ser enfrentados na p\u00f3s-pandemia.\u00a0 A gente vai estar vigilante e trabalhando de forma preventiva para garantir o controle das crises sanit\u00e1ria e econ\u00f4mica. Como estamos fazendo agora!<\/p>\n<p>As nossas a\u00e7\u00f5es ser\u00e3o norteadas pelos dados epidemiol\u00f3gicos e \u00e0 medida que a popula\u00e7\u00e3o for sendo vacinada em massa e os \u00edndices de ocupa\u00e7\u00e3o de leitos e transmiss\u00e3o do v\u00edrus forem abaixando, estudaremos as possibilidades de flexibiliza\u00e7\u00e3o.<\/p>\n<p>E, tudo isso, continuar\u00e1 a ser constru\u00eddo em a\u00e7\u00e3o conjunta com os nossos setores produtivos, por meio do di\u00e1logo. O nosso \u201cPacto pela Vida\u201d continua. Junto com os comerciantes, empres\u00e1rios, lideran\u00e7as comunit\u00e1rias, pol\u00edticas e religiosas, autoridades municipais, os diversos segmentos e a popula\u00e7\u00e3o de Contagem, encontraremos as solu\u00e7\u00f5es necess\u00e1rias para cada etapa de enfrentamento \u00e0 crise sanit\u00e1ria.<\/p>\n<p>A gente trabalha usando sempre o bom senso. E tudo que mais quero \u00e9 garantir que a nossa popula\u00e7\u00e3o de Contagem volte \u00e0 vida normal de forma segura e que ocupe os espa\u00e7os p\u00fablicos, as pra\u00e7as e retome o conv\u00edvio social.<\/p>\n<p><span style=\"color: #ff0000;\"><em>Considerando o governo federal e estadual, como o governo municipal tem trabalhado para garantir os recursos necess\u00e1rios para investir na cidade?<\/em><\/span><\/p>\n<p>Acredito que a democracia \u00e9 a solu\u00e7\u00e3o encontrada nas sociedades modernas para que diferentes interesses, ideologias e opini\u00f5es possam conviver pacificamente no dia a dia. Independente das diverg\u00eancias partid\u00e1rias, temos tido um bom relacionamento com todas as esferas de governo. Um tratamento republicano, como tem que ser. Temos mantido uma rela\u00e7\u00e3o de respeito e di\u00e1logo com o nosso legislativo e, tamb\u00e9m, de consenso em torno dos projetos de lei e da constru\u00e7\u00e3o de pol\u00edticas p\u00fablicas para a nossa cidade.<\/p>\n<p>Temos recebido em nosso gabinete deputados estaduais e federais, buscado com eles, por meio das emendas parlamentares, investimentos em todas as \u00e1reas. Tamb\u00e9m temos mantido uma boa articula\u00e7\u00e3o com o governo do Estado, e fomos bem recebidos pelo governador Romeu Zema e seus secret\u00e1rios, conquistando importantes obras, projetos e investimentos para a cidade, como por exemplo, as obras de macrodrenagem do c\u00f3rrego Ferrugem e os investimentos e a reabertura do Parque Fern\u00e3o Dias.<\/p>\n<p>Tamb\u00e9m estivemos recentemente em Bras\u00edlia, onde reunimos com o presidente do Senado, o senador Rodrigo Pacheco, em que apresentei solicita\u00e7\u00f5es importantes para Contagem, inclusive para as \u00e1reas da sa\u00fade, meio ambiente e infraestrutura urbana.<\/p>\n<p>Na mesma agenda em Bras\u00edlia, reuni com representantes da Ag\u00eancia Nacional de Transportes Terrestre (ANTT) e com os minist\u00e9rios do Desenvolvimento Regional e da Cidadania. Temos mantido uma rela\u00e7\u00e3o cordial e republicana para garantir investimentos necess\u00e1rios para Contagem. Tamb\u00e9m temos articulado v\u00e1rias a\u00e7\u00f5es com os prefeitos de cidades da regi\u00e3o metropolitana. Hoje, al\u00e9m de prefeita de Contagem, sou vice-presidenta da Granbel (Associa\u00e7\u00e3o dos Munic\u00edpios da Regi\u00e3o Metropolitana de BH) e vice-presidenta de Pol\u00edticas Sociais da Frente Nacional de Prefeitos (FNP).<\/p>\n<p><span style=\"color: #ff0000;\"><em>Qual a sua perspectiva para o futuro de Contagem nos pr\u00f3ximos tr\u00eas a sete anos? Acredita que vamos superar a crise instaurada? Como avalia que ser\u00e1 a nossa realidade, enquanto popula\u00e7\u00e3o contagense neste per\u00edodo vindouro?<\/em><\/span><\/p>\n<p>Queremos uma cidade cada dia melhor para todos e todas. O nosso desejo \u00e9 fazer uma gest\u00e3o focada nas necessidades da nossa popula\u00e7\u00e3o. Nossa prioridade \u00e9 dar continuidade \u00e0s obras para garantir os investimentos para a cidade.<\/p>\n<p>A segunda prioridade \u00e9 garantir o fortalecimento da sa\u00fade.\u00a0 Pretendemos investir na aten\u00e7\u00e3o b\u00e1sica, inclusive para tirar a sobrecarga da \u00e1rea hospitalar, na \u00e1rea de urg\u00eancia e emerg\u00eancia.<\/p>\n<p>Tamb\u00e9m \u00e9 nossa prioridade investir no fortalecimento da atividade econ\u00f4mica do munic\u00edpio. Para n\u00f3s \u00e9 uma quest\u00e3o crucial promover investimentos e concluir as obras que estavam paradas para garantir melhor qualidade de vida, tr\u00e2nsito mais r\u00e1pido, al\u00e9m de renda e emprego para a nossa popula\u00e7\u00e3o.\u00a0 \u00c9 neste sentido que fomos ousados no enfrentamento \u00e0 pandemia e compartilhamos com a atividade econ\u00f4mica a responsabilidade de combater o novo coronav\u00edrus para garantir o funcionamento das atividades comerciais em v\u00e1rios segmentos.<\/p>\n<p>Acredito que com a vacina\u00e7\u00e3o em massa, conseguiremos reduzir a incid\u00eancia da Covid-19. Queremos que a nossa vida volte ao normal, para que possamos andar tranquilos pela nossa cidade e interagir com as pessoas. Queremos uma cidade mais bonita, humana, agrad\u00e1vel para se viver, que as pessoas se sintam bem e tenham orgulho de viver aqui em Contagem. Queremos que os contagenses felizes de novo e estamos trabalhando muito para que isso seja realidade.<\/p>\n<p><a href=\"https:\/\/www.vivagrandebh.com.br\/revista\/wp-content\/uploads\/2021\/09\/5.png\"><img loading=\"lazy\" decoding=\"async\" class=\"aligncenter wp-image-4987\" src=\"https:\/\/www.vivagrandebh.com.br\/revista\/wp-content\/uploads\/2021\/09\/5-300x258.png\" alt=\"\" width=\"395\" height=\"340\" srcset=\"https:\/\/www.vivagrandebh.com.br\/revista\/wp-content\/uploads\/2021\/09\/5-300x258.png 300w, https:\/\/www.vivagrandebh.com.br\/revista\/wp-content\/uploads\/2021\/09\/5-1024x881.png 1024w, https:\/\/www.vivagrandebh.com.br\/revista\/wp-content\/uploads\/2021\/09\/5-768x661.png 768w, https:\/\/www.vivagrandebh.com.br\/revista\/wp-content\/uploads\/2021\/09\/5-1536x1322.png 1536w, https:\/\/www.vivagrandebh.com.br\/revista\/wp-content\/uploads\/2021\/09\/5-2048x1762.png 2048w\" sizes=\"(max-width: 395px) 100vw, 395px\" \/><\/a><\/p>\n","protected":false},"excerpt":{"rendered":"<p>Em 30 de agosto de 2021, Contagem comemora 110 anos, tendo \u00e0 frente da Prefeitura, mais uma vez, Mar\u00edlia Campos, a \u2018prefeita do centen\u00e1rio\u2019. Nesta edi\u00e7\u00e3o, a Revista Viva Grande BH traz um bate papo com a chefe do Executivo de Contagem, fazendo um balan\u00e7o de como era a cidade na \u00e9poca do centen\u00e1rio (2011, [&hellip;]<\/p>\n","protected":false},"author":3,"featured_media":4981,"comment_status":"closed","ping_status":"open","sticky":false,"template":"","format":"standard","meta":{"footnotes":""},"categories":[88,1],"tags":[],"yoast_head":"<!-- This site is optimized with the Yoast SEO plugin v21.7 - https:\/\/yoast.com\/wordpress\/plugins\/seo\/ -->\n<title>ENTREVISTA: Prefeita Mar\u00edlia Campos - Revista Viva Grande BH<\/title>\n<meta name=\"robots\" content=\"index, follow, max-snippet:-1, max-image-preview:large, max-video-preview:-1\" \/>\n<link rel=\"canonical\" href=\"https:\/\/www.vivagrandebh.com.br\/revista\/entrevista-prefeita-marilia-campos\/\" \/>\n<meta property=\"og:locale\" content=\"pt_BR\" \/>\n<meta property=\"og:type\" content=\"article\" \/>\n<meta property=\"og:title\" content=\"ENTREVISTA: Prefeita Mar\u00edlia Campos - Revista Viva Grande BH\" \/>\n<meta property=\"og:description\" content=\"Em 30 de agosto de 2021, Contagem comemora 110 anos, tendo \u00e0 frente da Prefeitura, mais uma vez, Mar\u00edlia Campos, a \u2018prefeita do centen\u00e1rio\u2019. Nesta edi\u00e7\u00e3o, a Revista Viva Grande BH traz um bate papo com a chefe do Executivo de Contagem, fazendo um balan\u00e7o de como era a cidade na \u00e9poca do centen\u00e1rio (2011, [&hellip;]\" \/>\n<meta property=\"og:url\" content=\"https:\/\/www.vivagrandebh.com.br\/revista\/entrevista-prefeita-marilia-campos\/\" \/>\n<meta property=\"og:site_name\" content=\"Revista Viva Grande BH\" \/>\n<meta property=\"article:publisher\" content=\"https:\/\/www.facebook.com\/revistavivagdebh\/\" \/>\n<meta property=\"article:published_time\" content=\"2021-09-28T14:47:10+00:00\" \/>\n<meta property=\"article:modified_time\" content=\"2021-09-28T14:47:56+00:00\" \/>\n<meta property=\"og:image\" content=\"https:\/\/www.vivagrandebh.com.br\/revista\/wp-content\/uploads\/2021\/09\/4-1024x683.png\" \/>\n\t<meta property=\"og:image:width\" content=\"1024\" \/>\n\t<meta property=\"og:image:height\" content=\"683\" \/>\n\t<meta property=\"og:image:type\" content=\"image\/png\" \/>\n<meta name=\"author\" content=\"VivaOnline\" \/>\n<meta name=\"twitter:card\" content=\"summary_large_image\" \/>\n<meta name=\"twitter:label1\" content=\"Escrito por\" \/>\n\t<meta name=\"twitter:data1\" content=\"VivaOnline\" \/>\n\t<meta name=\"twitter:label2\" content=\"Est. tempo de leitura\" \/>\n\t<meta name=\"twitter:data2\" content=\"19 minutos\" \/>\n<script type=\"application\/ld+json\" class=\"yoast-schema-graph\">{\"@context\":\"https:\/\/schema.org\",\"@graph\":[{\"@type\":\"Article\",\"@id\":\"https:\/\/www.vivagrandebh.com.br\/revista\/entrevista-prefeita-marilia-campos\/#article\",\"isPartOf\":{\"@id\":\"https:\/\/www.vivagrandebh.com.br\/revista\/entrevista-prefeita-marilia-campos\/\"},\"author\":{\"name\":\"VivaOnline\",\"@id\":\"https:\/\/www.vivagrandebh.com.br\/revista\/#\/schema\/person\/f73d5d0d49e47e0d943eeca2fc6a3b6b\"},\"headline\":\"ENTREVISTA: Prefeita Mar\u00edlia Campos\",\"datePublished\":\"2021-09-28T14:47:10+00:00\",\"dateModified\":\"2021-09-28T14:47:56+00:00\",\"mainEntityOfPage\":{\"@id\":\"https:\/\/www.vivagrandebh.com.br\/revista\/entrevista-prefeita-marilia-campos\/\"},\"wordCount\":3719,\"publisher\":{\"@id\":\"https:\/\/www.vivagrandebh.com.br\/revista\/#organization\"},\"articleSection\":[\"Camila Martucheli\",\"Uncategorized\"],\"inLanguage\":\"pt-BR\"},{\"@type\":\"WebPage\",\"@id\":\"https:\/\/www.vivagrandebh.com.br\/revista\/entrevista-prefeita-marilia-campos\/\",\"url\":\"https:\/\/www.vivagrandebh.com.br\/revista\/entrevista-prefeita-marilia-campos\/\",\"name\":\"ENTREVISTA: Prefeita Mar\u00edlia Campos - Revista Viva Grande BH\",\"isPartOf\":{\"@id\":\"https:\/\/www.vivagrandebh.com.br\/revista\/#website\"},\"datePublished\":\"2021-09-28T14:47:10+00:00\",\"dateModified\":\"2021-09-28T14:47:56+00:00\",\"breadcrumb\":{\"@id\":\"https:\/\/www.vivagrandebh.com.br\/revista\/entrevista-prefeita-marilia-campos\/#breadcrumb\"},\"inLanguage\":\"pt-BR\",\"potentialAction\":[{\"@type\":\"ReadAction\",\"target\":[\"https:\/\/www.vivagrandebh.com.br\/revista\/entrevista-prefeita-marilia-campos\/\"]}]},{\"@type\":\"BreadcrumbList\",\"@id\":\"https:\/\/www.vivagrandebh.com.br\/revista\/entrevista-prefeita-marilia-campos\/#breadcrumb\",\"itemListElement\":[{\"@type\":\"ListItem\",\"position\":1,\"name\":\"In\u00edcio\",\"item\":\"https:\/\/www.vivagrandebh.com.br\/revista\/\"},{\"@type\":\"ListItem\",\"position\":2,\"name\":\"ENTREVISTA: Prefeita Mar\u00edlia Campos\"}]},{\"@type\":\"WebSite\",\"@id\":\"https:\/\/www.vivagrandebh.com.br\/revista\/#website\",\"url\":\"https:\/\/www.vivagrandebh.com.br\/revista\/\",\"name\":\"Revista Viva Grande BH\",\"description\":\"a Viva Grande BH leva ao leitor informa\u00e7\u00f5es de qualidade sobre turismo, esporte, arte e cultura, economia, mercado e pol\u00edtica.\",\"publisher\":{\"@id\":\"https:\/\/www.vivagrandebh.com.br\/revista\/#organization\"},\"potentialAction\":[{\"@type\":\"SearchAction\",\"target\":{\"@type\":\"EntryPoint\",\"urlTemplate\":\"https:\/\/www.vivagrandebh.com.br\/revista\/?s={search_term_string}\"},\"query-input\":\"required name=search_term_string\"}],\"inLanguage\":\"pt-BR\"},{\"@type\":\"Organization\",\"@id\":\"https:\/\/www.vivagrandebh.com.br\/revista\/#organization\",\"name\":\"Revista Viva\",\"url\":\"https:\/\/www.vivagrandebh.com.br\/revista\/\",\"logo\":{\"@type\":\"ImageObject\",\"inLanguage\":\"pt-BR\",\"@id\":\"https:\/\/www.vivagrandebh.com.br\/revista\/#\/schema\/logo\/image\/\",\"url\":\"https:\/\/www.vivagrandebh.com.br\/revista\/wp-content\/uploads\/2020\/07\/logo-viva-e1599687783656.png\",\"contentUrl\":\"https:\/\/www.vivagrandebh.com.br\/revista\/wp-content\/uploads\/2020\/07\/logo-viva-e1599687783656.png\",\"width\":300,\"height\":90,\"caption\":\"Revista Viva\"},\"image\":{\"@id\":\"https:\/\/www.vivagrandebh.com.br\/revista\/#\/schema\/logo\/image\/\"},\"sameAs\":[\"https:\/\/www.facebook.com\/revistavivagdebh\/\",\"https:\/\/www.instagram.com\/vivagrandebh\/?hl=pt-br\",\"https:\/\/www.youtube.com\/channel\/UCmdQd1O5bVMGARYL5RU8H-w\/about\"]},{\"@type\":\"Person\",\"@id\":\"https:\/\/www.vivagrandebh.com.br\/revista\/#\/schema\/person\/f73d5d0d49e47e0d943eeca2fc6a3b6b\",\"name\":\"VivaOnline\",\"image\":{\"@type\":\"ImageObject\",\"inLanguage\":\"pt-BR\",\"@id\":\"https:\/\/www.vivagrandebh.com.br\/revista\/#\/schema\/person\/image\/\",\"url\":\"https:\/\/secure.gravatar.com\/avatar\/7feec83b98a3f1834b033ae814fc2b75?s=96&d=mm&r=g\",\"contentUrl\":\"https:\/\/secure.gravatar.com\/avatar\/7feec83b98a3f1834b033ae814fc2b75?s=96&d=mm&r=g\",\"caption\":\"VivaOnline\"},\"url\":\"https:\/\/www.vivagrandebh.com.br\/revista\/author\/vivaonline\/\"}]}<\/script>\n<!-- \/ Yoast SEO plugin. -->","yoast_head_json":{"title":"ENTREVISTA: Prefeita Mar\u00edlia Campos - Revista Viva Grande BH","robots":{"index":"index","follow":"follow","max-snippet":"max-snippet:-1","max-image-preview":"max-image-preview:large","max-video-preview":"max-video-preview:-1"},"canonical":"https:\/\/www.vivagrandebh.com.br\/revista\/entrevista-prefeita-marilia-campos\/","og_locale":"pt_BR","og_type":"article","og_title":"ENTREVISTA: Prefeita Mar\u00edlia Campos - Revista Viva Grande BH","og_description":"Em 30 de agosto de 2021, Contagem comemora 110 anos, tendo \u00e0 frente da Prefeitura, mais uma vez, Mar\u00edlia Campos, a \u2018prefeita do centen\u00e1rio\u2019. Nesta edi\u00e7\u00e3o, a Revista Viva Grande BH traz um bate papo com a chefe do Executivo de Contagem, fazendo um balan\u00e7o de como era a cidade na \u00e9poca do centen\u00e1rio (2011, [&hellip;]","og_url":"https:\/\/www.vivagrandebh.com.br\/revista\/entrevista-prefeita-marilia-campos\/","og_site_name":"Revista Viva Grande BH","article_publisher":"https:\/\/www.facebook.com\/revistavivagdebh\/","article_published_time":"2021-09-28T14:47:10+00:00","article_modified_time":"2021-09-28T14:47:56+00:00","og_image":[{"width":1024,"height":683,"url":"https:\/\/www.vivagrandebh.com.br\/revista\/wp-content\/uploads\/2021\/09\/4-1024x683.png","type":"image\/png"}],"author":"VivaOnline","twitter_card":"summary_large_image","twitter_misc":{"Escrito por":"VivaOnline","Est. tempo de leitura":"19 minutos"},"schema":{"@context":"https:\/\/schema.org","@graph":[{"@type":"Article","@id":"https:\/\/www.vivagrandebh.com.br\/revista\/entrevista-prefeita-marilia-campos\/#article","isPartOf":{"@id":"https:\/\/www.vivagrandebh.com.br\/revista\/entrevista-prefeita-marilia-campos\/"},"author":{"name":"VivaOnline","@id":"https:\/\/www.vivagrandebh.com.br\/revista\/#\/schema\/person\/f73d5d0d49e47e0d943eeca2fc6a3b6b"},"headline":"ENTREVISTA: Prefeita Mar\u00edlia Campos","datePublished":"2021-09-28T14:47:10+00:00","dateModified":"2021-09-28T14:47:56+00:00","mainEntityOfPage":{"@id":"https:\/\/www.vivagrandebh.com.br\/revista\/entrevista-prefeita-marilia-campos\/"},"wordCount":3719,"publisher":{"@id":"https:\/\/www.vivagrandebh.com.br\/revista\/#organization"},"articleSection":["Camila Martucheli","Uncategorized"],"inLanguage":"pt-BR"},{"@type":"WebPage","@id":"https:\/\/www.vivagrandebh.com.br\/revista\/entrevista-prefeita-marilia-campos\/","url":"https:\/\/www.vivagrandebh.com.br\/revista\/entrevista-prefeita-marilia-campos\/","name":"ENTREVISTA: Prefeita Mar\u00edlia Campos - Revista Viva Grande BH","isPartOf":{"@id":"https:\/\/www.vivagrandebh.com.br\/revista\/#website"},"datePublished":"2021-09-28T14:47:10+00:00","dateModified":"2021-09-28T14:47:56+00:00","breadcrumb":{"@id":"https:\/\/www.vivagrandebh.com.br\/revista\/entrevista-prefeita-marilia-campos\/#breadcrumb"},"inLanguage":"pt-BR","potentialAction":[{"@type":"ReadAction","target":["https:\/\/www.vivagrandebh.com.br\/revista\/entrevista-prefeita-marilia-campos\/"]}]},{"@type":"BreadcrumbList","@id":"https:\/\/www.vivagrandebh.com.br\/revista\/entrevista-prefeita-marilia-campos\/#breadcrumb","itemListElement":[{"@type":"ListItem","position":1,"name":"In\u00edcio","item":"https:\/\/www.vivagrandebh.com.br\/revista\/"},{"@type":"ListItem","position":2,"name":"ENTREVISTA: Prefeita Mar\u00edlia Campos"}]},{"@type":"WebSite","@id":"https:\/\/www.vivagrandebh.com.br\/revista\/#website","url":"https:\/\/www.vivagrandebh.com.br\/revista\/","name":"Revista Viva Grande BH","description":"a Viva Grande BH leva ao leitor informa\u00e7\u00f5es de qualidade sobre turismo, esporte, arte e cultura, economia, mercado e pol\u00edtica.","publisher":{"@id":"https:\/\/www.vivagrandebh.com.br\/revista\/#organization"},"potentialAction":[{"@type":"SearchAction","target":{"@type":"EntryPoint","urlTemplate":"https:\/\/www.vivagrandebh.com.br\/revista\/?s={search_term_string}"},"query-input":"required name=search_term_string"}],"inLanguage":"pt-BR"},{"@type":"Organization","@id":"https:\/\/www.vivagrandebh.com.br\/revista\/#organization","name":"Revista Viva","url":"https:\/\/www.vivagrandebh.com.br\/revista\/","logo":{"@type":"ImageObject","inLanguage":"pt-BR","@id":"https:\/\/www.vivagrandebh.com.br\/revista\/#\/schema\/logo\/image\/","url":"https:\/\/www.vivagrandebh.com.br\/revista\/wp-content\/uploads\/2020\/07\/logo-viva-e1599687783656.png","contentUrl":"https:\/\/www.vivagrandebh.com.br\/revista\/wp-content\/uploads\/2020\/07\/logo-viva-e1599687783656.png","width":300,"height":90,"caption":"Revista Viva"},"image":{"@id":"https:\/\/www.vivagrandebh.com.br\/revista\/#\/schema\/logo\/image\/"},"sameAs":["https:\/\/www.facebook.com\/revistavivagdebh\/","https:\/\/www.instagram.com\/vivagrandebh\/?hl=pt-br","https:\/\/www.youtube.com\/channel\/UCmdQd1O5bVMGARYL5RU8H-w\/about"]},{"@type":"Person","@id":"https:\/\/www.vivagrandebh.com.br\/revista\/#\/schema\/person\/f73d5d0d49e47e0d943eeca2fc6a3b6b","name":"VivaOnline","image":{"@type":"ImageObject","inLanguage":"pt-BR","@id":"https:\/\/www.vivagrandebh.com.br\/revista\/#\/schema\/person\/image\/","url":"https:\/\/secure.gravatar.com\/avatar\/7feec83b98a3f1834b033ae814fc2b75?s=96&d=mm&r=g","contentUrl":"https:\/\/secure.gravatar.com\/avatar\/7feec83b98a3f1834b033ae814fc2b75?s=96&d=mm&r=g","caption":"VivaOnline"},"url":"https:\/\/www.vivagrandebh.com.br\/revista\/author\/vivaonline\/"}]}},"_links":{"self":[{"href":"https:\/\/www.vivagrandebh.com.br\/revista\/wp-json\/wp\/v2\/posts\/4979"}],"collection":[{"href":"https:\/\/www.vivagrandebh.com.br\/revista\/wp-json\/wp\/v2\/posts"}],"about":[{"href":"https:\/\/www.vivagrandebh.com.br\/revista\/wp-json\/wp\/v2\/types\/post"}],"author":[{"embeddable":true,"href":"https:\/\/www.vivagrandebh.com.br\/revista\/wp-json\/wp\/v2\/users\/3"}],"replies":[{"embeddable":true,"href":"https:\/\/www.vivagrandebh.com.br\/revista\/wp-json\/wp\/v2\/comments?post=4979"}],"version-history":[{"count":2,"href":"https:\/\/www.vivagrandebh.com.br\/revista\/wp-json\/wp\/v2\/posts\/4979\/revisions"}],"predecessor-version":[{"id":4990,"href":"https:\/\/www.vivagrandebh.com.br\/revista\/wp-json\/wp\/v2\/posts\/4979\/revisions\/4990"}],"wp:featuredmedia":[{"embeddable":true,"href":"https:\/\/www.vivagrandebh.com.br\/revista\/wp-json\/wp\/v2\/media\/4981"}],"wp:attachment":[{"href":"https:\/\/www.vivagrandebh.com.br\/revista\/wp-json\/wp\/v2\/media?parent=4979"}],"wp:term":[{"taxonomy":"category","embeddable":true,"href":"https:\/\/www.vivagrandebh.com.br\/revista\/wp-json\/wp\/v2\/categories?post=4979"},{"taxonomy":"post_tag","embeddable":true,"href":"https:\/\/www.vivagrandebh.com.br\/revista\/wp-json\/wp\/v2\/tags?post=4979"}],"curies":[{"name":"wp","href":"https:\/\/api.w.org\/{rel}","templated":true}]}}