{"id":4397,"date":"2021-04-13T19:34:45","date_gmt":"2021-04-13T22:34:45","guid":{"rendered":"https:\/\/www.vivagrandebh.com.br\/revista\/?p=4397"},"modified":"2021-04-13T19:34:50","modified_gmt":"2021-04-13T22:34:50","slug":"festa-versus-vida","status":"publish","type":"post","link":"https:\/\/www.vivagrandebh.com.br\/revista\/festa-versus-vida\/","title":{"rendered":"FESTA VERSUS VIDA"},"content":{"rendered":"<p><em><strong>Procurei uma festa para aglomera\u00e7\u00e3o. <\/strong><\/em><br \/>\n<em><strong>N\u00e3o encontrei, mas ganhei a vida.<\/strong><\/em><\/p>\n<p>Sem esquecer as interpreta\u00e7\u00f5es poss\u00edveis do texto, gostaria de chamar a aten\u00e7\u00e3o para alguns aspectos gramaticais. N\u00e3o \u00e9 novidade que o texto possui duas frases separadas por um ponto final.<br \/>\n1 &#8211; Procurei uma festa para aglomera\u00e7\u00e3o.<br \/>\n2 &#8211; N\u00e3o encontrei, mas ganhei a vida.<br \/>\nA frase 1 possui um verbo, \u201cprocurei\u201d e seu infinitivo \u00e9 procurar. Sendo assim, dizemos que o per\u00edodo \u00e9 simples, pois possui um verbo e consequentemente possui uma ora\u00e7\u00e3o.<br \/>\nJ\u00e1 a frase 2 possui dois verbos: encontrei, infinitivo encontrar e ganhei, infinitivo ganhar. Por isso dizemos que a frase 2, como possui dois verbos, \u00e9 um per\u00edodo composto e consequentemente possui duas ora\u00e7\u00f5es. Vamos desmembr\u00e1-las.Ora\u00e7\u00e3o 1 &#8211; N\u00e3o encontrei,<br \/>\nOra\u00e7\u00e3o 2 &#8211; mas ganhei a vida.<br \/>\nO que a ora\u00e7\u00e3o 1 n\u00e3o encontrou? Lendo todo o texto sabemos que n\u00e3o encontrou a festa. O sentido desta ora\u00e7\u00e3o est\u00e1 completa. \u201cN\u00e3o encontrei a festa\u201d. A palavra festa n\u00e3o precisa ser repetida, porque j\u00e1 lemos na frase anterior.<br \/>\nA ora\u00e7\u00e3o 2 tamb\u00e9m tem um sentido completo: \u201cganhei a vida\u201d. Essa ora\u00e7\u00e3o \u00e9 iniciada por uma pequena palavra, que diz muito para o leitor. \u201cMAS\u201d.<br \/>\nMas \u00e9 uma conjun\u00e7\u00e3o adversativa que transmite uma ideia de oposi\u00e7\u00e3o. \u00c9 f\u00e1cil perceber: n\u00e3o encontrei algo que procurava, no caso do texto a festa, mas ganhei outra coisa, a vida.<br \/>\nConcluindo, a frase 1 possui um verbo e por isso \u00e9 um per\u00edodo simples. A frase 2 possui dois verbos, por isso \u00e9 um per\u00edodo composto com duas ora\u00e7\u00f5es, que por terem sentidos completos e independentes s\u00e3o chamadas de ora\u00e7\u00f5es coordenadas. E fazendo a liga\u00e7\u00e3o entre as duas ora\u00e7\u00f5es coordenadas existe uma palavra, mas, que \u00e9 uma conjun\u00e7\u00e3o adversativa.<br \/>\nVoc\u00ea deve estar questionando a minha reflex\u00e3o. Quando digo que festa est\u00e1 em oposi\u00e7\u00e3o a vida. Festa \u00e9 alegria, divers\u00e3o \u00e9 algo bom e tamb\u00e9m representa a vida. Concordo, mas n\u00e3o nestes tempos em que vivemos. N\u00e3o neste momento de pandemia quando o que se espera para n\u00e3o proliferar a doen\u00e7a \u00e9 que fiquemos livres de aglomera\u00e7\u00f5es, inevit\u00e1veis em festas.<br \/>\nPor isso, neste momento festa est\u00e1 em oposi\u00e7\u00e3o a vida representada pela conjun\u00e7\u00e3o \u201cmas\u201d.<\/p>\n","protected":false},"excerpt":{"rendered":"<p>Procurei uma festa para aglomera\u00e7\u00e3o. N\u00e3o encontrei, mas ganhei a vida. Sem esquecer as interpreta\u00e7\u00f5es poss\u00edveis do texto, gostaria de chamar a aten\u00e7\u00e3o para alguns aspectos gramaticais. N\u00e3o \u00e9 novidade que o texto possui duas frases separadas por um ponto final. 1 &#8211; Procurei uma festa para aglomera\u00e7\u00e3o. 2 &#8211; N\u00e3o encontrei, mas ganhei a [&hellip;]<\/p>\n","protected":false},"author":3,"featured_media":0,"comment_status":"closed","ping_status":"open","sticky":false,"template":"","format":"standard","meta":{"footnotes":""},"categories":[78,81],"tags":[],"yoast_head":"<!-- This site is optimized with the Yoast SEO plugin v21.7 - https:\/\/yoast.com\/wordpress\/plugins\/seo\/ -->\n<title>FESTA VERSUS VIDA - Revista Viva Grande BH<\/title>\n<meta name=\"robots\" content=\"index, follow, max-snippet:-1, max-image-preview:large, max-video-preview:-1\" \/>\n<link rel=\"canonical\" href=\"https:\/\/www.vivagrandebh.com.br\/revista\/festa-versus-vida\/\" \/>\n<meta property=\"og:locale\" content=\"pt_BR\" \/>\n<meta property=\"og:type\" content=\"article\" \/>\n<meta property=\"og:title\" content=\"FESTA VERSUS VIDA - Revista Viva Grande BH\" \/>\n<meta property=\"og:description\" content=\"Procurei uma festa para aglomera\u00e7\u00e3o. N\u00e3o encontrei, mas ganhei a vida. Sem esquecer as interpreta\u00e7\u00f5es poss\u00edveis do texto, gostaria de chamar a aten\u00e7\u00e3o para alguns aspectos gramaticais. N\u00e3o \u00e9 novidade que o texto possui duas frases separadas por um ponto final. 1 &#8211; Procurei uma festa para aglomera\u00e7\u00e3o. 2 &#8211; N\u00e3o encontrei, mas ganhei a [&hellip;]\" \/>\n<meta property=\"og:url\" content=\"https:\/\/www.vivagrandebh.com.br\/revista\/festa-versus-vida\/\" \/>\n<meta property=\"og:site_name\" content=\"Revista Viva Grande BH\" \/>\n<meta property=\"article:publisher\" content=\"https:\/\/www.facebook.com\/revistavivagdebh\/\" \/>\n<meta property=\"article:published_time\" content=\"2021-04-13T22:34:45+00:00\" \/>\n<meta property=\"article:modified_time\" content=\"2021-04-13T22:34:50+00:00\" \/>\n<meta name=\"author\" content=\"VivaOnline\" \/>\n<meta name=\"twitter:card\" content=\"summary_large_image\" \/>\n<meta name=\"twitter:label1\" content=\"Escrito por\" \/>\n\t<meta name=\"twitter:data1\" content=\"VivaOnline\" \/>\n\t<meta name=\"twitter:label2\" content=\"Est. tempo de leitura\" \/>\n\t<meta name=\"twitter:data2\" content=\"2 minutos\" \/>\n<script type=\"application\/ld+json\" class=\"yoast-schema-graph\">{\"@context\":\"https:\/\/schema.org\",\"@graph\":[{\"@type\":\"Article\",\"@id\":\"https:\/\/www.vivagrandebh.com.br\/revista\/festa-versus-vida\/#article\",\"isPartOf\":{\"@id\":\"https:\/\/www.vivagrandebh.com.br\/revista\/festa-versus-vida\/\"},\"author\":{\"name\":\"VivaOnline\",\"@id\":\"https:\/\/www.vivagrandebh.com.br\/revista\/#\/schema\/person\/f73d5d0d49e47e0d943eeca2fc6a3b6b\"},\"headline\":\"FESTA VERSUS VIDA\",\"datePublished\":\"2021-04-13T22:34:45+00:00\",\"dateModified\":\"2021-04-13T22:34:50+00:00\",\"mainEntityOfPage\":{\"@id\":\"https:\/\/www.vivagrandebh.com.br\/revista\/festa-versus-vida\/\"},\"wordCount\":391,\"publisher\":{\"@id\":\"https:\/\/www.vivagrandebh.com.br\/revista\/#organization\"},\"articleSection\":[\"Colunistas\",\"Ronan Gomes\"],\"inLanguage\":\"pt-BR\"},{\"@type\":\"WebPage\",\"@id\":\"https:\/\/www.vivagrandebh.com.br\/revista\/festa-versus-vida\/\",\"url\":\"https:\/\/www.vivagrandebh.com.br\/revista\/festa-versus-vida\/\",\"name\":\"FESTA VERSUS VIDA - Revista Viva Grande BH\",\"isPartOf\":{\"@id\":\"https:\/\/www.vivagrandebh.com.br\/revista\/#website\"},\"datePublished\":\"2021-04-13T22:34:45+00:00\",\"dateModified\":\"2021-04-13T22:34:50+00:00\",\"breadcrumb\":{\"@id\":\"https:\/\/www.vivagrandebh.com.br\/revista\/festa-versus-vida\/#breadcrumb\"},\"inLanguage\":\"pt-BR\",\"potentialAction\":[{\"@type\":\"ReadAction\",\"target\":[\"https:\/\/www.vivagrandebh.com.br\/revista\/festa-versus-vida\/\"]}]},{\"@type\":\"BreadcrumbList\",\"@id\":\"https:\/\/www.vivagrandebh.com.br\/revista\/festa-versus-vida\/#breadcrumb\",\"itemListElement\":[{\"@type\":\"ListItem\",\"position\":1,\"name\":\"In\u00edcio\",\"item\":\"https:\/\/www.vivagrandebh.com.br\/revista\/\"},{\"@type\":\"ListItem\",\"position\":2,\"name\":\"FESTA VERSUS VIDA\"}]},{\"@type\":\"WebSite\",\"@id\":\"https:\/\/www.vivagrandebh.com.br\/revista\/#website\",\"url\":\"https:\/\/www.vivagrandebh.com.br\/revista\/\",\"name\":\"Revista Viva Grande BH\",\"description\":\"a Viva Grande BH leva ao leitor informa\u00e7\u00f5es de qualidade sobre turismo, esporte, arte e cultura, economia, mercado e pol\u00edtica.\",\"publisher\":{\"@id\":\"https:\/\/www.vivagrandebh.com.br\/revista\/#organization\"},\"potentialAction\":[{\"@type\":\"SearchAction\",\"target\":{\"@type\":\"EntryPoint\",\"urlTemplate\":\"https:\/\/www.vivagrandebh.com.br\/revista\/?s={search_term_string}\"},\"query-input\":\"required name=search_term_string\"}],\"inLanguage\":\"pt-BR\"},{\"@type\":\"Organization\",\"@id\":\"https:\/\/www.vivagrandebh.com.br\/revista\/#organization\",\"name\":\"Revista Viva\",\"url\":\"https:\/\/www.vivagrandebh.com.br\/revista\/\",\"logo\":{\"@type\":\"ImageObject\",\"inLanguage\":\"pt-BR\",\"@id\":\"https:\/\/www.vivagrandebh.com.br\/revista\/#\/schema\/logo\/image\/\",\"url\":\"https:\/\/www.vivagrandebh.com.br\/revista\/wp-content\/uploads\/2020\/07\/logo-viva-e1599687783656.png\",\"contentUrl\":\"https:\/\/www.vivagrandebh.com.br\/revista\/wp-content\/uploads\/2020\/07\/logo-viva-e1599687783656.png\",\"width\":300,\"height\":90,\"caption\":\"Revista Viva\"},\"image\":{\"@id\":\"https:\/\/www.vivagrandebh.com.br\/revista\/#\/schema\/logo\/image\/\"},\"sameAs\":[\"https:\/\/www.facebook.com\/revistavivagdebh\/\",\"https:\/\/www.instagram.com\/vivagrandebh\/?hl=pt-br\",\"https:\/\/www.youtube.com\/channel\/UCmdQd1O5bVMGARYL5RU8H-w\/about\"]},{\"@type\":\"Person\",\"@id\":\"https:\/\/www.vivagrandebh.com.br\/revista\/#\/schema\/person\/f73d5d0d49e47e0d943eeca2fc6a3b6b\",\"name\":\"VivaOnline\",\"image\":{\"@type\":\"ImageObject\",\"inLanguage\":\"pt-BR\",\"@id\":\"https:\/\/www.vivagrandebh.com.br\/revista\/#\/schema\/person\/image\/\",\"url\":\"https:\/\/secure.gravatar.com\/avatar\/7feec83b98a3f1834b033ae814fc2b75?s=96&d=mm&r=g\",\"contentUrl\":\"https:\/\/secure.gravatar.com\/avatar\/7feec83b98a3f1834b033ae814fc2b75?s=96&d=mm&r=g\",\"caption\":\"VivaOnline\"},\"url\":\"https:\/\/www.vivagrandebh.com.br\/revista\/author\/vivaonline\/\"}]}<\/script>\n<!-- \/ Yoast SEO plugin. -->","yoast_head_json":{"title":"FESTA VERSUS VIDA - Revista Viva Grande BH","robots":{"index":"index","follow":"follow","max-snippet":"max-snippet:-1","max-image-preview":"max-image-preview:large","max-video-preview":"max-video-preview:-1"},"canonical":"https:\/\/www.vivagrandebh.com.br\/revista\/festa-versus-vida\/","og_locale":"pt_BR","og_type":"article","og_title":"FESTA VERSUS VIDA - Revista Viva Grande BH","og_description":"Procurei uma festa para aglomera\u00e7\u00e3o. N\u00e3o encontrei, mas ganhei a vida. Sem esquecer as interpreta\u00e7\u00f5es poss\u00edveis do texto, gostaria de chamar a aten\u00e7\u00e3o para alguns aspectos gramaticais. N\u00e3o \u00e9 novidade que o texto possui duas frases separadas por um ponto final. 1 &#8211; Procurei uma festa para aglomera\u00e7\u00e3o. 2 &#8211; N\u00e3o encontrei, mas ganhei a [&hellip;]","og_url":"https:\/\/www.vivagrandebh.com.br\/revista\/festa-versus-vida\/","og_site_name":"Revista Viva Grande BH","article_publisher":"https:\/\/www.facebook.com\/revistavivagdebh\/","article_published_time":"2021-04-13T22:34:45+00:00","article_modified_time":"2021-04-13T22:34:50+00:00","author":"VivaOnline","twitter_card":"summary_large_image","twitter_misc":{"Escrito por":"VivaOnline","Est. tempo de leitura":"2 minutos"},"schema":{"@context":"https:\/\/schema.org","@graph":[{"@type":"Article","@id":"https:\/\/www.vivagrandebh.com.br\/revista\/festa-versus-vida\/#article","isPartOf":{"@id":"https:\/\/www.vivagrandebh.com.br\/revista\/festa-versus-vida\/"},"author":{"name":"VivaOnline","@id":"https:\/\/www.vivagrandebh.com.br\/revista\/#\/schema\/person\/f73d5d0d49e47e0d943eeca2fc6a3b6b"},"headline":"FESTA VERSUS VIDA","datePublished":"2021-04-13T22:34:45+00:00","dateModified":"2021-04-13T22:34:50+00:00","mainEntityOfPage":{"@id":"https:\/\/www.vivagrandebh.com.br\/revista\/festa-versus-vida\/"},"wordCount":391,"publisher":{"@id":"https:\/\/www.vivagrandebh.com.br\/revista\/#organization"},"articleSection":["Colunistas","Ronan Gomes"],"inLanguage":"pt-BR"},{"@type":"WebPage","@id":"https:\/\/www.vivagrandebh.com.br\/revista\/festa-versus-vida\/","url":"https:\/\/www.vivagrandebh.com.br\/revista\/festa-versus-vida\/","name":"FESTA VERSUS VIDA - Revista Viva Grande BH","isPartOf":{"@id":"https:\/\/www.vivagrandebh.com.br\/revista\/#website"},"datePublished":"2021-04-13T22:34:45+00:00","dateModified":"2021-04-13T22:34:50+00:00","breadcrumb":{"@id":"https:\/\/www.vivagrandebh.com.br\/revista\/festa-versus-vida\/#breadcrumb"},"inLanguage":"pt-BR","potentialAction":[{"@type":"ReadAction","target":["https:\/\/www.vivagrandebh.com.br\/revista\/festa-versus-vida\/"]}]},{"@type":"BreadcrumbList","@id":"https:\/\/www.vivagrandebh.com.br\/revista\/festa-versus-vida\/#breadcrumb","itemListElement":[{"@type":"ListItem","position":1,"name":"In\u00edcio","item":"https:\/\/www.vivagrandebh.com.br\/revista\/"},{"@type":"ListItem","position":2,"name":"FESTA VERSUS VIDA"}]},{"@type":"WebSite","@id":"https:\/\/www.vivagrandebh.com.br\/revista\/#website","url":"https:\/\/www.vivagrandebh.com.br\/revista\/","name":"Revista Viva Grande BH","description":"a Viva Grande BH leva ao leitor informa\u00e7\u00f5es de qualidade sobre turismo, esporte, arte e cultura, economia, mercado e pol\u00edtica.","publisher":{"@id":"https:\/\/www.vivagrandebh.com.br\/revista\/#organization"},"potentialAction":[{"@type":"SearchAction","target":{"@type":"EntryPoint","urlTemplate":"https:\/\/www.vivagrandebh.com.br\/revista\/?s={search_term_string}"},"query-input":"required name=search_term_string"}],"inLanguage":"pt-BR"},{"@type":"Organization","@id":"https:\/\/www.vivagrandebh.com.br\/revista\/#organization","name":"Revista Viva","url":"https:\/\/www.vivagrandebh.com.br\/revista\/","logo":{"@type":"ImageObject","inLanguage":"pt-BR","@id":"https:\/\/www.vivagrandebh.com.br\/revista\/#\/schema\/logo\/image\/","url":"https:\/\/www.vivagrandebh.com.br\/revista\/wp-content\/uploads\/2020\/07\/logo-viva-e1599687783656.png","contentUrl":"https:\/\/www.vivagrandebh.com.br\/revista\/wp-content\/uploads\/2020\/07\/logo-viva-e1599687783656.png","width":300,"height":90,"caption":"Revista Viva"},"image":{"@id":"https:\/\/www.vivagrandebh.com.br\/revista\/#\/schema\/logo\/image\/"},"sameAs":["https:\/\/www.facebook.com\/revistavivagdebh\/","https:\/\/www.instagram.com\/vivagrandebh\/?hl=pt-br","https:\/\/www.youtube.com\/channel\/UCmdQd1O5bVMGARYL5RU8H-w\/about"]},{"@type":"Person","@id":"https:\/\/www.vivagrandebh.com.br\/revista\/#\/schema\/person\/f73d5d0d49e47e0d943eeca2fc6a3b6b","name":"VivaOnline","image":{"@type":"ImageObject","inLanguage":"pt-BR","@id":"https:\/\/www.vivagrandebh.com.br\/revista\/#\/schema\/person\/image\/","url":"https:\/\/secure.gravatar.com\/avatar\/7feec83b98a3f1834b033ae814fc2b75?s=96&d=mm&r=g","contentUrl":"https:\/\/secure.gravatar.com\/avatar\/7feec83b98a3f1834b033ae814fc2b75?s=96&d=mm&r=g","caption":"VivaOnline"},"url":"https:\/\/www.vivagrandebh.com.br\/revista\/author\/vivaonline\/"}]}},"_links":{"self":[{"href":"https:\/\/www.vivagrandebh.com.br\/revista\/wp-json\/wp\/v2\/posts\/4397"}],"collection":[{"href":"https:\/\/www.vivagrandebh.com.br\/revista\/wp-json\/wp\/v2\/posts"}],"about":[{"href":"https:\/\/www.vivagrandebh.com.br\/revista\/wp-json\/wp\/v2\/types\/post"}],"author":[{"embeddable":true,"href":"https:\/\/www.vivagrandebh.com.br\/revista\/wp-json\/wp\/v2\/users\/3"}],"replies":[{"embeddable":true,"href":"https:\/\/www.vivagrandebh.com.br\/revista\/wp-json\/wp\/v2\/comments?post=4397"}],"version-history":[{"count":1,"href":"https:\/\/www.vivagrandebh.com.br\/revista\/wp-json\/wp\/v2\/posts\/4397\/revisions"}],"predecessor-version":[{"id":4398,"href":"https:\/\/www.vivagrandebh.com.br\/revista\/wp-json\/wp\/v2\/posts\/4397\/revisions\/4398"}],"wp:attachment":[{"href":"https:\/\/www.vivagrandebh.com.br\/revista\/wp-json\/wp\/v2\/media?parent=4397"}],"wp:term":[{"taxonomy":"category","embeddable":true,"href":"https:\/\/www.vivagrandebh.com.br\/revista\/wp-json\/wp\/v2\/categories?post=4397"},{"taxonomy":"post_tag","embeddable":true,"href":"https:\/\/www.vivagrandebh.com.br\/revista\/wp-json\/wp\/v2\/tags?post=4397"}],"curies":[{"name":"wp","href":"https:\/\/api.w.org\/{rel}","templated":true}]}}