{"id":4391,"date":"2021-04-13T19:30:04","date_gmt":"2021-04-13T22:30:04","guid":{"rendered":"https:\/\/www.vivagrandebh.com.br\/revista\/?p=4391"},"modified":"2021-04-13T19:30:04","modified_gmt":"2021-04-13T22:30:04","slug":"em-meio-a-pandemia-nasce-o-projeto-social-gente-do-bem","status":"publish","type":"post","link":"https:\/\/www.vivagrandebh.com.br\/revista\/em-meio-a-pandemia-nasce-o-projeto-social-gente-do-bem\/","title":{"rendered":"Em meio a pandemia, nasce o projeto social   \u201cGente do Bem\u201d"},"content":{"rendered":"<p><a href=\"https:\/\/www.vivagrandebh.com.br\/revista\/wp-content\/uploads\/2021\/04\/Foto-3.jpg\"><img fetchpriority=\"high\" decoding=\"async\" class=\"wp-image-4392 alignleft\" src=\"https:\/\/www.vivagrandebh.com.br\/revista\/wp-content\/uploads\/2021\/04\/Foto-3-225x300.jpg\" alt=\"\" width=\"355\" height=\"423\" \/><\/a>Uma honra poder falar sobre o Projeto Gente do Bem nessa edi\u00e7\u00e3o e dizer que eu tamb\u00e9m senti o chamado no cora\u00e7\u00e3o para poder fazer parte desta caminhada! Maria Helena Dias, jornalista e empres\u00e1ria, viu na obrigatoriedade da quarentena uma oportunidade de ajudar a quem precisa, dividindo o seu tempo em casa com os trabalhos de sua MHD Comunica\u00e7\u00e3o e a caridade.<br \/>\nTudo come\u00e7ou quando ela se disp\u00f4s a levar uma cesta b\u00e1sica e uma caixa de leite a uma fam\u00edlia que morava numa casinha de madeira, no Morro do Cabrito, em Contagem. A partir da\u00ed, num espa\u00e7o curto de tempo, o projeto social cresceu, ganhou for\u00e7a, e novos volunt\u00e1rios foram surgindo, possibilitando a amplia\u00e7\u00e3o de sua atua\u00e7\u00e3o, permitindo dar um pouco mais de dignidade a muitas crian\u00e7as, adultos e idosos que vivem em situa\u00e7\u00e3o de mis\u00e9ria. O Projeto Gente do Bem, que tem sede no bairro Cai\u00e7ara, em Belo Horizonte, atende, atualmente, a cerca de 200 fam\u00edlias em comunidades carentes da capital, Contagem e Regi\u00e3o Metropolitana.<br \/>\n<em>\u201cQuando cheguei para atender \u00e0quela fam\u00edlia, no Morro do Cabrito, que vive num barraco de madeira, meu cora\u00e7\u00e3o partiu. Al\u00e9m da situa\u00e7\u00e3o de mis\u00e9ria, onde dois adultos e cinco crian\u00e7as, entre 1 ano e 10 anos de idades, dormem em dois colch\u00f5es num ch\u00e3o de terra, percebi que em minha volta toda a comunidade precisava de ajuda\u201d<\/em>, revelou a coordenadora do projeto.<br \/>\nMaria Helena Dias conta que resolveu criar um grupo de amigos pr\u00f3ximos no WhatsApp e pedir que cada um deles criasse a sua rede de amigos, para que juntos formassem \u201cuma enorme teia do bem\u201d e conseguissem, assim, atender a um n\u00famero maior de fam\u00edlias carentes. A esse grupo ela deu o nome de Gente do Bem, que hoje \u00e9 esse grande projeto, atendendo n\u00e3o somente as fam\u00edlias de Contagem, mas algumas nos bairros Cai\u00e7ara, Vila S\u00e3o Jos\u00e9, Paulo VI, Coqueiros, Pindorama, Itatiaia&#8230;, al\u00e9m de cerca de 40 fam\u00edlias em Lagoa Seca, em \u00c1gua Limpa.<br \/>\n<em>\u201cAs pessoas n\u00e3o sabem, mas existe muita gente, bem perto de n\u00f3s, passando fome, frio e vivendo em condi\u00e7\u00f5es degradantes, situa\u00e7\u00e3o que piorou muito com a pandemia. O Projeto Gente do Bem busca dar a elas um pouco de dignidade e, por isso, precisa muito da ajuda de mais pessoas que se consideram \u2018gente do bem\u2019 para doar, principalmente, cesta b\u00e1sica e leite\u201d<\/em>. O projeto tamb\u00e9m d\u00e1 suporte a outros grupos no atendimento a v\u00e1rias comunidades, enviando doa\u00e7\u00f5es at\u00e9 mesmo para a cidade de Almenara.<\/p>\n<p>&nbsp;<\/p>\n<p><a href=\"https:\/\/www.vivagrandebh.com.br\/revista\/wp-content\/uploads\/2021\/04\/20210316_153337.jpg\"><img decoding=\"async\" class=\"size-medium wp-image-4393 alignright\" src=\"https:\/\/www.vivagrandebh.com.br\/revista\/wp-content\/uploads\/2021\/04\/20210316_153337-209x300.jpg\" alt=\"\" width=\"209\" height=\"300\" srcset=\"https:\/\/www.vivagrandebh.com.br\/revista\/wp-content\/uploads\/2021\/04\/20210316_153337-209x300.jpg 209w, https:\/\/www.vivagrandebh.com.br\/revista\/wp-content\/uploads\/2021\/04\/20210316_153337-714x1024.jpg 714w, https:\/\/www.vivagrandebh.com.br\/revista\/wp-content\/uploads\/2021\/04\/20210316_153337.jpg 720w\" sizes=\"(max-width: 209px) 100vw, 209px\" \/><\/a>Com as doa\u00e7\u00f5es recebidas, Maria Helena Dias conta que j\u00e1 tirou muita gente de dormir no ch\u00e3o, em t\u00e1buas, dando a elas uma cama e um colch\u00e3o; gente que cozinhava em tijolos no ch\u00e3o, hoje tem um fog\u00e3o; casas com crian\u00e7as que nunca tiveram uma televis\u00e3o, j\u00e1 conseguem ter o aparelho; que nunca souberam o que era ter uma geladeira, ganharam um refrigerador, assim como mesas, cadeiras, cortinas e tapetes para cobrir o ch\u00e3o de terra e diminuir o frio, entre muitas outras coisas. Segundo ela, algumas comunidades precisam tamb\u00e9m de roupas em geral, cobertores, utens\u00edlios de cozinha e mobili\u00e1rio.<br \/>\n<em>\u201cO Projeto Gente do Bem s\u00f3 existe porque h\u00e1 pessoas de bom cora\u00e7\u00e3o, que se sensibilizam com a situa\u00e7\u00e3o de mis\u00e9ria dessas pessoas e fazem quest\u00e3o de ajudar. S\u00f3 quem doa sabe o bem que isso faz a quem recebe, mas, principalmente, a quem est\u00e1 doando. \u00c9 uma leveza indescrit\u00edvel. O olhar de uma crian\u00e7a que ganha a sua primeira boneca ou seu primeiro carrinho; de uma m\u00e3e que pede uma canequinha de arroz e ganha uma cesta b\u00e1sica; de quem ganha o seu primeiro fog\u00e3o, sua primeira geladeira, seu primeiro colch\u00e3o&#8230; N\u00e3o d\u00e1 para explicar. A gente s\u00f3 sente. E, para mim, s\u00e3o essas a\u00e7\u00f5es que alimentam a alma e me fazem mais feliz\u201d,<\/em> disse ela.<br \/>\nAs a\u00e7\u00f5es do projeto podem ser acompanhadas pelo Instagram @gentedobemmg e pelo Facebook gente-do-bem.<\/p>\n<p><strong>Seja Gente do Bem voc\u00ea tamb\u00e9m!<\/strong><\/p>\n<p>O que voc\u00ea n\u00e3o usa mais e est\u00e1 encostado em casa pode ser muito \u00fatil a quem n\u00e3o tem nada. Para doar, entre em contato com a Maria Helena Dias pelo WhatsApp:<strong> 31 98616.9936.<\/strong><\/p>\n<p>&nbsp;<\/p>\n","protected":false},"excerpt":{"rendered":"<p>Uma honra poder falar sobre o Projeto Gente do Bem nessa edi\u00e7\u00e3o e dizer que eu tamb\u00e9m senti o chamado no cora\u00e7\u00e3o para poder fazer parte desta caminhada! Maria Helena Dias, jornalista e empres\u00e1ria, viu na obrigatoriedade da quarentena uma oportunidade de ajudar a quem precisa, dividindo o seu tempo em casa com os trabalhos [&hellip;]<\/p>\n","protected":false},"author":3,"featured_media":0,"comment_status":"closed","ping_status":"open","sticky":false,"template":"","format":"standard","meta":{"footnotes":""},"categories":[78,83],"tags":[],"yoast_head":"<!-- This site is optimized with the Yoast SEO plugin v21.7 - https:\/\/yoast.com\/wordpress\/plugins\/seo\/ -->\n<title>Em meio a pandemia, nasce o projeto social  \u201cGente do Bem\u201d - Revista Viva Grande BH<\/title>\n<meta name=\"robots\" content=\"index, follow, max-snippet:-1, max-image-preview:large, max-video-preview:-1\" \/>\n<link rel=\"canonical\" href=\"https:\/\/www.vivagrandebh.com.br\/revista\/em-meio-a-pandemia-nasce-o-projeto-social-gente-do-bem\/\" \/>\n<meta property=\"og:locale\" content=\"pt_BR\" \/>\n<meta property=\"og:type\" content=\"article\" \/>\n<meta property=\"og:title\" content=\"Em meio a pandemia, nasce o projeto social  \u201cGente do Bem\u201d - Revista Viva Grande BH\" \/>\n<meta property=\"og:description\" content=\"Uma honra poder falar sobre o Projeto Gente do Bem nessa edi\u00e7\u00e3o e dizer que eu tamb\u00e9m senti o chamado no cora\u00e7\u00e3o para poder fazer parte desta caminhada! Maria Helena Dias, jornalista e empres\u00e1ria, viu na obrigatoriedade da quarentena uma oportunidade de ajudar a quem precisa, dividindo o seu tempo em casa com os trabalhos [&hellip;]\" \/>\n<meta property=\"og:url\" content=\"https:\/\/www.vivagrandebh.com.br\/revista\/em-meio-a-pandemia-nasce-o-projeto-social-gente-do-bem\/\" \/>\n<meta property=\"og:site_name\" content=\"Revista Viva Grande BH\" \/>\n<meta property=\"article:publisher\" content=\"https:\/\/www.facebook.com\/revistavivagdebh\/\" \/>\n<meta property=\"article:published_time\" content=\"2021-04-13T22:30:04+00:00\" \/>\n<meta property=\"og:image\" content=\"https:\/\/www.vivagrandebh.com.br\/revista\/wp-content\/uploads\/2021\/04\/Foto-3-225x300.jpg\" \/>\n<meta name=\"author\" content=\"VivaOnline\" \/>\n<meta name=\"twitter:card\" content=\"summary_large_image\" \/>\n<meta name=\"twitter:label1\" content=\"Escrito por\" \/>\n\t<meta name=\"twitter:data1\" content=\"VivaOnline\" \/>\n\t<meta name=\"twitter:label2\" content=\"Est. tempo de leitura\" \/>\n\t<meta name=\"twitter:data2\" content=\"4 minutos\" \/>\n<script type=\"application\/ld+json\" class=\"yoast-schema-graph\">{\"@context\":\"https:\/\/schema.org\",\"@graph\":[{\"@type\":\"Article\",\"@id\":\"https:\/\/www.vivagrandebh.com.br\/revista\/em-meio-a-pandemia-nasce-o-projeto-social-gente-do-bem\/#article\",\"isPartOf\":{\"@id\":\"https:\/\/www.vivagrandebh.com.br\/revista\/em-meio-a-pandemia-nasce-o-projeto-social-gente-do-bem\/\"},\"author\":{\"name\":\"VivaOnline\",\"@id\":\"https:\/\/www.vivagrandebh.com.br\/revista\/#\/schema\/person\/f73d5d0d49e47e0d943eeca2fc6a3b6b\"},\"headline\":\"Em meio a pandemia, nasce o projeto social \u201cGente do Bem\u201d\",\"datePublished\":\"2021-04-13T22:30:04+00:00\",\"dateModified\":\"2021-04-13T22:30:04+00:00\",\"mainEntityOfPage\":{\"@id\":\"https:\/\/www.vivagrandebh.com.br\/revista\/em-meio-a-pandemia-nasce-o-projeto-social-gente-do-bem\/\"},\"wordCount\":759,\"publisher\":{\"@id\":\"https:\/\/www.vivagrandebh.com.br\/revista\/#organization\"},\"articleSection\":[\"Colunistas\",\"Sarah Pardini\"],\"inLanguage\":\"pt-BR\"},{\"@type\":\"WebPage\",\"@id\":\"https:\/\/www.vivagrandebh.com.br\/revista\/em-meio-a-pandemia-nasce-o-projeto-social-gente-do-bem\/\",\"url\":\"https:\/\/www.vivagrandebh.com.br\/revista\/em-meio-a-pandemia-nasce-o-projeto-social-gente-do-bem\/\",\"name\":\"Em meio a pandemia, nasce o projeto social \u201cGente do Bem\u201d - Revista Viva Grande BH\",\"isPartOf\":{\"@id\":\"https:\/\/www.vivagrandebh.com.br\/revista\/#website\"},\"datePublished\":\"2021-04-13T22:30:04+00:00\",\"dateModified\":\"2021-04-13T22:30:04+00:00\",\"breadcrumb\":{\"@id\":\"https:\/\/www.vivagrandebh.com.br\/revista\/em-meio-a-pandemia-nasce-o-projeto-social-gente-do-bem\/#breadcrumb\"},\"inLanguage\":\"pt-BR\",\"potentialAction\":[{\"@type\":\"ReadAction\",\"target\":[\"https:\/\/www.vivagrandebh.com.br\/revista\/em-meio-a-pandemia-nasce-o-projeto-social-gente-do-bem\/\"]}]},{\"@type\":\"BreadcrumbList\",\"@id\":\"https:\/\/www.vivagrandebh.com.br\/revista\/em-meio-a-pandemia-nasce-o-projeto-social-gente-do-bem\/#breadcrumb\",\"itemListElement\":[{\"@type\":\"ListItem\",\"position\":1,\"name\":\"In\u00edcio\",\"item\":\"https:\/\/www.vivagrandebh.com.br\/revista\/\"},{\"@type\":\"ListItem\",\"position\":2,\"name\":\"Em meio a pandemia, nasce o projeto social \u201cGente do Bem\u201d\"}]},{\"@type\":\"WebSite\",\"@id\":\"https:\/\/www.vivagrandebh.com.br\/revista\/#website\",\"url\":\"https:\/\/www.vivagrandebh.com.br\/revista\/\",\"name\":\"Revista Viva Grande BH\",\"description\":\"a Viva Grande BH leva ao leitor informa\u00e7\u00f5es de qualidade sobre turismo, esporte, arte e cultura, economia, mercado e pol\u00edtica.\",\"publisher\":{\"@id\":\"https:\/\/www.vivagrandebh.com.br\/revista\/#organization\"},\"potentialAction\":[{\"@type\":\"SearchAction\",\"target\":{\"@type\":\"EntryPoint\",\"urlTemplate\":\"https:\/\/www.vivagrandebh.com.br\/revista\/?s={search_term_string}\"},\"query-input\":\"required name=search_term_string\"}],\"inLanguage\":\"pt-BR\"},{\"@type\":\"Organization\",\"@id\":\"https:\/\/www.vivagrandebh.com.br\/revista\/#organization\",\"name\":\"Revista Viva\",\"url\":\"https:\/\/www.vivagrandebh.com.br\/revista\/\",\"logo\":{\"@type\":\"ImageObject\",\"inLanguage\":\"pt-BR\",\"@id\":\"https:\/\/www.vivagrandebh.com.br\/revista\/#\/schema\/logo\/image\/\",\"url\":\"https:\/\/www.vivagrandebh.com.br\/revista\/wp-content\/uploads\/2020\/07\/logo-viva-e1599687783656.png\",\"contentUrl\":\"https:\/\/www.vivagrandebh.com.br\/revista\/wp-content\/uploads\/2020\/07\/logo-viva-e1599687783656.png\",\"width\":300,\"height\":90,\"caption\":\"Revista Viva\"},\"image\":{\"@id\":\"https:\/\/www.vivagrandebh.com.br\/revista\/#\/schema\/logo\/image\/\"},\"sameAs\":[\"https:\/\/www.facebook.com\/revistavivagdebh\/\",\"https:\/\/www.instagram.com\/vivagrandebh\/?hl=pt-br\",\"https:\/\/www.youtube.com\/channel\/UCmdQd1O5bVMGARYL5RU8H-w\/about\"]},{\"@type\":\"Person\",\"@id\":\"https:\/\/www.vivagrandebh.com.br\/revista\/#\/schema\/person\/f73d5d0d49e47e0d943eeca2fc6a3b6b\",\"name\":\"VivaOnline\",\"image\":{\"@type\":\"ImageObject\",\"inLanguage\":\"pt-BR\",\"@id\":\"https:\/\/www.vivagrandebh.com.br\/revista\/#\/schema\/person\/image\/\",\"url\":\"https:\/\/secure.gravatar.com\/avatar\/7feec83b98a3f1834b033ae814fc2b75?s=96&d=mm&r=g\",\"contentUrl\":\"https:\/\/secure.gravatar.com\/avatar\/7feec83b98a3f1834b033ae814fc2b75?s=96&d=mm&r=g\",\"caption\":\"VivaOnline\"},\"url\":\"https:\/\/www.vivagrandebh.com.br\/revista\/author\/vivaonline\/\"}]}<\/script>\n<!-- \/ Yoast SEO plugin. -->","yoast_head_json":{"title":"Em meio a pandemia, nasce o projeto social  \u201cGente do Bem\u201d - Revista Viva Grande BH","robots":{"index":"index","follow":"follow","max-snippet":"max-snippet:-1","max-image-preview":"max-image-preview:large","max-video-preview":"max-video-preview:-1"},"canonical":"https:\/\/www.vivagrandebh.com.br\/revista\/em-meio-a-pandemia-nasce-o-projeto-social-gente-do-bem\/","og_locale":"pt_BR","og_type":"article","og_title":"Em meio a pandemia, nasce o projeto social  \u201cGente do Bem\u201d - Revista Viva Grande BH","og_description":"Uma honra poder falar sobre o Projeto Gente do Bem nessa edi\u00e7\u00e3o e dizer que eu tamb\u00e9m senti o chamado no cora\u00e7\u00e3o para poder fazer parte desta caminhada! Maria Helena Dias, jornalista e empres\u00e1ria, viu na obrigatoriedade da quarentena uma oportunidade de ajudar a quem precisa, dividindo o seu tempo em casa com os trabalhos [&hellip;]","og_url":"https:\/\/www.vivagrandebh.com.br\/revista\/em-meio-a-pandemia-nasce-o-projeto-social-gente-do-bem\/","og_site_name":"Revista Viva Grande BH","article_publisher":"https:\/\/www.facebook.com\/revistavivagdebh\/","article_published_time":"2021-04-13T22:30:04+00:00","og_image":[{"url":"https:\/\/www.vivagrandebh.com.br\/revista\/wp-content\/uploads\/2021\/04\/Foto-3-225x300.jpg"}],"author":"VivaOnline","twitter_card":"summary_large_image","twitter_misc":{"Escrito por":"VivaOnline","Est. tempo de leitura":"4 minutos"},"schema":{"@context":"https:\/\/schema.org","@graph":[{"@type":"Article","@id":"https:\/\/www.vivagrandebh.com.br\/revista\/em-meio-a-pandemia-nasce-o-projeto-social-gente-do-bem\/#article","isPartOf":{"@id":"https:\/\/www.vivagrandebh.com.br\/revista\/em-meio-a-pandemia-nasce-o-projeto-social-gente-do-bem\/"},"author":{"name":"VivaOnline","@id":"https:\/\/www.vivagrandebh.com.br\/revista\/#\/schema\/person\/f73d5d0d49e47e0d943eeca2fc6a3b6b"},"headline":"Em meio a pandemia, nasce o projeto social \u201cGente do Bem\u201d","datePublished":"2021-04-13T22:30:04+00:00","dateModified":"2021-04-13T22:30:04+00:00","mainEntityOfPage":{"@id":"https:\/\/www.vivagrandebh.com.br\/revista\/em-meio-a-pandemia-nasce-o-projeto-social-gente-do-bem\/"},"wordCount":759,"publisher":{"@id":"https:\/\/www.vivagrandebh.com.br\/revista\/#organization"},"articleSection":["Colunistas","Sarah Pardini"],"inLanguage":"pt-BR"},{"@type":"WebPage","@id":"https:\/\/www.vivagrandebh.com.br\/revista\/em-meio-a-pandemia-nasce-o-projeto-social-gente-do-bem\/","url":"https:\/\/www.vivagrandebh.com.br\/revista\/em-meio-a-pandemia-nasce-o-projeto-social-gente-do-bem\/","name":"Em meio a pandemia, nasce o projeto social \u201cGente do Bem\u201d - Revista Viva Grande BH","isPartOf":{"@id":"https:\/\/www.vivagrandebh.com.br\/revista\/#website"},"datePublished":"2021-04-13T22:30:04+00:00","dateModified":"2021-04-13T22:30:04+00:00","breadcrumb":{"@id":"https:\/\/www.vivagrandebh.com.br\/revista\/em-meio-a-pandemia-nasce-o-projeto-social-gente-do-bem\/#breadcrumb"},"inLanguage":"pt-BR","potentialAction":[{"@type":"ReadAction","target":["https:\/\/www.vivagrandebh.com.br\/revista\/em-meio-a-pandemia-nasce-o-projeto-social-gente-do-bem\/"]}]},{"@type":"BreadcrumbList","@id":"https:\/\/www.vivagrandebh.com.br\/revista\/em-meio-a-pandemia-nasce-o-projeto-social-gente-do-bem\/#breadcrumb","itemListElement":[{"@type":"ListItem","position":1,"name":"In\u00edcio","item":"https:\/\/www.vivagrandebh.com.br\/revista\/"},{"@type":"ListItem","position":2,"name":"Em meio a pandemia, nasce o projeto social \u201cGente do Bem\u201d"}]},{"@type":"WebSite","@id":"https:\/\/www.vivagrandebh.com.br\/revista\/#website","url":"https:\/\/www.vivagrandebh.com.br\/revista\/","name":"Revista Viva Grande BH","description":"a Viva Grande BH leva ao leitor informa\u00e7\u00f5es de qualidade sobre turismo, esporte, arte e cultura, economia, mercado e pol\u00edtica.","publisher":{"@id":"https:\/\/www.vivagrandebh.com.br\/revista\/#organization"},"potentialAction":[{"@type":"SearchAction","target":{"@type":"EntryPoint","urlTemplate":"https:\/\/www.vivagrandebh.com.br\/revista\/?s={search_term_string}"},"query-input":"required name=search_term_string"}],"inLanguage":"pt-BR"},{"@type":"Organization","@id":"https:\/\/www.vivagrandebh.com.br\/revista\/#organization","name":"Revista Viva","url":"https:\/\/www.vivagrandebh.com.br\/revista\/","logo":{"@type":"ImageObject","inLanguage":"pt-BR","@id":"https:\/\/www.vivagrandebh.com.br\/revista\/#\/schema\/logo\/image\/","url":"https:\/\/www.vivagrandebh.com.br\/revista\/wp-content\/uploads\/2020\/07\/logo-viva-e1599687783656.png","contentUrl":"https:\/\/www.vivagrandebh.com.br\/revista\/wp-content\/uploads\/2020\/07\/logo-viva-e1599687783656.png","width":300,"height":90,"caption":"Revista Viva"},"image":{"@id":"https:\/\/www.vivagrandebh.com.br\/revista\/#\/schema\/logo\/image\/"},"sameAs":["https:\/\/www.facebook.com\/revistavivagdebh\/","https:\/\/www.instagram.com\/vivagrandebh\/?hl=pt-br","https:\/\/www.youtube.com\/channel\/UCmdQd1O5bVMGARYL5RU8H-w\/about"]},{"@type":"Person","@id":"https:\/\/www.vivagrandebh.com.br\/revista\/#\/schema\/person\/f73d5d0d49e47e0d943eeca2fc6a3b6b","name":"VivaOnline","image":{"@type":"ImageObject","inLanguage":"pt-BR","@id":"https:\/\/www.vivagrandebh.com.br\/revista\/#\/schema\/person\/image\/","url":"https:\/\/secure.gravatar.com\/avatar\/7feec83b98a3f1834b033ae814fc2b75?s=96&d=mm&r=g","contentUrl":"https:\/\/secure.gravatar.com\/avatar\/7feec83b98a3f1834b033ae814fc2b75?s=96&d=mm&r=g","caption":"VivaOnline"},"url":"https:\/\/www.vivagrandebh.com.br\/revista\/author\/vivaonline\/"}]}},"_links":{"self":[{"href":"https:\/\/www.vivagrandebh.com.br\/revista\/wp-json\/wp\/v2\/posts\/4391"}],"collection":[{"href":"https:\/\/www.vivagrandebh.com.br\/revista\/wp-json\/wp\/v2\/posts"}],"about":[{"href":"https:\/\/www.vivagrandebh.com.br\/revista\/wp-json\/wp\/v2\/types\/post"}],"author":[{"embeddable":true,"href":"https:\/\/www.vivagrandebh.com.br\/revista\/wp-json\/wp\/v2\/users\/3"}],"replies":[{"embeddable":true,"href":"https:\/\/www.vivagrandebh.com.br\/revista\/wp-json\/wp\/v2\/comments?post=4391"}],"version-history":[{"count":2,"href":"https:\/\/www.vivagrandebh.com.br\/revista\/wp-json\/wp\/v2\/posts\/4391\/revisions"}],"predecessor-version":[{"id":4434,"href":"https:\/\/www.vivagrandebh.com.br\/revista\/wp-json\/wp\/v2\/posts\/4391\/revisions\/4434"}],"wp:attachment":[{"href":"https:\/\/www.vivagrandebh.com.br\/revista\/wp-json\/wp\/v2\/media?parent=4391"}],"wp:term":[{"taxonomy":"category","embeddable":true,"href":"https:\/\/www.vivagrandebh.com.br\/revista\/wp-json\/wp\/v2\/categories?post=4391"},{"taxonomy":"post_tag","embeddable":true,"href":"https:\/\/www.vivagrandebh.com.br\/revista\/wp-json\/wp\/v2\/tags?post=4391"}],"curies":[{"name":"wp","href":"https:\/\/api.w.org\/{rel}","templated":true}]}}