{"id":4006,"date":"2020-10-23T19:50:47","date_gmt":"2020-10-23T22:50:47","guid":{"rendered":"https:\/\/www.vivagrandebh.com.br\/revista\/?p=4006"},"modified":"2020-10-23T19:55:51","modified_gmt":"2020-10-23T22:55:51","slug":"comeca-na-proxima-sexta-o-projeto-janelas-casacor-minas-gerais","status":"publish","type":"post","link":"https:\/\/www.vivagrandebh.com.br\/revista\/comeca-na-proxima-sexta-o-projeto-janelas-casacor-minas-gerais\/","title":{"rendered":"Come\u00e7a na pr\u00f3xima sexta o projeto \u201cJanelas CASACOR Minas Gerais\u201d"},"content":{"rendered":"<p><img fetchpriority=\"high\" decoding=\"async\" class=\"alignleft size-medium wp-image-4007\" src=\"https:\/\/www.vivagrandebh.com.br\/revista\/wp-content\/uploads\/2020\/10\/Lounge-do-Colecionador-Andrea-Pinto-Coelho-300x169.jpg\" alt=\"\" width=\"300\" height=\"169\" srcset=\"https:\/\/www.vivagrandebh.com.br\/revista\/wp-content\/uploads\/2020\/10\/Lounge-do-Colecionador-Andrea-Pinto-Coelho-300x169.jpg 300w, https:\/\/www.vivagrandebh.com.br\/revista\/wp-content\/uploads\/2020\/10\/Lounge-do-Colecionador-Andrea-Pinto-Coelho-1024x576.jpg 1024w, https:\/\/www.vivagrandebh.com.br\/revista\/wp-content\/uploads\/2020\/10\/Lounge-do-Colecionador-Andrea-Pinto-Coelho-768x432.jpg 768w, https:\/\/www.vivagrandebh.com.br\/revista\/wp-content\/uploads\/2020\/10\/Lounge-do-Colecionador-Andrea-Pinto-Coelho.jpg 1280w\" sizes=\"(max-width: 300px) 100vw, 300px\" \/>Mostra ser\u00e1 realizada em formato in\u00e9dito, entre os dias 30 de outubro e 30 de novembro.<\/p>\n<p><!--more--><\/p>\n<p>A principal mostra de arquitetura, design de interiores e paisagismo do estado lan\u00e7a nos pr\u00f3ximos dias um projeto inovador criado com o objetivo de estimular uma s\u00e9rie de reflex\u00f5es a respeito do morar contempor\u00e2neo. O Janelas CASACOR \u00e9 uma forma de levantar provoca\u00e7\u00f5es e respostas \u00e0s mudan\u00e7as que est\u00e3o em curso e sobre o conceito do \u201cnovo morar\u201d p\u00f3s-pandemia. A iniciativa combina recursos tecnol\u00f3gicos e digitais para encurtar dist\u00e2ncias, potencializar a experi\u00eancia dos participantes e, claro, garantir seguran\u00e7a e responsabilidade na realiza\u00e7\u00e3o, inspirando o p\u00fablico a repensar atitudes e valores. Retomar essa reflex\u00e3o para ressignificar a rela\u00e7\u00e3o das pessoas com suas casas, moradias e espa\u00e7os de viv\u00eancia e conviv\u00eancia \u00e9 uma medida imperativa no contexto mundial causado pela pandemia.<\/p>\n<p>Partindo deste recorte, a mostra realiza em diversas capitais o \u201cJanelas CASACOR\u201d: um projeto inovador, aliando o uso de tecnologias e meios digitais, para potencializar e aprofundar a experi\u00eancia de visita\u00e7\u00e3o a ambientes e interven\u00e7\u00f5es art\u00edsticas que estar\u00e3o espalhadas pela cidade. Em Belo Horizonte, as iniciativas sob dire\u00e7\u00e3o de Eduardo Faleiro e Juliana Grillo poder\u00e3o ser conferidas entre os dias 30 de outubro e 30 de novembro e ocupar\u00e3o espa\u00e7os expositivos importantes como Casa Fiat de Cultura, Sebrae-MG, Mineiraria, al\u00e9m de lojas nos centros comerciais da rede Multiplan(DiamondMall, P\u00e1tio Savassi e BH Shopping), ressignificando o espa\u00e7o f\u00edsico das vitrines de lojas, transformando-as em janelas abertas para uma nova vis\u00e3o de mundo sobre o morar no p\u00f3s-pandemia. As a\u00e7\u00f5es ser\u00e3o realizadas seguindo todos os protocolos de seguran\u00e7a estipulados pelos \u00f3rg\u00e3os competentes.<\/p>\n<p>Entre os nomes que integram o elenco desta edi\u00e7\u00e3o est\u00e3o: Ana Bahia, que assina a Casa Terap\u00eautica, Ana Paula Paolinelli, que ser\u00e1 respons\u00e1vel pela Sala de Banho Deca, Andr\u00e9a Medeiros e Francisco Morais, que juntos criaram a vitrine P\u00e9 no Ch\u00e3o, que ficar\u00e1 instalada no hall de entrada do Sebrae, Andrea Pinto Coelho, investiu no Lounge do Colecionador, espa\u00e7o inspirado no acervo de um jovem colecionador de mobili\u00e1rio; B\u00e1rbara Nobre, autora da Casa Ra\u00edzes, Carol Horta, com um home office, Carolina Campos e Maria Magalh\u00e3es, que dividem a cria\u00e7\u00e3o do Sala do Abra\u00e7o, Cynthia Silva e Est\u00fadio Mineral, que se uniram para criar a Cozinha do Barista, Duo Arquitetos, respons\u00e1veis pela Sala das Janelas, Fernanda Villefort, organiza a galeria Oscar, que receber\u00e1 uma exposi\u00e7\u00e3o de fotos de Jomar Bragan\u00e7a e toda a renda ser\u00e1 revertida para a Casa de Acolhida Padre Eust\u00e1quio, a CAPE, Igor Zanon, prop\u00f5e um Ref\u00fagio Familiar, Isabela Torres e Rodrigo Aguiar, escolheram o nome Por Tr\u00e1s da Janela para o ambiente da dupla, Isabela Vecci, com a interven\u00e7\u00e3o art\u00edstica Morar contempor\u00e2neo: 4 As do Made in Italy, na Casa Fiat de Cultura, Jos\u00e9 Louren\u00e7o, prop\u00f5e o Estar Livre, Mariana Sp\u00ednola, assina o espa\u00e7o As Cortinas da Janela, Marina Diniz, investe no Estar Conviver, Mutabile Arquitetura, est\u00e1 investindo na constru\u00e7\u00e3o de um Ref\u00fagio Natural, N\u00eddia Duarte criou o M\u00f3dulo Office, Paula Guimar\u00e3es ir\u00e1 apresentar a Janela da Agnes, na Mineiraria, Regina Padilha(Pura Arquitetura) foi desafiada com a Garagem Templuz Tech enquanto Roger Lages o Hall Neol\u00edtico.<\/p>\n<p><strong>Conceito<\/strong><\/p>\n<p><img decoding=\"async\" class=\"alignright size-medium wp-image-4008\" src=\"https:\/\/www.vivagrandebh.com.br\/revista\/wp-content\/uploads\/2020\/10\/Vitrine-exposic\u0327a\u0303o-Casa-Fiat-de-Cultura-Isabela-Vecci-300x169.jpeg\" alt=\"\" width=\"300\" height=\"169\" srcset=\"https:\/\/www.vivagrandebh.com.br\/revista\/wp-content\/uploads\/2020\/10\/Vitrine-exposic\u0327a\u0303o-Casa-Fiat-de-Cultura-Isabela-Vecci-300x169.jpeg 300w, https:\/\/www.vivagrandebh.com.br\/revista\/wp-content\/uploads\/2020\/10\/Vitrine-exposic\u0327a\u0303o-Casa-Fiat-de-Cultura-Isabela-Vecci-1024x576.jpeg 1024w, https:\/\/www.vivagrandebh.com.br\/revista\/wp-content\/uploads\/2020\/10\/Vitrine-exposic\u0327a\u0303o-Casa-Fiat-de-Cultura-Isabela-Vecci-768x432.jpeg 768w, https:\/\/www.vivagrandebh.com.br\/revista\/wp-content\/uploads\/2020\/10\/Vitrine-exposic\u0327a\u0303o-Casa-Fiat-de-Cultura-Isabela-Vecci.jpeg 1280w\" sizes=\"(max-width: 300px) 100vw, 300px\" \/>O Projeto Janelas CASACOR prop\u00f5e, acima de tudo, uma abertura f\u00edsica e digital para expor as reflex\u00f5es do nosso tempo e tamb\u00e9m para acessar o futuro, dividindo ang\u00fastias universais relacionadas ao per\u00edodo conturbado e at\u00edpico que estamos vivendo, assim como para debater ideias de um novo que est\u00e1 por vir. Para isso, a mostra convidou profissionais das \u00e1reas de Arquitetura, Design, Paisagismo, al\u00e9m de artistas, chefs e outros agentes da cena cultural de Belo Horizonte para juntos articularem ambientes, instala\u00e7\u00f5es, experi\u00eancias digitais em 3D e v\u00eddeos, compondo uma janela com vista para o interior das casas \u2013 cada vez mais importantes e fundamentais para o bem viver no novo mundo. Ser\u00e1 um mergulho e aprofundamento em solu\u00e7\u00f5es criativas para nossas necessidades em rela\u00e7\u00e3o \u00e0 casa p\u00f3s COVID-19, inovando, reinventando e nos adaptando ao novo mundo que j\u00e1 estamos vivendo.<\/p>\n<p><strong>Interven\u00e7\u00f5es art\u00edsticas<\/strong><\/p>\n<p>Al\u00e9m dos ambientes que remetem \u00e0 casa, a mostra ainda com espa\u00e7os voltados para interven\u00e7\u00f5es e exposi\u00e7\u00f5es art\u00edsticas. As vitrines externas da Casa Fiat de Cultura receber\u00e3o a interven\u00e7\u00e3o Morar contempor\u00e2neo: 4 As do Made in Italy, realizada em parceria com o Consulado da It\u00e1lia em Belo Horizonte. A proposta da iniciativa \u00e9 fazer com que os visitantes possam entender a concep\u00e7\u00e3o e a import\u00e2ncia dos objetos que nos rodeiam a partir da tradi\u00e7\u00e3o, hist\u00f3ria, h\u00e1bitos culturais e identidade. E dentro desse processo, o Design Italiano ocupa um lugar de destaque e pode ser considerado uma refer\u00eancia mundial. Com criatividade, beleza, tecnologia, funcionalidade e conforto, o desenho \u00e9 capaz de revolucionar objetos, agregando solu\u00e7\u00f5es inovadoras. A rela\u00e7\u00e3o das pessoas com suas casas vem mudando significativamente. Agora os espa\u00e7os s\u00e3o vivenciados de outras formas e tudo precisa ser repensado. Esse novo olhar \u00e9 apresentado pela arquiteta Isabela Vecci, a partir de 4 vertentes, que na l\u00edngua italiana representam: Abbigliamento (Vestu\u00e1rio), Arredo (Mob\u00edlia), Alimentare (Agroalimentar) e Automazione(Automa\u00e7\u00e3o). Esta foi a base para a cria\u00e7\u00e3o de quatro espa\u00e7os que representam o quarto, a sala, a cozinha e o estilo de vida das pessoas. O ambiente conta com objetos reais e com recursos audiovisuais, como v\u00eddeos, fotografias e depoimentos que traduzem o esp\u00edrito Made in Italy.<\/p>\n<p>Outra interven\u00e7\u00e3o art\u00edstica que merece destaque \u00e9 a Galeria Oscar, que ficar\u00e1 instalada no P\u00e1tio Savassi. O espa\u00e7o assinado pela arquiteta Fernanda Villefort receber\u00e1 uma exposi\u00e7\u00e3o com 9 imagens em diferentes dimens\u00f5es do fot\u00f3grafo mineiro Jomar Bragan\u00e7a, especializado na \u00e1rea de arquitetura e interiores. Neste trabalho, a maior parte das imagens foi produzida especialmente para a a\u00e7\u00e3o. As fotografias estar\u00e3o \u00e0 venda durante o Janelas e toda a renda obtida com a comercializa\u00e7\u00e3o ser\u00e1 destinada a Casa de Acolhida Padre Eust\u00e1quio, a CAPE. Para Jomar, o trabalho de Niemeyer \u00e9 como um radar permanente que est\u00e1 sempre a instigar o obturador de sua c\u00e2mera. \u201cNessas obras do Niemeyer existe sempre uma nova possibilidade que te faz pensar nelas de forma recorrente\u201d, diz. Ele explica ainda que, nesse trabalho, o que o difere de tantos outros \u00e9 a representa\u00e7\u00e3o do vazio: s\u00e3o fotos de arquitetura que privilegiam a arquitetura, sem que a forma humana interfira nas imagens.<\/p>\n<p><strong>Gastronomia<\/strong><\/p>\n<p>Como j\u00e1 \u00e9 tradi\u00e7\u00e3o nos \u00faltimos anos de mostra, a chef Agnes Farkasvolgyi \u00e9 quem assume a curadoria gastron\u00f4mica do Janelas CASACOR Minas, que nesta edi\u00e7\u00e3o estar\u00e1 centralizada na Mineiraria, um espa\u00e7o dedicado \u00e0 promo\u00e7\u00e3o da gastronomia mineira. Ela ter\u00e1 \u00e0 sua disposi\u00e7\u00e3o uma cozinha criada pela arquiteta Paula Guimar\u00e3es e produzir\u00e1 de l\u00e1 uma s\u00e9rie de conte\u00fados para o p\u00fablico ao longo do per\u00edodo.<\/p>\n<p><strong>Parcerias<\/strong><\/p>\n<p>A parceria da CASACOR com a Multiplan n\u00e3o \u00e9 uma novidade: em 2018, o P\u00e1tio Savassi abrigou um ambiente da mostra, o Home Office Sumisura, assinado por \u00c2ngela Rold\u00e3o. J\u00e1 o Diamond Mall, recebeu neste mesmo ano a exposi\u00e7\u00e3o \u201cViva a Casa\u201d, com imagens registradas pela fot\u00f3grafa Leca Novo. A Casa Fiat de Cultura abrigou em 2018 a terceira edi\u00e7\u00e3o da Mostra 100% Minas. No mesmo ano, a CASACOR Minas\/Multicult foi respons\u00e1vel pela ambienta\u00e7\u00e3o de um espa\u00e7o da institui\u00e7\u00e3o criado para programa de resid\u00eancia art\u00edstica, que selecionou ao todo 8 artistas brasileiros. E desde o \u00faltimo ano, a tamb\u00e9m vem estreitando la\u00e7os com Centro Cultural Banco do Brasil, o CCBB-BH, o que possibilitou a realiza\u00e7\u00e3o da exposi\u00e7\u00e3o \u201cCaravana Modernista\u201d, durante os meses de novembro e dezembro de 2019, apresentando um rico acervo sobre o tema.<\/p>\n<p><strong>Seguran\u00e7a e medidas de distanciamento<\/strong><\/p>\n<p>Todo o projeto foi concebido, produzido e pensado da forma mais segura e respons\u00e1vel poss\u00edvel, tanto para o p\u00fablico frequentador quanto para os profissionais que participam da mostra. Neste sentido, os ambientes foram montados como vitrines, n\u00e3o permitido visita\u00e7\u00e3o f\u00edsica no interior dos mesmos a fim de evitar qualquer aglomera\u00e7\u00e3o. Por conta disso, foi criada uma plataforma espec\u00edfica para a transmiss\u00e3o de todas as atividades do projeto: www.janelascasacor.com. No site ser\u00e1 poss\u00edvel fazer um tour virtual 3D por cada um dos ambientes, acompanhar conte\u00fados espec\u00edficos sobre o projeto, al\u00e9m de conhecer os profissionais de cada edi\u00e7\u00e3o.<\/p>\n<p><strong>Sobre a CASACOR Minas<\/strong><\/p>\n<p>A CASACOR \u00e9 reconhecida como a maior e melhor mostra de arquitetura, design de interiores e paisagismo das Am\u00e9ricas e re\u00fane, anualmente, renomados profissionais. Em 2021 chegar\u00e1 \u00e0 sua 26a edi\u00e7\u00e3o em Minas Gerais, al\u00e9m de contar com mais de 20 eventos nacionais (Alagoas, Bahia, Bras\u00edlia, Campinas, Cear\u00e1, Esp\u00edrito Santo, Goi\u00e1s, Interior de SP, Litoral de SP, Mato Grosso, Mato Grosso do Sul, Minas Gerais, Par\u00e1, Paran\u00e1, Pernambuco, Rio de Janeiro, Rio Grande do Norte, Rio Grande do Sul, S\u00e3o Paulo e Santa Catarina) e seis internacionais (Miami, Peru, Chile, Equador, Bol\u00edvia e Paraguai).<br \/>\nSITE: <a href=\"http:\/\/www.casacor.com\">www.casacor.com<\/a><br \/>\nFACEBOOK: <a href=\"http:\/\/www.facebook.com\/casacorminas\">www.facebook.com\/casacorminas<\/a><br \/>\nINSTAGRAM: <a href=\"http:\/\/www.instagram.com\/casacorminas\">@casacorminas<\/a><\/p>\n<p><strong>Sobre a Multicult<\/strong><\/p>\n<p>Fundada por Juliana Grillo e Eduardo Faleiro, a Multicult \u00e9 uma empresa promotora de eventos diversos, entre eles a CASACOR Minas \u2013 que em 2019 completou 25 edi\u00e7\u00f5es ininterruptas. A proposta da empresa \u00e9 promover e empreender projetos e iniciativas nas \u00e1reas de Cultura, Arquitetura, Design, Gastronomia e Urbanismo. O portif\u00f3lio de a\u00e7\u00f5es desenvolvidas com a assinatura da Multicult re\u00fane eventos diversos que se destacam por promover n\u00e3o apenas entretenimento, mas tamb\u00e9m uma plataforma de inspira\u00e7\u00e3o, informa\u00e7\u00e3o e networking. Outro foco de atua\u00e7\u00e3o da empresa \u00e9 a promo\u00e7\u00e3o de iniciativas que contribuam para a preserva\u00e7\u00e3o da mem\u00f3ria e da identidade urbana, incluindo o restauro de im\u00f3veis que integram o patrim\u00f4nio da capital mineira.<br \/>\nSITE: www.multicult.cc<br \/>\nFACEBOOK: https:\/\/www.facebook.com\/multicultpromocoes\/<br \/>\nINSTAGRAM: @multicult.cc<\/p>\n<p><strong>Servi\u00e7o:<\/strong><\/p>\n<p>Janelas CASACOR<br \/>\nQuando: de 30 de outubro a 30 de novembro de 2020<br \/>\nOnde:<br \/>\n&#8211; Casa Fiat de Cultura &#8211; Pra\u00e7a da Liberdade, 10 &#8211; Funcion\u00e1rios &#8211; BH\/MG<br \/>\n&#8211; DiamondMall &#8211; Av. Oleg\u00e1rio Maciel, 1600 &#8211; Lourdes &#8211; BH\/MG<br \/>\n&#8211; BH Shopping &#8211; BR-356, 3049 &#8211; Belvedere &#8211; BH\/MG<br \/>\n&#8211; P\u00e1tio Savassi &#8211; Av. do Contorno, 6061 &#8211; S\u00e3o Pedro, BH\/MG<br \/>\n&#8211; Mineiraria &#8211; R. Uberaba, 865 &#8211; Barro Preto &#8211; BH\/MG<br \/>\n&#8211; Sebrae-MG &#8211; Avenida Bar\u00e3o Homem de Melo, 329 &#8211; Nova Granada &#8211; BH\/MG<\/p>\n<p>Transmiss\u00e3o de todas as atividades pelo site: www.janelascasacor.com<\/p>\n<p>Hor\u00e1rio de visita\u00e7\u00e3o f\u00edsica das vitrines: de acordo com os hor\u00e1rios de funcionamento dos estabelecimentos relacionados acima.<\/p>\n<p><strong>Todas as atividades s\u00e3o gratuitas <\/strong><\/p>\n","protected":false},"excerpt":{"rendered":"<p>Mostra ser\u00e1 realizada em formato in\u00e9dito, entre os dias 30 de outubro e 30 de novembro.<\/p>\n","protected":false},"author":2,"featured_media":4008,"comment_status":"closed","ping_status":"open","sticky":false,"template":"","format":"standard","meta":{"footnotes":""},"categories":[54,52],"tags":[90,122,123],"yoast_head":"<!-- This site is optimized with the Yoast SEO plugin v21.7 - https:\/\/yoast.com\/wordpress\/plugins\/seo\/ -->\n<title>Come\u00e7a na pr\u00f3xima sexta o projeto \u201cJanelas CASACOR Minas Gerais\u201d - Revista Viva Grande BH<\/title>\n<meta name=\"robots\" content=\"index, follow, max-snippet:-1, max-image-preview:large, max-video-preview:-1\" \/>\n<link rel=\"canonical\" href=\"https:\/\/www.vivagrandebh.com.br\/revista\/comeca-na-proxima-sexta-o-projeto-janelas-casacor-minas-gerais\/\" \/>\n<meta property=\"og:locale\" content=\"pt_BR\" \/>\n<meta property=\"og:type\" content=\"article\" \/>\n<meta property=\"og:title\" content=\"Come\u00e7a na pr\u00f3xima sexta o projeto \u201cJanelas CASACOR Minas Gerais\u201d - Revista Viva Grande BH\" \/>\n<meta property=\"og:description\" content=\"Mostra ser\u00e1 realizada em formato in\u00e9dito, entre os dias 30 de outubro e 30 de novembro.\" \/>\n<meta property=\"og:url\" content=\"https:\/\/www.vivagrandebh.com.br\/revista\/comeca-na-proxima-sexta-o-projeto-janelas-casacor-minas-gerais\/\" \/>\n<meta property=\"og:site_name\" content=\"Revista Viva Grande BH\" \/>\n<meta property=\"article:publisher\" content=\"https:\/\/www.facebook.com\/revistavivagdebh\/\" \/>\n<meta property=\"article:published_time\" content=\"2020-10-23T22:50:47+00:00\" \/>\n<meta property=\"article:modified_time\" content=\"2020-10-23T22:55:51+00:00\" \/>\n<meta property=\"og:image\" content=\"https:\/\/www.vivagrandebh.com.br\/revista\/wp-content\/uploads\/2020\/10\/Vitrine-exposic\u0327a\u0303o-Casa-Fiat-de-Cultura-Isabela-Vecci.jpeg\" \/>\n\t<meta property=\"og:image:width\" content=\"1280\" \/>\n\t<meta property=\"og:image:height\" content=\"720\" \/>\n\t<meta property=\"og:image:type\" content=\"image\/jpeg\" \/>\n<meta name=\"author\" content=\"Pradino\" \/>\n<meta name=\"twitter:card\" content=\"summary_large_image\" \/>\n<meta name=\"twitter:label1\" content=\"Escrito por\" \/>\n\t<meta name=\"twitter:data1\" content=\"Pradino\" \/>\n\t<meta name=\"twitter:label2\" content=\"Est. tempo de leitura\" \/>\n\t<meta name=\"twitter:data2\" content=\"9 minutos\" \/>\n<script type=\"application\/ld+json\" class=\"yoast-schema-graph\">{\"@context\":\"https:\/\/schema.org\",\"@graph\":[{\"@type\":\"Article\",\"@id\":\"https:\/\/www.vivagrandebh.com.br\/revista\/comeca-na-proxima-sexta-o-projeto-janelas-casacor-minas-gerais\/#article\",\"isPartOf\":{\"@id\":\"https:\/\/www.vivagrandebh.com.br\/revista\/comeca-na-proxima-sexta-o-projeto-janelas-casacor-minas-gerais\/\"},\"author\":{\"name\":\"Pradino\",\"@id\":\"https:\/\/www.vivagrandebh.com.br\/revista\/#\/schema\/person\/4c41041b76cc4176539ffd2dd0c21f67\"},\"headline\":\"Come\u00e7a na pr\u00f3xima sexta o projeto \u201cJanelas CASACOR Minas Gerais\u201d\",\"datePublished\":\"2020-10-23T22:50:47+00:00\",\"dateModified\":\"2020-10-23T22:55:51+00:00\",\"mainEntityOfPage\":{\"@id\":\"https:\/\/www.vivagrandebh.com.br\/revista\/comeca-na-proxima-sexta-o-projeto-janelas-casacor-minas-gerais\/\"},\"wordCount\":1869,\"publisher\":{\"@id\":\"https:\/\/www.vivagrandebh.com.br\/revista\/#organization\"},\"keywords\":[\"arquitetura\",\"decora\u00e7\u00e3o\",\"mosra\"],\"articleSection\":[\"Arquitetura de Interiores\",\"Arquitetura e Decora\u00e7\u00e3o\"],\"inLanguage\":\"pt-BR\"},{\"@type\":\"WebPage\",\"@id\":\"https:\/\/www.vivagrandebh.com.br\/revista\/comeca-na-proxima-sexta-o-projeto-janelas-casacor-minas-gerais\/\",\"url\":\"https:\/\/www.vivagrandebh.com.br\/revista\/comeca-na-proxima-sexta-o-projeto-janelas-casacor-minas-gerais\/\",\"name\":\"Come\u00e7a na pr\u00f3xima sexta o projeto \u201cJanelas CASACOR Minas Gerais\u201d - Revista Viva Grande BH\",\"isPartOf\":{\"@id\":\"https:\/\/www.vivagrandebh.com.br\/revista\/#website\"},\"datePublished\":\"2020-10-23T22:50:47+00:00\",\"dateModified\":\"2020-10-23T22:55:51+00:00\",\"breadcrumb\":{\"@id\":\"https:\/\/www.vivagrandebh.com.br\/revista\/comeca-na-proxima-sexta-o-projeto-janelas-casacor-minas-gerais\/#breadcrumb\"},\"inLanguage\":\"pt-BR\",\"potentialAction\":[{\"@type\":\"ReadAction\",\"target\":[\"https:\/\/www.vivagrandebh.com.br\/revista\/comeca-na-proxima-sexta-o-projeto-janelas-casacor-minas-gerais\/\"]}]},{\"@type\":\"BreadcrumbList\",\"@id\":\"https:\/\/www.vivagrandebh.com.br\/revista\/comeca-na-proxima-sexta-o-projeto-janelas-casacor-minas-gerais\/#breadcrumb\",\"itemListElement\":[{\"@type\":\"ListItem\",\"position\":1,\"name\":\"In\u00edcio\",\"item\":\"https:\/\/www.vivagrandebh.com.br\/revista\/\"},{\"@type\":\"ListItem\",\"position\":2,\"name\":\"Come\u00e7a na pr\u00f3xima sexta o projeto \u201cJanelas CASACOR Minas Gerais\u201d\"}]},{\"@type\":\"WebSite\",\"@id\":\"https:\/\/www.vivagrandebh.com.br\/revista\/#website\",\"url\":\"https:\/\/www.vivagrandebh.com.br\/revista\/\",\"name\":\"Revista Viva Grande BH\",\"description\":\"a Viva Grande BH leva ao leitor informa\u00e7\u00f5es de qualidade sobre turismo, esporte, arte e cultura, economia, mercado e pol\u00edtica.\",\"publisher\":{\"@id\":\"https:\/\/www.vivagrandebh.com.br\/revista\/#organization\"},\"potentialAction\":[{\"@type\":\"SearchAction\",\"target\":{\"@type\":\"EntryPoint\",\"urlTemplate\":\"https:\/\/www.vivagrandebh.com.br\/revista\/?s={search_term_string}\"},\"query-input\":\"required name=search_term_string\"}],\"inLanguage\":\"pt-BR\"},{\"@type\":\"Organization\",\"@id\":\"https:\/\/www.vivagrandebh.com.br\/revista\/#organization\",\"name\":\"Revista Viva\",\"url\":\"https:\/\/www.vivagrandebh.com.br\/revista\/\",\"logo\":{\"@type\":\"ImageObject\",\"inLanguage\":\"pt-BR\",\"@id\":\"https:\/\/www.vivagrandebh.com.br\/revista\/#\/schema\/logo\/image\/\",\"url\":\"https:\/\/www.vivagrandebh.com.br\/revista\/wp-content\/uploads\/2020\/07\/logo-viva-e1599687783656.png\",\"contentUrl\":\"https:\/\/www.vivagrandebh.com.br\/revista\/wp-content\/uploads\/2020\/07\/logo-viva-e1599687783656.png\",\"width\":300,\"height\":90,\"caption\":\"Revista Viva\"},\"image\":{\"@id\":\"https:\/\/www.vivagrandebh.com.br\/revista\/#\/schema\/logo\/image\/\"},\"sameAs\":[\"https:\/\/www.facebook.com\/revistavivagdebh\/\",\"https:\/\/www.instagram.com\/vivagrandebh\/?hl=pt-br\",\"https:\/\/www.youtube.com\/channel\/UCmdQd1O5bVMGARYL5RU8H-w\/about\"]},{\"@type\":\"Person\",\"@id\":\"https:\/\/www.vivagrandebh.com.br\/revista\/#\/schema\/person\/4c41041b76cc4176539ffd2dd0c21f67\",\"name\":\"Pradino\",\"image\":{\"@type\":\"ImageObject\",\"inLanguage\":\"pt-BR\",\"@id\":\"https:\/\/www.vivagrandebh.com.br\/revista\/#\/schema\/person\/image\/\",\"url\":\"https:\/\/secure.gravatar.com\/avatar\/1873f29970663f116b21516cf7494b69?s=96&d=mm&r=g\",\"contentUrl\":\"https:\/\/secure.gravatar.com\/avatar\/1873f29970663f116b21516cf7494b69?s=96&d=mm&r=g\",\"caption\":\"Pradino\"},\"sameAs\":[\"http:\/\/www.vivagrandebh.com.br\"],\"url\":\"https:\/\/www.vivagrandebh.com.br\/revista\/author\/pradino\/\"}]}<\/script>\n<!-- \/ Yoast SEO plugin. -->","yoast_head_json":{"title":"Come\u00e7a na pr\u00f3xima sexta o projeto \u201cJanelas CASACOR Minas Gerais\u201d - Revista Viva Grande BH","robots":{"index":"index","follow":"follow","max-snippet":"max-snippet:-1","max-image-preview":"max-image-preview:large","max-video-preview":"max-video-preview:-1"},"canonical":"https:\/\/www.vivagrandebh.com.br\/revista\/comeca-na-proxima-sexta-o-projeto-janelas-casacor-minas-gerais\/","og_locale":"pt_BR","og_type":"article","og_title":"Come\u00e7a na pr\u00f3xima sexta o projeto \u201cJanelas CASACOR Minas Gerais\u201d - Revista Viva Grande BH","og_description":"Mostra ser\u00e1 realizada em formato in\u00e9dito, entre os dias 30 de outubro e 30 de novembro.","og_url":"https:\/\/www.vivagrandebh.com.br\/revista\/comeca-na-proxima-sexta-o-projeto-janelas-casacor-minas-gerais\/","og_site_name":"Revista Viva Grande BH","article_publisher":"https:\/\/www.facebook.com\/revistavivagdebh\/","article_published_time":"2020-10-23T22:50:47+00:00","article_modified_time":"2020-10-23T22:55:51+00:00","og_image":[{"width":1280,"height":720,"url":"https:\/\/www.vivagrandebh.com.br\/revista\/wp-content\/uploads\/2020\/10\/Vitrine-exposic\u0327a\u0303o-Casa-Fiat-de-Cultura-Isabela-Vecci.jpeg","type":"image\/jpeg"}],"author":"Pradino","twitter_card":"summary_large_image","twitter_misc":{"Escrito por":"Pradino","Est. tempo de leitura":"9 minutos"},"schema":{"@context":"https:\/\/schema.org","@graph":[{"@type":"Article","@id":"https:\/\/www.vivagrandebh.com.br\/revista\/comeca-na-proxima-sexta-o-projeto-janelas-casacor-minas-gerais\/#article","isPartOf":{"@id":"https:\/\/www.vivagrandebh.com.br\/revista\/comeca-na-proxima-sexta-o-projeto-janelas-casacor-minas-gerais\/"},"author":{"name":"Pradino","@id":"https:\/\/www.vivagrandebh.com.br\/revista\/#\/schema\/person\/4c41041b76cc4176539ffd2dd0c21f67"},"headline":"Come\u00e7a na pr\u00f3xima sexta o projeto \u201cJanelas CASACOR Minas Gerais\u201d","datePublished":"2020-10-23T22:50:47+00:00","dateModified":"2020-10-23T22:55:51+00:00","mainEntityOfPage":{"@id":"https:\/\/www.vivagrandebh.com.br\/revista\/comeca-na-proxima-sexta-o-projeto-janelas-casacor-minas-gerais\/"},"wordCount":1869,"publisher":{"@id":"https:\/\/www.vivagrandebh.com.br\/revista\/#organization"},"keywords":["arquitetura","decora\u00e7\u00e3o","mosra"],"articleSection":["Arquitetura de Interiores","Arquitetura e Decora\u00e7\u00e3o"],"inLanguage":"pt-BR"},{"@type":"WebPage","@id":"https:\/\/www.vivagrandebh.com.br\/revista\/comeca-na-proxima-sexta-o-projeto-janelas-casacor-minas-gerais\/","url":"https:\/\/www.vivagrandebh.com.br\/revista\/comeca-na-proxima-sexta-o-projeto-janelas-casacor-minas-gerais\/","name":"Come\u00e7a na pr\u00f3xima sexta o projeto \u201cJanelas CASACOR Minas Gerais\u201d - Revista Viva Grande BH","isPartOf":{"@id":"https:\/\/www.vivagrandebh.com.br\/revista\/#website"},"datePublished":"2020-10-23T22:50:47+00:00","dateModified":"2020-10-23T22:55:51+00:00","breadcrumb":{"@id":"https:\/\/www.vivagrandebh.com.br\/revista\/comeca-na-proxima-sexta-o-projeto-janelas-casacor-minas-gerais\/#breadcrumb"},"inLanguage":"pt-BR","potentialAction":[{"@type":"ReadAction","target":["https:\/\/www.vivagrandebh.com.br\/revista\/comeca-na-proxima-sexta-o-projeto-janelas-casacor-minas-gerais\/"]}]},{"@type":"BreadcrumbList","@id":"https:\/\/www.vivagrandebh.com.br\/revista\/comeca-na-proxima-sexta-o-projeto-janelas-casacor-minas-gerais\/#breadcrumb","itemListElement":[{"@type":"ListItem","position":1,"name":"In\u00edcio","item":"https:\/\/www.vivagrandebh.com.br\/revista\/"},{"@type":"ListItem","position":2,"name":"Come\u00e7a na pr\u00f3xima sexta o projeto \u201cJanelas CASACOR Minas Gerais\u201d"}]},{"@type":"WebSite","@id":"https:\/\/www.vivagrandebh.com.br\/revista\/#website","url":"https:\/\/www.vivagrandebh.com.br\/revista\/","name":"Revista Viva Grande BH","description":"a Viva Grande BH leva ao leitor informa\u00e7\u00f5es de qualidade sobre turismo, esporte, arte e cultura, economia, mercado e pol\u00edtica.","publisher":{"@id":"https:\/\/www.vivagrandebh.com.br\/revista\/#organization"},"potentialAction":[{"@type":"SearchAction","target":{"@type":"EntryPoint","urlTemplate":"https:\/\/www.vivagrandebh.com.br\/revista\/?s={search_term_string}"},"query-input":"required name=search_term_string"}],"inLanguage":"pt-BR"},{"@type":"Organization","@id":"https:\/\/www.vivagrandebh.com.br\/revista\/#organization","name":"Revista Viva","url":"https:\/\/www.vivagrandebh.com.br\/revista\/","logo":{"@type":"ImageObject","inLanguage":"pt-BR","@id":"https:\/\/www.vivagrandebh.com.br\/revista\/#\/schema\/logo\/image\/","url":"https:\/\/www.vivagrandebh.com.br\/revista\/wp-content\/uploads\/2020\/07\/logo-viva-e1599687783656.png","contentUrl":"https:\/\/www.vivagrandebh.com.br\/revista\/wp-content\/uploads\/2020\/07\/logo-viva-e1599687783656.png","width":300,"height":90,"caption":"Revista Viva"},"image":{"@id":"https:\/\/www.vivagrandebh.com.br\/revista\/#\/schema\/logo\/image\/"},"sameAs":["https:\/\/www.facebook.com\/revistavivagdebh\/","https:\/\/www.instagram.com\/vivagrandebh\/?hl=pt-br","https:\/\/www.youtube.com\/channel\/UCmdQd1O5bVMGARYL5RU8H-w\/about"]},{"@type":"Person","@id":"https:\/\/www.vivagrandebh.com.br\/revista\/#\/schema\/person\/4c41041b76cc4176539ffd2dd0c21f67","name":"Pradino","image":{"@type":"ImageObject","inLanguage":"pt-BR","@id":"https:\/\/www.vivagrandebh.com.br\/revista\/#\/schema\/person\/image\/","url":"https:\/\/secure.gravatar.com\/avatar\/1873f29970663f116b21516cf7494b69?s=96&d=mm&r=g","contentUrl":"https:\/\/secure.gravatar.com\/avatar\/1873f29970663f116b21516cf7494b69?s=96&d=mm&r=g","caption":"Pradino"},"sameAs":["http:\/\/www.vivagrandebh.com.br"],"url":"https:\/\/www.vivagrandebh.com.br\/revista\/author\/pradino\/"}]}},"_links":{"self":[{"href":"https:\/\/www.vivagrandebh.com.br\/revista\/wp-json\/wp\/v2\/posts\/4006"}],"collection":[{"href":"https:\/\/www.vivagrandebh.com.br\/revista\/wp-json\/wp\/v2\/posts"}],"about":[{"href":"https:\/\/www.vivagrandebh.com.br\/revista\/wp-json\/wp\/v2\/types\/post"}],"author":[{"embeddable":true,"href":"https:\/\/www.vivagrandebh.com.br\/revista\/wp-json\/wp\/v2\/users\/2"}],"replies":[{"embeddable":true,"href":"https:\/\/www.vivagrandebh.com.br\/revista\/wp-json\/wp\/v2\/comments?post=4006"}],"version-history":[{"count":3,"href":"https:\/\/www.vivagrandebh.com.br\/revista\/wp-json\/wp\/v2\/posts\/4006\/revisions"}],"predecessor-version":[{"id":4011,"href":"https:\/\/www.vivagrandebh.com.br\/revista\/wp-json\/wp\/v2\/posts\/4006\/revisions\/4011"}],"wp:featuredmedia":[{"embeddable":true,"href":"https:\/\/www.vivagrandebh.com.br\/revista\/wp-json\/wp\/v2\/media\/4008"}],"wp:attachment":[{"href":"https:\/\/www.vivagrandebh.com.br\/revista\/wp-json\/wp\/v2\/media?parent=4006"}],"wp:term":[{"taxonomy":"category","embeddable":true,"href":"https:\/\/www.vivagrandebh.com.br\/revista\/wp-json\/wp\/v2\/categories?post=4006"},{"taxonomy":"post_tag","embeddable":true,"href":"https:\/\/www.vivagrandebh.com.br\/revista\/wp-json\/wp\/v2\/tags?post=4006"}],"curies":[{"name":"wp","href":"https:\/\/api.w.org\/{rel}","templated":true}]}}