{"id":3736,"date":"2020-10-13T15:13:20","date_gmt":"2020-10-13T18:13:20","guid":{"rendered":"https:\/\/www.vivagrandebh.com.br\/revista\/?p=3736"},"modified":"2020-10-13T15:44:41","modified_gmt":"2020-10-13T18:44:41","slug":"joia-do-vale","status":"publish","type":"post","link":"https:\/\/www.vivagrandebh.com.br\/revista\/joia-do-vale\/","title":{"rendered":"Joia do Vale"},"content":{"rendered":"\t\t<div data-elementor-type=\"wp-post\" data-elementor-id=\"3736\" class=\"elementor elementor-3736\">\n\t\t\t\t\t\t\t\t\t<section class=\"elementor-section elementor-top-section elementor-element elementor-element-ca50035 elementor-section-boxed elementor-section-height-default elementor-section-height-default\" data-id=\"ca50035\" data-element_type=\"section\">\n\t\t\t\t\t\t<div class=\"elementor-container elementor-column-gap-default\">\n\t\t\t\t\t<div class=\"elementor-column elementor-col-100 elementor-top-column elementor-element elementor-element-03ac7c1\" data-id=\"03ac7c1\" data-element_type=\"column\">\n\t\t\t<div class=\"elementor-widget-wrap elementor-element-populated\">\n\t\t\t\t\t\t\t\t<div class=\"elementor-element elementor-element-a950a53 elementor-widget elementor-widget-text-editor\" data-id=\"a950a53\" data-element_type=\"widget\" data-widget_type=\"text-editor.default\">\n\t\t\t\t<div class=\"elementor-widget-container\">\n\t\t\t\t\t\t\t<p style=\"text-align: center;\"><span style=\"color: #000000;\"><em>Com belezas naturais, artesanato de qualidade e gastronomia variada, Regi\u00e3o da Chapada de Minas quer aproveitar sua voca\u00e7\u00e3o cafeeira para atrair visitantes \u00a0<\/em><\/span><\/p><p><span style=\"color: #000000;\">Lu\u00eds Ot\u00e1vio Pires<\/span><\/p><p><span style=\"color: #000000;\">Fotos: ICCM\/Divulga\u00e7\u00e3o<\/span><\/p><p><span style=\"color: #000000;\"><img fetchpriority=\"high\" decoding=\"async\" class=\"size-medium wp-image-3744 alignleft\" src=\"https:\/\/www.vivagrandebh.com.br\/revista\/wp-content\/uploads\/2020\/10\/11-Belezas-Naturais-225x300.jpeg\" alt=\"\" width=\"225\" height=\"300\" srcset=\"https:\/\/www.vivagrandebh.com.br\/revista\/wp-content\/uploads\/2020\/10\/11-Belezas-Naturais-225x300.jpeg 225w, https:\/\/www.vivagrandebh.com.br\/revista\/wp-content\/uploads\/2020\/10\/11-Belezas-Naturais-768x1024.jpeg 768w, https:\/\/www.vivagrandebh.com.br\/revista\/wp-content\/uploads\/2020\/10\/11-Belezas-Naturais.jpeg 960w\" sizes=\"(max-width: 225px) 100vw, 225px\" \/>A regi\u00e3o da Chapada de Minas, no Vale do Jequitinhonha, quer aproveitar sua voca\u00e7\u00e3o de produtora de caf\u00e9 de qualidade internacional para incrementar seu turismo. Os produtores locais prop\u00f5em aos visitantes vivenciar a colheita do caf\u00e9, al\u00e9m de aproveitar o artesanato, a gastronomia e as belezas naturais.<\/span><\/p><p><span style=\"color: #000000;\">Enquanto ainda n\u00e3o existe apoio de \u00f3rg\u00e3os p\u00fablicos locais &#8211; das prefeituras das cidades que formam a regi\u00e3o -, cabe aos produtores ligados ao Instituto do Caf\u00e9 da Chapada de Minas (ICCM) tomar frente desta iniciativa, a fim de atrair os turistas.<\/span><\/p><p><span style=\"color: #000000;\">\u201cO intuito do ICCM \u00e9, primeiro, conseguir a nossa Indica\u00e7\u00e3o Geogr\u00e1fica (IG), ou seja, a indica\u00e7\u00e3o de origem e mostrar que somos uma das regi\u00f5es produtoras muito importantes de Minas Gerais\u201d, afirma a diretora do instituto, Lydia Junqueira Puliti Meirelles.<\/span><\/p><p><span style=\"color: #000000;\">Segundo ela, o fomento da produ\u00e7\u00e3o do caf\u00e9 poder\u00e1 tamb\u00e9m oferecer melhor estrutura tur\u00edstica aos visitantes. \u201cO Cerrado, as Matas e o Sul j\u00e1 s\u00e3o muito conhecidos e fazem grandes neg\u00f3cios; agora \u00e9 a nossa vez\u201d, observa.<\/span><\/p><p><span style=\"color: #000000;\">Nos \u00faltimos anos, a Chapada de Minas tem sofrido uma retra\u00e7\u00e3o na sua cafeicultura, devido \u00e0 concorr\u00eancia com o plantio do eucalipto e da pecu\u00e1ria de leite. H\u00e1 quatro d\u00e9cadas produtores do Sul de Minas migraram para l\u00e1, quando se estabeleceu um novo polo produtor com o importante potencial de 400 mil sacas por ano.<\/span><\/p><p><span style=\"color: #000000;\">Al\u00e9m de conhecer fazendas bel\u00edssimas, o dia a dia dos produtores e todo o processo por que passa o caf\u00e9 at\u00e9 chegar \u00e0 mesa, o turista conta ainda com uma boa estrutura de hot\u00e9is, restaurantes, lojas com artigos locais, sem contar a hospitalidade da popula\u00e7\u00e3o e todo aquele jeitinho mineiro em receber as pessoas.<\/span><\/p><p style=\"text-align: center;\"><span style=\"color: #000000;\"><strong>COADO NA HORA<\/strong><\/span><\/p><p><img decoding=\"async\" class=\"aligncenter wp-image-3748 size-large\" src=\"https:\/\/www.vivagrandebh.com.br\/revista\/wp-content\/uploads\/2020\/10\/3-Colheita-do-cafe-1024x505.jpeg\" alt=\"\" width=\"800\" height=\"395\" srcset=\"https:\/\/www.vivagrandebh.com.br\/revista\/wp-content\/uploads\/2020\/10\/3-Colheita-do-cafe-1024x505.jpeg 1024w, https:\/\/www.vivagrandebh.com.br\/revista\/wp-content\/uploads\/2020\/10\/3-Colheita-do-cafe-300x148.jpeg 300w, https:\/\/www.vivagrandebh.com.br\/revista\/wp-content\/uploads\/2020\/10\/3-Colheita-do-cafe-768x379.jpeg 768w, https:\/\/www.vivagrandebh.com.br\/revista\/wp-content\/uploads\/2020\/10\/3-Colheita-do-cafe.jpeg 1228w\" sizes=\"(max-width: 800px) 100vw, 800px\" \/><\/p><p><span style=\"color: #000000;\">Nas visitas, \u00e9 poss\u00edvel ainda saborear um p\u00e3o de queijo assado em forno a lenha acompanhado, claro, de um cafezinho coado na hora. O visitante tem a possibilidade ainda de passar a tarde ouvindo causos regionais, as dificuldades e as conquistas dos nativos. \u00c9 como se estivesse na casa de um velho amigo. \u201cSe voc\u00ea gosta de caf\u00e9 e simplicidade, vai se apaixonar por esta regi\u00e3o, onde se respira o melhor aroma, o aroma do caf\u00e9 mineiro feito com muito amor\u201d, garante Lydia.<\/span><\/p><p><span style=\"color: #000000;\">A cidade principal da Chapada de Minas \u00e9 Capelinha, que fica a 540 quil\u00f4metros de Belo Horizonte. N\u00e3o existe uma ag\u00eancia especializada em receptivo, mas o pr\u00f3prio ICCM se encarrega em receber os visitantes, fornecendo dicas de visitas, hospedagem e alimenta\u00e7\u00e3o.<\/span><\/p><p><img decoding=\"async\" class=\"aligncenter wp-image-3750 size-large\" src=\"https:\/\/www.vivagrandebh.com.br\/revista\/wp-content\/uploads\/2020\/10\/5-fazenda-de-cafe-2-1024x498.jpeg\" alt=\"\" width=\"800\" height=\"389\" srcset=\"https:\/\/www.vivagrandebh.com.br\/revista\/wp-content\/uploads\/2020\/10\/5-fazenda-de-cafe-2-1024x498.jpeg 1024w, https:\/\/www.vivagrandebh.com.br\/revista\/wp-content\/uploads\/2020\/10\/5-fazenda-de-cafe-2-300x146.jpeg 300w, https:\/\/www.vivagrandebh.com.br\/revista\/wp-content\/uploads\/2020\/10\/5-fazenda-de-cafe-2-768x373.jpeg 768w, https:\/\/www.vivagrandebh.com.br\/revista\/wp-content\/uploads\/2020\/10\/5-fazenda-de-cafe-2.jpeg 1280w\" sizes=\"(max-width: 800px) 100vw, 800px\" \/><\/p><p><span style=\"color: #000000;\">Com quatro empresas especializadas em torrefa\u00e7\u00e3o de caf\u00e9, Capelinha busca atrair tamb\u00e9m compradores estrangeiros, donos de cafeterias e at\u00e9 baristas.<\/span><\/p><p><span style=\"color: #000000;\">As diversas festas que acontecem na cidade tamb\u00e9m s\u00e3o atra\u00e7\u00e3o. Uma delas \u00e9 a \u201cFesta do Capelinhense Ausente\u201d que envolve at\u00e9 mesmo quem n\u00e3o \u00e9 natural da cidade.<\/span><\/p><p style=\"text-align: center;\"><span style=\"color: #000000;\"><strong>ARTESANATO RECONHECIDO<\/strong><\/span><\/p><p><span style=\"color: #000000;\"><img loading=\"lazy\" decoding=\"async\" class=\"size-medium wp-image-3747 alignleft\" src=\"https:\/\/www.vivagrandebh.com.br\/revista\/wp-content\/uploads\/2020\/10\/2-artesanato-300x300.jpg\" alt=\"\" width=\"300\" height=\"300\" srcset=\"https:\/\/www.vivagrandebh.com.br\/revista\/wp-content\/uploads\/2020\/10\/2-artesanato-300x300.jpg 300w, https:\/\/www.vivagrandebh.com.br\/revista\/wp-content\/uploads\/2020\/10\/2-artesanato-150x150.jpg 150w, https:\/\/www.vivagrandebh.com.br\/revista\/wp-content\/uploads\/2020\/10\/2-artesanato-768x768.jpg 768w, https:\/\/www.vivagrandebh.com.br\/revista\/wp-content\/uploads\/2020\/10\/2-artesanato.jpg 960w\" sizes=\"(max-width: 300px) 100vw, 300px\" \/>O artesanato de Capelinha e arredores \u00e9 reconhecido mundialmente.\u00a0 Existe um galp\u00e3o onde as artes\u00e3os exp\u00f5em e vendem seus trabalhos. Tamb\u00e9m h\u00e1 op\u00e7\u00f5es em Buriti (distrito de Minas Novas) e Campo Alegre (distrito de Turmalina), a apenas seis quil\u00f4metros de Capelinha, onde uma comunidade de artistas oferece esculturas em barro, panos, colchas e etc.<\/span><\/p><p><span style=\"color: #000000;\">A gastronomia tamb\u00e9m \u00e9 ponto forte de Capelinha e vizinhas. Lingui\u00e7a da feira, espetinho de frango com farofa de manteiga de garrafa, farofa de andu, costelinha com risoto de canjiquinha e farofa de gr\u00e3os s\u00e3o algumas iguarias saborosas servidas nas feiras livres da cidade.<\/span><\/p><p><span style=\"color: #000000;\">Em junho, acontece o Jequisabor &#8211; Festival Gastron\u00f4mico de Capelinha, com comidas t\u00edpicas e eventos paralelos com fins sociais. Arroz e frango com pequi ou quiabo; pa\u00e7oca de carne de sol; angu de milho verde, requeij\u00e3o de barra e farofa de andu est\u00e3o entre op\u00e7\u00f5es regionais.<\/span><\/p><p style=\"text-align: center;\"><span style=\"color: #000000;\"><strong>SERRA NEGRA<\/strong><\/span><\/p><p><span style=\"color: #000000;\"><img loading=\"lazy\" decoding=\"async\" class=\"size-medium wp-image-3746 alignright\" src=\"https:\/\/www.vivagrandebh.com.br\/revista\/wp-content\/uploads\/2020\/10\/1-Belezas-Naturais-169x300.jpeg\" alt=\"\" width=\"169\" height=\"300\" srcset=\"https:\/\/www.vivagrandebh.com.br\/revista\/wp-content\/uploads\/2020\/10\/1-Belezas-Naturais-169x300.jpeg 169w, https:\/\/www.vivagrandebh.com.br\/revista\/wp-content\/uploads\/2020\/10\/1-Belezas-Naturais-576x1024.jpeg 576w, https:\/\/www.vivagrandebh.com.br\/revista\/wp-content\/uploads\/2020\/10\/1-Belezas-Naturais.jpeg 585w\" sizes=\"(max-width: 169px) 100vw, 169px\" \/>As belezas naturais tamb\u00e9m s\u00e3o alternativas de turismo. A maioria delas est\u00e1 no Parque Estadual da Serra Negra, que se localiza no munic\u00edpio de Itamarandiba, a uma hora por rodovia de Capelinha.<\/span><\/p><p><span style=\"color: #000000;\">Com cerca de 13 mil hectares, o parque \u00e9 administrado pelo Instituto Estadual de Florestas (IEF) e cheio de lindas cachoeiras e um visual que fazer muito bem \u00e0 mente.<\/span><\/p><p><span style=\"color: #000000;\">A unidade possui rica biodiversidade e abriga v\u00e1rias esp\u00e9cies end\u00eamicas, como as canelas-de-ema, que dominam a paisagem. O lobo-guar\u00e1 \u00e9 outro s\u00edmbolo do Serra Negra.<\/span><\/p><p><span style=\"color: #000000;\">Nos \u00faltimos anos, o Governo de Minas tem implementado muitas a\u00e7\u00f5es na \u00e1rea, tais como a melhoria da sinaliza\u00e7\u00e3o e a constru\u00e7\u00e3o de um mirante a 1.581 metros de altitude.<\/span><\/p><p><span style=\"color: #000000;\">O pico da Serra Negra abriga torre de telecomunica\u00e7\u00f5es e \u00e9 um dos mais altos do leste\/nordeste de Minas Gerais e de l\u00e1 pode se apreciar excelentes panor\u00e2micas dos Vales do Jequitinhonha e Rio Doce.<\/span><\/p><p><img loading=\"lazy\" decoding=\"async\" class=\"aligncenter wp-image-3760 size-full\" src=\"https:\/\/www.vivagrandebh.com.br\/revista\/wp-content\/uploads\/2020\/10\/mapa.jpg\" alt=\"\" width=\"581\" height=\"386\" srcset=\"https:\/\/www.vivagrandebh.com.br\/revista\/wp-content\/uploads\/2020\/10\/mapa.jpg 581w, https:\/\/www.vivagrandebh.com.br\/revista\/wp-content\/uploads\/2020\/10\/mapa-300x199.jpg 300w\" sizes=\"(max-width: 581px) 100vw, 581px\" \/><\/p>\t\t\t\t\t\t<\/div>\n\t\t\t\t<\/div>\n\t\t\t\t\t<\/div>\n\t\t<\/div>\n\t\t\t\t\t\t\t<\/div>\n\t\t<\/section>\n\t\t\t\t\t\t\t<\/div>\n\t\t","protected":false},"excerpt":{"rendered":"<p>Com belezas naturais, artesanato de qualidade e gastronomia variada, Regi\u00e3o da Chapada de Minas quer aproveitar sua voca\u00e7\u00e3o cafeeira para atrair visitantes \u00a0 Lu\u00eds Ot\u00e1vio Pires Fotos: ICCM\/Divulga\u00e7\u00e3o A regi\u00e3o da Chapada de Minas, no Vale do Jequitinhonha, quer aproveitar sua voca\u00e7\u00e3o de produtora de caf\u00e9 de qualidade internacional para incrementar seu turismo. Os produtores [&hellip;]<\/p>\n","protected":false},"author":3,"featured_media":3739,"comment_status":"closed","ping_status":"open","sticky":false,"template":"","format":"standard","meta":{"footnotes":""},"categories":[68,69],"tags":[],"yoast_head":"<!-- This site is optimized with the Yoast SEO plugin v21.7 - https:\/\/yoast.com\/wordpress\/plugins\/seo\/ -->\n<title>Joia do Vale - Revista Viva Grande BH<\/title>\n<meta name=\"robots\" content=\"index, follow, max-snippet:-1, max-image-preview:large, max-video-preview:-1\" \/>\n<link rel=\"canonical\" href=\"https:\/\/www.vivagrandebh.com.br\/revista\/joia-do-vale\/\" \/>\n<meta property=\"og:locale\" content=\"pt_BR\" \/>\n<meta property=\"og:type\" content=\"article\" \/>\n<meta property=\"og:title\" content=\"Joia do Vale - Revista Viva Grande BH\" \/>\n<meta property=\"og:description\" content=\"Com belezas naturais, artesanato de qualidade e gastronomia variada, Regi\u00e3o da Chapada de Minas quer aproveitar sua voca\u00e7\u00e3o cafeeira para atrair visitantes \u00a0 Lu\u00eds Ot\u00e1vio Pires Fotos: ICCM\/Divulga\u00e7\u00e3o A regi\u00e3o da Chapada de Minas, no Vale do Jequitinhonha, quer aproveitar sua voca\u00e7\u00e3o de produtora de caf\u00e9 de qualidade internacional para incrementar seu turismo. Os produtores [&hellip;]\" \/>\n<meta property=\"og:url\" content=\"https:\/\/www.vivagrandebh.com.br\/revista\/joia-do-vale\/\" \/>\n<meta property=\"og:site_name\" content=\"Revista Viva Grande BH\" \/>\n<meta property=\"article:publisher\" content=\"https:\/\/www.facebook.com\/revistavivagdebh\/\" \/>\n<meta property=\"article:published_time\" content=\"2020-10-13T18:13:20+00:00\" \/>\n<meta property=\"article:modified_time\" content=\"2020-10-13T18:44:41+00:00\" \/>\n<meta property=\"og:image\" content=\"https:\/\/www.vivagrandebh.com.br\/revista\/wp-content\/uploads\/2020\/10\/Ambiente.jpg\" \/>\n\t<meta property=\"og:image:width\" content=\"850\" \/>\n\t<meta property=\"og:image:height\" content=\"560\" \/>\n\t<meta property=\"og:image:type\" content=\"image\/jpeg\" \/>\n<meta name=\"author\" content=\"VivaOnline\" \/>\n<meta name=\"twitter:card\" content=\"summary_large_image\" \/>\n<meta name=\"twitter:label1\" content=\"Escrito por\" \/>\n\t<meta name=\"twitter:data1\" content=\"VivaOnline\" \/>\n\t<meta name=\"twitter:label2\" content=\"Est. tempo de leitura\" \/>\n\t<meta name=\"twitter:data2\" content=\"4 minutos\" \/>\n<script type=\"application\/ld+json\" class=\"yoast-schema-graph\">{\"@context\":\"https:\/\/schema.org\",\"@graph\":[{\"@type\":\"Article\",\"@id\":\"https:\/\/www.vivagrandebh.com.br\/revista\/joia-do-vale\/#article\",\"isPartOf\":{\"@id\":\"https:\/\/www.vivagrandebh.com.br\/revista\/joia-do-vale\/\"},\"author\":{\"name\":\"VivaOnline\",\"@id\":\"https:\/\/www.vivagrandebh.com.br\/revista\/#\/schema\/person\/f73d5d0d49e47e0d943eeca2fc6a3b6b\"},\"headline\":\"Joia do Vale\",\"datePublished\":\"2020-10-13T18:13:20+00:00\",\"dateModified\":\"2020-10-13T18:44:41+00:00\",\"mainEntityOfPage\":{\"@id\":\"https:\/\/www.vivagrandebh.com.br\/revista\/joia-do-vale\/\"},\"wordCount\":835,\"publisher\":{\"@id\":\"https:\/\/www.vivagrandebh.com.br\/revista\/#organization\"},\"articleSection\":[\"Mundo a Fora\",\"Turismo Ecol\u00f3gico\"],\"inLanguage\":\"pt-BR\"},{\"@type\":\"WebPage\",\"@id\":\"https:\/\/www.vivagrandebh.com.br\/revista\/joia-do-vale\/\",\"url\":\"https:\/\/www.vivagrandebh.com.br\/revista\/joia-do-vale\/\",\"name\":\"Joia do Vale - Revista Viva Grande BH\",\"isPartOf\":{\"@id\":\"https:\/\/www.vivagrandebh.com.br\/revista\/#website\"},\"datePublished\":\"2020-10-13T18:13:20+00:00\",\"dateModified\":\"2020-10-13T18:44:41+00:00\",\"breadcrumb\":{\"@id\":\"https:\/\/www.vivagrandebh.com.br\/revista\/joia-do-vale\/#breadcrumb\"},\"inLanguage\":\"pt-BR\",\"potentialAction\":[{\"@type\":\"ReadAction\",\"target\":[\"https:\/\/www.vivagrandebh.com.br\/revista\/joia-do-vale\/\"]}]},{\"@type\":\"BreadcrumbList\",\"@id\":\"https:\/\/www.vivagrandebh.com.br\/revista\/joia-do-vale\/#breadcrumb\",\"itemListElement\":[{\"@type\":\"ListItem\",\"position\":1,\"name\":\"In\u00edcio\",\"item\":\"https:\/\/www.vivagrandebh.com.br\/revista\/\"},{\"@type\":\"ListItem\",\"position\":2,\"name\":\"Joia do Vale\"}]},{\"@type\":\"WebSite\",\"@id\":\"https:\/\/www.vivagrandebh.com.br\/revista\/#website\",\"url\":\"https:\/\/www.vivagrandebh.com.br\/revista\/\",\"name\":\"Revista Viva Grande BH\",\"description\":\"a Viva Grande BH leva ao leitor informa\u00e7\u00f5es de qualidade sobre turismo, esporte, arte e cultura, economia, mercado e pol\u00edtica.\",\"publisher\":{\"@id\":\"https:\/\/www.vivagrandebh.com.br\/revista\/#organization\"},\"potentialAction\":[{\"@type\":\"SearchAction\",\"target\":{\"@type\":\"EntryPoint\",\"urlTemplate\":\"https:\/\/www.vivagrandebh.com.br\/revista\/?s={search_term_string}\"},\"query-input\":\"required name=search_term_string\"}],\"inLanguage\":\"pt-BR\"},{\"@type\":\"Organization\",\"@id\":\"https:\/\/www.vivagrandebh.com.br\/revista\/#organization\",\"name\":\"Revista Viva\",\"url\":\"https:\/\/www.vivagrandebh.com.br\/revista\/\",\"logo\":{\"@type\":\"ImageObject\",\"inLanguage\":\"pt-BR\",\"@id\":\"https:\/\/www.vivagrandebh.com.br\/revista\/#\/schema\/logo\/image\/\",\"url\":\"https:\/\/www.vivagrandebh.com.br\/revista\/wp-content\/uploads\/2020\/07\/logo-viva-e1599687783656.png\",\"contentUrl\":\"https:\/\/www.vivagrandebh.com.br\/revista\/wp-content\/uploads\/2020\/07\/logo-viva-e1599687783656.png\",\"width\":300,\"height\":90,\"caption\":\"Revista Viva\"},\"image\":{\"@id\":\"https:\/\/www.vivagrandebh.com.br\/revista\/#\/schema\/logo\/image\/\"},\"sameAs\":[\"https:\/\/www.facebook.com\/revistavivagdebh\/\",\"https:\/\/www.instagram.com\/vivagrandebh\/?hl=pt-br\",\"https:\/\/www.youtube.com\/channel\/UCmdQd1O5bVMGARYL5RU8H-w\/about\"]},{\"@type\":\"Person\",\"@id\":\"https:\/\/www.vivagrandebh.com.br\/revista\/#\/schema\/person\/f73d5d0d49e47e0d943eeca2fc6a3b6b\",\"name\":\"VivaOnline\",\"image\":{\"@type\":\"ImageObject\",\"inLanguage\":\"pt-BR\",\"@id\":\"https:\/\/www.vivagrandebh.com.br\/revista\/#\/schema\/person\/image\/\",\"url\":\"https:\/\/secure.gravatar.com\/avatar\/7feec83b98a3f1834b033ae814fc2b75?s=96&d=mm&r=g\",\"contentUrl\":\"https:\/\/secure.gravatar.com\/avatar\/7feec83b98a3f1834b033ae814fc2b75?s=96&d=mm&r=g\",\"caption\":\"VivaOnline\"},\"url\":\"https:\/\/www.vivagrandebh.com.br\/revista\/author\/vivaonline\/\"}]}<\/script>\n<!-- \/ Yoast SEO plugin. -->","yoast_head_json":{"title":"Joia do Vale - Revista Viva Grande BH","robots":{"index":"index","follow":"follow","max-snippet":"max-snippet:-1","max-image-preview":"max-image-preview:large","max-video-preview":"max-video-preview:-1"},"canonical":"https:\/\/www.vivagrandebh.com.br\/revista\/joia-do-vale\/","og_locale":"pt_BR","og_type":"article","og_title":"Joia do Vale - Revista Viva Grande BH","og_description":"Com belezas naturais, artesanato de qualidade e gastronomia variada, Regi\u00e3o da Chapada de Minas quer aproveitar sua voca\u00e7\u00e3o cafeeira para atrair visitantes \u00a0 Lu\u00eds Ot\u00e1vio Pires Fotos: ICCM\/Divulga\u00e7\u00e3o A regi\u00e3o da Chapada de Minas, no Vale do Jequitinhonha, quer aproveitar sua voca\u00e7\u00e3o de produtora de caf\u00e9 de qualidade internacional para incrementar seu turismo. Os produtores [&hellip;]","og_url":"https:\/\/www.vivagrandebh.com.br\/revista\/joia-do-vale\/","og_site_name":"Revista Viva Grande BH","article_publisher":"https:\/\/www.facebook.com\/revistavivagdebh\/","article_published_time":"2020-10-13T18:13:20+00:00","article_modified_time":"2020-10-13T18:44:41+00:00","og_image":[{"width":850,"height":560,"url":"https:\/\/www.vivagrandebh.com.br\/revista\/wp-content\/uploads\/2020\/10\/Ambiente.jpg","type":"image\/jpeg"}],"author":"VivaOnline","twitter_card":"summary_large_image","twitter_misc":{"Escrito por":"VivaOnline","Est. tempo de leitura":"4 minutos"},"schema":{"@context":"https:\/\/schema.org","@graph":[{"@type":"Article","@id":"https:\/\/www.vivagrandebh.com.br\/revista\/joia-do-vale\/#article","isPartOf":{"@id":"https:\/\/www.vivagrandebh.com.br\/revista\/joia-do-vale\/"},"author":{"name":"VivaOnline","@id":"https:\/\/www.vivagrandebh.com.br\/revista\/#\/schema\/person\/f73d5d0d49e47e0d943eeca2fc6a3b6b"},"headline":"Joia do Vale","datePublished":"2020-10-13T18:13:20+00:00","dateModified":"2020-10-13T18:44:41+00:00","mainEntityOfPage":{"@id":"https:\/\/www.vivagrandebh.com.br\/revista\/joia-do-vale\/"},"wordCount":835,"publisher":{"@id":"https:\/\/www.vivagrandebh.com.br\/revista\/#organization"},"articleSection":["Mundo a Fora","Turismo Ecol\u00f3gico"],"inLanguage":"pt-BR"},{"@type":"WebPage","@id":"https:\/\/www.vivagrandebh.com.br\/revista\/joia-do-vale\/","url":"https:\/\/www.vivagrandebh.com.br\/revista\/joia-do-vale\/","name":"Joia do Vale - Revista Viva Grande BH","isPartOf":{"@id":"https:\/\/www.vivagrandebh.com.br\/revista\/#website"},"datePublished":"2020-10-13T18:13:20+00:00","dateModified":"2020-10-13T18:44:41+00:00","breadcrumb":{"@id":"https:\/\/www.vivagrandebh.com.br\/revista\/joia-do-vale\/#breadcrumb"},"inLanguage":"pt-BR","potentialAction":[{"@type":"ReadAction","target":["https:\/\/www.vivagrandebh.com.br\/revista\/joia-do-vale\/"]}]},{"@type":"BreadcrumbList","@id":"https:\/\/www.vivagrandebh.com.br\/revista\/joia-do-vale\/#breadcrumb","itemListElement":[{"@type":"ListItem","position":1,"name":"In\u00edcio","item":"https:\/\/www.vivagrandebh.com.br\/revista\/"},{"@type":"ListItem","position":2,"name":"Joia do Vale"}]},{"@type":"WebSite","@id":"https:\/\/www.vivagrandebh.com.br\/revista\/#website","url":"https:\/\/www.vivagrandebh.com.br\/revista\/","name":"Revista Viva Grande BH","description":"a Viva Grande BH leva ao leitor informa\u00e7\u00f5es de qualidade sobre turismo, esporte, arte e cultura, economia, mercado e pol\u00edtica.","publisher":{"@id":"https:\/\/www.vivagrandebh.com.br\/revista\/#organization"},"potentialAction":[{"@type":"SearchAction","target":{"@type":"EntryPoint","urlTemplate":"https:\/\/www.vivagrandebh.com.br\/revista\/?s={search_term_string}"},"query-input":"required name=search_term_string"}],"inLanguage":"pt-BR"},{"@type":"Organization","@id":"https:\/\/www.vivagrandebh.com.br\/revista\/#organization","name":"Revista Viva","url":"https:\/\/www.vivagrandebh.com.br\/revista\/","logo":{"@type":"ImageObject","inLanguage":"pt-BR","@id":"https:\/\/www.vivagrandebh.com.br\/revista\/#\/schema\/logo\/image\/","url":"https:\/\/www.vivagrandebh.com.br\/revista\/wp-content\/uploads\/2020\/07\/logo-viva-e1599687783656.png","contentUrl":"https:\/\/www.vivagrandebh.com.br\/revista\/wp-content\/uploads\/2020\/07\/logo-viva-e1599687783656.png","width":300,"height":90,"caption":"Revista Viva"},"image":{"@id":"https:\/\/www.vivagrandebh.com.br\/revista\/#\/schema\/logo\/image\/"},"sameAs":["https:\/\/www.facebook.com\/revistavivagdebh\/","https:\/\/www.instagram.com\/vivagrandebh\/?hl=pt-br","https:\/\/www.youtube.com\/channel\/UCmdQd1O5bVMGARYL5RU8H-w\/about"]},{"@type":"Person","@id":"https:\/\/www.vivagrandebh.com.br\/revista\/#\/schema\/person\/f73d5d0d49e47e0d943eeca2fc6a3b6b","name":"VivaOnline","image":{"@type":"ImageObject","inLanguage":"pt-BR","@id":"https:\/\/www.vivagrandebh.com.br\/revista\/#\/schema\/person\/image\/","url":"https:\/\/secure.gravatar.com\/avatar\/7feec83b98a3f1834b033ae814fc2b75?s=96&d=mm&r=g","contentUrl":"https:\/\/secure.gravatar.com\/avatar\/7feec83b98a3f1834b033ae814fc2b75?s=96&d=mm&r=g","caption":"VivaOnline"},"url":"https:\/\/www.vivagrandebh.com.br\/revista\/author\/vivaonline\/"}]}},"_links":{"self":[{"href":"https:\/\/www.vivagrandebh.com.br\/revista\/wp-json\/wp\/v2\/posts\/3736"}],"collection":[{"href":"https:\/\/www.vivagrandebh.com.br\/revista\/wp-json\/wp\/v2\/posts"}],"about":[{"href":"https:\/\/www.vivagrandebh.com.br\/revista\/wp-json\/wp\/v2\/types\/post"}],"author":[{"embeddable":true,"href":"https:\/\/www.vivagrandebh.com.br\/revista\/wp-json\/wp\/v2\/users\/3"}],"replies":[{"embeddable":true,"href":"https:\/\/www.vivagrandebh.com.br\/revista\/wp-json\/wp\/v2\/comments?post=3736"}],"version-history":[{"count":10,"href":"https:\/\/www.vivagrandebh.com.br\/revista\/wp-json\/wp\/v2\/posts\/3736\/revisions"}],"predecessor-version":[{"id":3763,"href":"https:\/\/www.vivagrandebh.com.br\/revista\/wp-json\/wp\/v2\/posts\/3736\/revisions\/3763"}],"wp:featuredmedia":[{"embeddable":true,"href":"https:\/\/www.vivagrandebh.com.br\/revista\/wp-json\/wp\/v2\/media\/3739"}],"wp:attachment":[{"href":"https:\/\/www.vivagrandebh.com.br\/revista\/wp-json\/wp\/v2\/media?parent=3736"}],"wp:term":[{"taxonomy":"category","embeddable":true,"href":"https:\/\/www.vivagrandebh.com.br\/revista\/wp-json\/wp\/v2\/categories?post=3736"},{"taxonomy":"post_tag","embeddable":true,"href":"https:\/\/www.vivagrandebh.com.br\/revista\/wp-json\/wp\/v2\/tags?post=3736"}],"curies":[{"name":"wp","href":"https:\/\/api.w.org\/{rel}","templated":true}]}}