{"id":3565,"date":"2020-09-23T14:54:22","date_gmt":"2020-09-23T17:54:22","guid":{"rendered":"https:\/\/www.vivagrandebh.com.br\/revista\/?p=3565"},"modified":"2020-09-23T15:33:38","modified_gmt":"2020-09-23T18:33:38","slug":"entre-poses-como-modelo-e-assentamento-de-tijolos-chay-miguel-ensina-na-pratica-o-que-e-o-empreendedorismo-social","status":"publish","type":"post","link":"https:\/\/www.vivagrandebh.com.br\/revista\/entre-poses-como-modelo-e-assentamento-de-tijolos-chay-miguel-ensina-na-pratica-o-que-e-o-empreendedorismo-social\/","title":{"rendered":"Entre poses como modelo e assentamento de tijolos, Chay Miguel ensina na pr\u00e1tica o que \u00e9 o empreendedorismo social"},"content":{"rendered":"\t\t<div data-elementor-type=\"wp-post\" data-elementor-id=\"3565\" class=\"elementor elementor-3565\">\n\t\t\t\t\t\t\t\t\t<section class=\"elementor-section elementor-top-section elementor-element elementor-element-a285f5e elementor-section-boxed elementor-section-height-default elementor-section-height-default\" data-id=\"a285f5e\" data-element_type=\"section\">\n\t\t\t\t\t\t<div class=\"elementor-container elementor-column-gap-default\">\n\t\t\t\t\t<div class=\"elementor-column elementor-col-100 elementor-top-column elementor-element elementor-element-7c598cf\" data-id=\"7c598cf\" data-element_type=\"column\">\n\t\t\t<div class=\"elementor-widget-wrap elementor-element-populated\">\n\t\t\t\t\t\t\t\t<div class=\"elementor-element elementor-element-f17693a elementor-widget elementor-widget-text-editor\" data-id=\"f17693a\" data-element_type=\"widget\" data-widget_type=\"text-editor.default\">\n\t\t\t\t<div class=\"elementor-widget-container\">\n\t\t\t\t\t\t\t<p><span style=\"color: #333333;\"><em>Cheyenne Pereira Miguel, ou simplesmente Chay Miguel, \u00e9 uma mo\u00e7a de 31 anos, nascida e criada em Contagem e que h\u00e1 tr\u00eas anos reside na ocupa\u00e7\u00e3o Paulo Freire no Barreiro. Militante h\u00e1 cinco anos em um movimento que luta por moradia, \u00e9 m\u00e3e do pequeno Yan, de 10 anos, e tem constru\u00eddo sozinha a pr\u00f3pria casa. Sim. Ela coloca a m\u00e3o na massa e com o aprendizado que teve por meio o projeto Arquitetura na Periferia tem erguido sua morada e hoje ajuda outras mulheres a fazerem o mesmo. Al\u00e9m de tudo isso, Chay tamb\u00e9m \u00e9 modelo fotogr\u00e1fica.<\/em><\/span><\/p><p><span style=\"color: #333333;\"><em>Filha de Rosemary das Gra\u00e7as Pereira e Jos\u00e9 Tarc\u00edsio Miguel, Chay \u00e9 a quinta de sete irm\u00e3os, por isso desde pequena aprendeu os valores da solidariedade. \u201cMinha m\u00e3e faleceu muito nova e n\u00f3s tivemos que nos virarmos para sobreviver. Eu ainda ajudei a cuidar de dois irm\u00e3os mais novos, que hoje moram fora do pa\u00eds\u201d, revela.<\/em><\/span><\/p><p><span style=\"color: #333333;\"><em>Ela estudou at\u00e9 completar o ensino m\u00e9dio e mesmo sem ter cursado uma faculdade, tornou-se empreendedora. Antes disso, nunca teve medo do trabalho, foi copeira, limpadora de vidros e vendedora. Hoje divide seu tempo entre os cliques como modelo e assentamento de tijolos e piso. Algo impens\u00e1vel para qualquer menina, n\u00e3o para Chay.<\/em><\/span><\/p>\t\t\t\t\t\t<\/div>\n\t\t\t\t<\/div>\n\t\t\t\t\t<\/div>\n\t\t<\/div>\n\t\t\t\t\t\t\t<\/div>\n\t\t<\/section>\n\t\t\t\t<section class=\"elementor-section elementor-top-section elementor-element elementor-element-8425156 elementor-section-boxed elementor-section-height-default elementor-section-height-default\" data-id=\"8425156\" data-element_type=\"section\">\n\t\t\t\t\t\t<div class=\"elementor-container elementor-column-gap-default\">\n\t\t\t\t\t<div class=\"elementor-column elementor-col-100 elementor-top-column elementor-element elementor-element-9777139\" data-id=\"9777139\" data-element_type=\"column\">\n\t\t\t<div class=\"elementor-widget-wrap elementor-element-populated\">\n\t\t\t\t\t\t\t\t<div class=\"elementor-element elementor-element-6bd3339 elementor-widget elementor-widget-text-editor\" data-id=\"6bd3339\" data-element_type=\"widget\" data-widget_type=\"text-editor.default\">\n\t\t\t\t<div class=\"elementor-widget-container\">\n\t\t\t\t\t\t\t<h3 style=\"text-align: center;\"><span style=\"color: #000000;\">Hist\u00f3ria de abusos e supera\u00e7\u00e3o<\/span><\/h3><p><img decoding=\"async\" class=\"size-medium wp-image-3571 alignleft\" src=\"https:\/\/www.vivagrandebh.com.br\/revista\/wp-content\/uploads\/2020\/09\/Chay-157x300.jpg\" alt=\"\" width=\"157\" height=\"300\" srcset=\"https:\/\/www.vivagrandebh.com.br\/revista\/wp-content\/uploads\/2020\/09\/Chay-157x300.jpg 157w, https:\/\/www.vivagrandebh.com.br\/revista\/wp-content\/uploads\/2020\/09\/Chay-535x1024.jpg 535w, https:\/\/www.vivagrandebh.com.br\/revista\/wp-content\/uploads\/2020\/09\/Chay.jpg 627w\" sizes=\"(max-width: 157px) 100vw, 157px\" \/><span style=\"color: #000000;\">Acreditando que viveria um sonho, Chay acabou se casando cedo, mas a vida conjugal se tornou um grande pesadelo. <em>\u201cVivi um relacionamento extremamente abusivo, com agress\u00f5es e se eu n\u00e3o tivesse tido for\u00e7as para sair, hoje eu faria parte das estat\u00edsticas das mulheres v\u00edtimas de viol\u00eancia de g\u00eanero\u201d<\/em>, lamenta.\u00a0 Mas, h\u00e1 cinco anos ela conseguiu dar a volta por cima, est\u00e1 reconstruindo tudo que perdeu e, sozinha, cuida do filho.<\/span><\/p><p><span style=\"color: #000000;\">Foi nesse turbilh\u00e3o de acontecimentos que ela foi conheceu o Movimento de luta nos Bairros, Vilas e Favelas (MLB) do qual faz parte e se tornou coordenadora no bairro onde mora. <em>\u201cN\u00f3s lutamos por moradia e por muitas outras coisas tamb\u00e9m. Consegui meu cantinho e aos poucos vou levantando minha casinha\u201d<\/em>, conta com voz firme, por\u00e9m serena.<\/span><\/p><p><span style=\"color: #000000;\">Segundo Chay, o fato de ter sa\u00eddo de uma situa\u00e7\u00e3o complicada em seu antigo relacionamento, no qual chegou a pensar que n\u00e3o iria sobreviver, acabou lhe dando for\u00e7as para lutar e conquistar o seu espa\u00e7o. <em>\u201cAs minhas for\u00e7as vem do meu filho e de Deus e quando consegui me reerguer, comecei a olhar para mim e foi ent\u00e3o que me tornei modelo fotogr\u00e1fico\u201d<\/em>, revela.<\/span><\/p><h3><span style=\"color: #000000;\">Empreendedorismo na moda<\/span><\/h3><p><span style=\"color: #000000;\"><img fetchpriority=\"high\" decoding=\"async\" class=\"size-medium wp-image-3576 alignright\" src=\"https:\/\/www.vivagrandebh.com.br\/revista\/wp-content\/uploads\/2020\/09\/Chay-1-281x300.jpg\" alt=\"\" width=\"281\" height=\"300\" srcset=\"https:\/\/www.vivagrandebh.com.br\/revista\/wp-content\/uploads\/2020\/09\/Chay-1-281x300.jpg 281w, https:\/\/www.vivagrandebh.com.br\/revista\/wp-content\/uploads\/2020\/09\/Chay-1-960x1024.jpg 960w, https:\/\/www.vivagrandebh.com.br\/revista\/wp-content\/uploads\/2020\/09\/Chay-1-768x820.jpg 768w, https:\/\/www.vivagrandebh.com.br\/revista\/wp-content\/uploads\/2020\/09\/Chay-1-1439x1536.jpg 1439w, https:\/\/www.vivagrandebh.com.br\/revista\/wp-content\/uploads\/2020\/09\/Chay-1-1919x2048.jpg 1919w\" sizes=\"(max-width: 281px) 100vw, 281px\" \/>Para ela, empreender \u00e9 quando voc\u00ea acredita em algo e investe nisso, al\u00e9m de desenvolver o lado social, sem deixar de ser rent\u00e1vel. \u201cEu estava h\u00e1 tempos procurando emprego CLT e n\u00e3o conseguia uma coloca\u00e7\u00e3o, ent\u00e3o decidi empreender, trabalhando primeiramente a minha imagem. Com isso, em 2016 investi na minha carreira de modelo, tamb\u00e9m impactando outras meninas que passaram ou ainda passam por problemas semelhantes aos meus\u201d, diz orgulhosa.<\/span><\/p><p><span style=\"color: #000000;\">Destaca-se que Chay \u00e9 fundadora, juntamente com o fot\u00f3grafo M\u00e1rcio Black, do projeto \u2018Pretas no Branco\u2019, que tem como objetivo valorizar a mulher negra. <em>\u201cAssim, conseguimos dar visibilidade para muitas meninas, al\u00e9m de conquistarmos importantes parcerias. O projeto ainda nos permite a oportunidade de criar produtos e torn\u00e1-los rent\u00e1veis. Eu, por exemplo, j\u00e1 produzo acess\u00f3rios e estou estudando bastante o mercado, participando de palestra e pesquisando\u201d, frisa.<\/em><\/span><\/p><p>\u00a0<\/p><h3><span style=\"color: #000000;\">Empreendedorismo na constru\u00e7\u00e3o civil<\/span><\/h3><p><span style=\"color: #000000;\">Al\u00e9m de ser uma empreendedora da moda e de lutar \u00e0 frente do MLB, Chay tamb\u00e9m faz parte do projeto Arquitetura na Periferia. \u201cComo moradora da Ocupa\u00e7\u00e3o Paulo Freire, conheci alunas antigas do projeto e com isso fiquei muito interessada. Estava sem dinheiro e precisava aprender algo. Fiquei maravilhada quando vi aquelas mulheres ensinando outras mulheres\u201d, conta.<\/span><\/p><p><img decoding=\"async\" class=\"aligncenter wp-image-3573\" src=\"https:\/\/www.vivagrandebh.com.br\/revista\/wp-content\/uploads\/2020\/09\/Chay-3-300x244.jpg\" alt=\"\" width=\"348\" height=\"283\" srcset=\"https:\/\/www.vivagrandebh.com.br\/revista\/wp-content\/uploads\/2020\/09\/Chay-3-300x244.jpg 300w, https:\/\/www.vivagrandebh.com.br\/revista\/wp-content\/uploads\/2020\/09\/Chay-3-768x625.jpg 768w, https:\/\/www.vivagrandebh.com.br\/revista\/wp-content\/uploads\/2020\/09\/Chay-3.jpg 922w\" sizes=\"(max-width: 348px) 100vw, 348px\" \/><\/p><p><span style=\"color: #000000;\">Como ela foi uma aluna aplicada, acabou recebendo o convite para integrar a equipe do projeto. \u201cEu j\u00e1 ensinei v\u00e1rias coisas e aprendo muitas outras. J\u00e1 fiz e ensinei outras meninas como assentar piso, como obter ao ponto certo de uma massa, a maneira correta de assentar um tijolo\u201d, revela com orgulho.<\/span><\/p><p><span style=\"color: #000000;\">Em sua pr\u00f3pria casa, foi Chay quem fez o piso do banheiro e da cozinha, at\u00e9 a parte el\u00e9trica foi ela quem providenciou. \u201cO dinheiro vai entrando e eu vou fazendo\u201d, completa, sorridente. Assim, como uma agente de mobiliza\u00e7\u00e3o no projeto Arquitetura na Periferia ela \u00e9 a grande respons\u00e1vel por reunir as mulheres das ocupa\u00e7\u00f5es Eliana Silva e Paulo Freira (Regi\u00e3o do Barreiro) e realizar os primeiros encontros, al\u00e9m de ajudar a cuidar das finan\u00e7as e da organiza\u00e7\u00e3o das oficinas e workshops.<\/span><\/p><p><span style=\"color: #000000;\">Recentemente, Chay e as meninas do projeto atuaram fortemente pela resolu\u00e7\u00e3o dos problemas causados pelas fortes chuvas que assolaram a regi\u00e3o. \u201cTivemos que fazer v\u00e1rias interven\u00e7\u00f5es em muitas casas, inclusive na minha. Uma vez que ainda lutamos para que a Copasa e a Cemig cheguem at\u00e9 n\u00f3s, o projeto Arquitetura na Periferia \u00e9 fundamental para que possamos seguir com nossos lares nas ocupa\u00e7\u00f5es\u201d, conclui.<\/span><\/p>\t\t\t\t\t\t<\/div>\n\t\t\t\t<\/div>\n\t\t\t\t\t<\/div>\n\t\t<\/div>\n\t\t\t\t\t\t\t<\/div>\n\t\t<\/section>\n\t\t\t\t<section class=\"elementor-section elementor-top-section elementor-element elementor-element-d1b6f8a elementor-section-boxed elementor-section-height-default elementor-section-height-default\" data-id=\"d1b6f8a\" data-element_type=\"section\">\n\t\t\t\t\t\t<div class=\"elementor-container elementor-column-gap-default\">\n\t\t\t\t\t<div class=\"elementor-column elementor-col-100 elementor-top-column elementor-element elementor-element-9bb6e04\" data-id=\"9bb6e04\" data-element_type=\"column\">\n\t\t\t<div class=\"elementor-widget-wrap elementor-element-populated\">\n\t\t\t\t\t\t\t\t<div class=\"elementor-element elementor-element-feed49d elementor-widget elementor-widget-text-editor\" data-id=\"feed49d\" data-element_type=\"widget\" data-widget_type=\"text-editor.default\">\n\t\t\t\t<div class=\"elementor-widget-container\">\n\t\t\t\t\t\t\t<figure id=\"attachment_3577\" aria-describedby=\"caption-attachment-3577\" style=\"width: 300px\" class=\"wp-caption aligncenter\"><img loading=\"lazy\" decoding=\"async\" class=\"size-medium wp-image-3577\" src=\"https:\/\/www.vivagrandebh.com.br\/revista\/wp-content\/uploads\/2020\/09\/Chay-2-300x300.jpg\" alt=\"+55 31 9381.6251 chayyanmiguel@gmail.com Intagram\/ chaymiguelmodel\" width=\"300\" height=\"300\" srcset=\"https:\/\/www.vivagrandebh.com.br\/revista\/wp-content\/uploads\/2020\/09\/Chay-2-300x300.jpg 300w, https:\/\/www.vivagrandebh.com.br\/revista\/wp-content\/uploads\/2020\/09\/Chay-2-150x150.jpg 150w, https:\/\/www.vivagrandebh.com.br\/revista\/wp-content\/uploads\/2020\/09\/Chay-2-768x768.jpg 768w, https:\/\/www.vivagrandebh.com.br\/revista\/wp-content\/uploads\/2020\/09\/Chay-2.jpg 853w\" sizes=\"(max-width: 300px) 100vw, 300px\" \/><figcaption id=\"caption-attachment-3577\" class=\"wp-caption-text\">+55 31 9381.6251 chayyanmiguel@gmail.com Intagram\/ chaymiguelmodel<\/figcaption><\/figure>\t\t\t\t\t\t<\/div>\n\t\t\t\t<\/div>\n\t\t\t\t\t<\/div>\n\t\t<\/div>\n\t\t\t\t\t\t\t<\/div>\n\t\t<\/section>\n\t\t\t\t\t\t\t<\/div>\n\t\t","protected":false},"excerpt":{"rendered":"<p>Cheyenne Pereira Miguel, ou simplesmente Chay Miguel, \u00e9 uma mo\u00e7a de 31 anos, nascida e criada em Contagem e que h\u00e1 tr\u00eas anos reside na ocupa\u00e7\u00e3o Paulo Freire no Barreiro. Militante h\u00e1 cinco anos em um movimento que luta por moradia, \u00e9 m\u00e3e do pequeno Yan, de 10 anos, e tem constru\u00eddo sozinha a pr\u00f3pria [&hellip;]<\/p>\n","protected":false},"author":3,"featured_media":3566,"comment_status":"closed","ping_status":"open","sticky":false,"template":"","format":"standard","meta":{"footnotes":""},"categories":[64,65],"tags":[],"yoast_head":"<!-- This site is optimized with the Yoast SEO plugin v21.7 - https:\/\/yoast.com\/wordpress\/plugins\/seo\/ -->\n<title>Entre poses como modelo e assentamento de tijolos, Chay Miguel ensina na pr\u00e1tica o que \u00e9 o empreendedorismo social - Revista Viva Grande BH<\/title>\n<meta name=\"robots\" content=\"index, follow, max-snippet:-1, max-image-preview:large, max-video-preview:-1\" \/>\n<link rel=\"canonical\" href=\"https:\/\/www.vivagrandebh.com.br\/revista\/entre-poses-como-modelo-e-assentamento-de-tijolos-chay-miguel-ensina-na-pratica-o-que-e-o-empreendedorismo-social\/\" \/>\n<meta property=\"og:locale\" content=\"pt_BR\" \/>\n<meta property=\"og:type\" content=\"article\" \/>\n<meta property=\"og:title\" content=\"Entre poses como modelo e assentamento de tijolos, Chay Miguel ensina na pr\u00e1tica o que \u00e9 o empreendedorismo social - Revista Viva Grande BH\" \/>\n<meta property=\"og:description\" content=\"Cheyenne Pereira Miguel, ou simplesmente Chay Miguel, \u00e9 uma mo\u00e7a de 31 anos, nascida e criada em Contagem e que h\u00e1 tr\u00eas anos reside na ocupa\u00e7\u00e3o Paulo Freire no Barreiro. Militante h\u00e1 cinco anos em um movimento que luta por moradia, \u00e9 m\u00e3e do pequeno Yan, de 10 anos, e tem constru\u00eddo sozinha a pr\u00f3pria [&hellip;]\" \/>\n<meta property=\"og:url\" content=\"https:\/\/www.vivagrandebh.com.br\/revista\/entre-poses-como-modelo-e-assentamento-de-tijolos-chay-miguel-ensina-na-pratica-o-que-e-o-empreendedorismo-social\/\" \/>\n<meta property=\"og:site_name\" content=\"Revista Viva Grande BH\" \/>\n<meta property=\"article:publisher\" content=\"https:\/\/www.facebook.com\/revistavivagdebh\/\" \/>\n<meta property=\"article:published_time\" content=\"2020-09-23T17:54:22+00:00\" \/>\n<meta property=\"article:modified_time\" content=\"2020-09-23T18:33:38+00:00\" \/>\n<meta property=\"og:image\" content=\"https:\/\/www.vivagrandebh.com.br\/revista\/wp-content\/uploads\/2020\/09\/Sem-Titulo-1.jpg\" \/>\n\t<meta property=\"og:image:width\" content=\"850\" \/>\n\t<meta property=\"og:image:height\" content=\"560\" \/>\n\t<meta property=\"og:image:type\" content=\"image\/jpeg\" \/>\n<meta name=\"author\" content=\"VivaOnline\" \/>\n<meta name=\"twitter:card\" content=\"summary_large_image\" \/>\n<meta name=\"twitter:label1\" content=\"Escrito por\" \/>\n\t<meta name=\"twitter:data1\" content=\"VivaOnline\" \/>\n\t<meta name=\"twitter:label2\" content=\"Est. tempo de leitura\" \/>\n\t<meta name=\"twitter:data2\" content=\"4 minutos\" \/>\n<script type=\"application\/ld+json\" class=\"yoast-schema-graph\">{\"@context\":\"https:\/\/schema.org\",\"@graph\":[{\"@type\":\"Article\",\"@id\":\"https:\/\/www.vivagrandebh.com.br\/revista\/entre-poses-como-modelo-e-assentamento-de-tijolos-chay-miguel-ensina-na-pratica-o-que-e-o-empreendedorismo-social\/#article\",\"isPartOf\":{\"@id\":\"https:\/\/www.vivagrandebh.com.br\/revista\/entre-poses-como-modelo-e-assentamento-de-tijolos-chay-miguel-ensina-na-pratica-o-que-e-o-empreendedorismo-social\/\"},\"author\":{\"name\":\"VivaOnline\",\"@id\":\"https:\/\/www.vivagrandebh.com.br\/revista\/#\/schema\/person\/f73d5d0d49e47e0d943eeca2fc6a3b6b\"},\"headline\":\"Entre poses como modelo e assentamento de tijolos, Chay Miguel ensina na pr\u00e1tica o que \u00e9 o empreendedorismo social\",\"datePublished\":\"2020-09-23T17:54:22+00:00\",\"dateModified\":\"2020-09-23T18:33:38+00:00\",\"mainEntityOfPage\":{\"@id\":\"https:\/\/www.vivagrandebh.com.br\/revista\/entre-poses-como-modelo-e-assentamento-de-tijolos-chay-miguel-ensina-na-pratica-o-que-e-o-empreendedorismo-social\/\"},\"wordCount\":893,\"publisher\":{\"@id\":\"https:\/\/www.vivagrandebh.com.br\/revista\/#organization\"},\"articleSection\":[\"Neg\u00f3cios e Empreendedorismo\",\"Responsabilidade Social\"],\"inLanguage\":\"pt-BR\"},{\"@type\":\"WebPage\",\"@id\":\"https:\/\/www.vivagrandebh.com.br\/revista\/entre-poses-como-modelo-e-assentamento-de-tijolos-chay-miguel-ensina-na-pratica-o-que-e-o-empreendedorismo-social\/\",\"url\":\"https:\/\/www.vivagrandebh.com.br\/revista\/entre-poses-como-modelo-e-assentamento-de-tijolos-chay-miguel-ensina-na-pratica-o-que-e-o-empreendedorismo-social\/\",\"name\":\"Entre poses como modelo e assentamento de tijolos, Chay Miguel ensina na pr\u00e1tica o que \u00e9 o empreendedorismo social - Revista Viva Grande BH\",\"isPartOf\":{\"@id\":\"https:\/\/www.vivagrandebh.com.br\/revista\/#website\"},\"datePublished\":\"2020-09-23T17:54:22+00:00\",\"dateModified\":\"2020-09-23T18:33:38+00:00\",\"breadcrumb\":{\"@id\":\"https:\/\/www.vivagrandebh.com.br\/revista\/entre-poses-como-modelo-e-assentamento-de-tijolos-chay-miguel-ensina-na-pratica-o-que-e-o-empreendedorismo-social\/#breadcrumb\"},\"inLanguage\":\"pt-BR\",\"potentialAction\":[{\"@type\":\"ReadAction\",\"target\":[\"https:\/\/www.vivagrandebh.com.br\/revista\/entre-poses-como-modelo-e-assentamento-de-tijolos-chay-miguel-ensina-na-pratica-o-que-e-o-empreendedorismo-social\/\"]}]},{\"@type\":\"BreadcrumbList\",\"@id\":\"https:\/\/www.vivagrandebh.com.br\/revista\/entre-poses-como-modelo-e-assentamento-de-tijolos-chay-miguel-ensina-na-pratica-o-que-e-o-empreendedorismo-social\/#breadcrumb\",\"itemListElement\":[{\"@type\":\"ListItem\",\"position\":1,\"name\":\"In\u00edcio\",\"item\":\"https:\/\/www.vivagrandebh.com.br\/revista\/\"},{\"@type\":\"ListItem\",\"position\":2,\"name\":\"Entre poses como modelo e assentamento de tijolos, Chay Miguel ensina na pr\u00e1tica o que \u00e9 o empreendedorismo social\"}]},{\"@type\":\"WebSite\",\"@id\":\"https:\/\/www.vivagrandebh.com.br\/revista\/#website\",\"url\":\"https:\/\/www.vivagrandebh.com.br\/revista\/\",\"name\":\"Revista Viva Grande BH\",\"description\":\"a Viva Grande BH leva ao leitor informa\u00e7\u00f5es de qualidade sobre turismo, esporte, arte e cultura, economia, mercado e pol\u00edtica.\",\"publisher\":{\"@id\":\"https:\/\/www.vivagrandebh.com.br\/revista\/#organization\"},\"potentialAction\":[{\"@type\":\"SearchAction\",\"target\":{\"@type\":\"EntryPoint\",\"urlTemplate\":\"https:\/\/www.vivagrandebh.com.br\/revista\/?s={search_term_string}\"},\"query-input\":\"required name=search_term_string\"}],\"inLanguage\":\"pt-BR\"},{\"@type\":\"Organization\",\"@id\":\"https:\/\/www.vivagrandebh.com.br\/revista\/#organization\",\"name\":\"Revista Viva\",\"url\":\"https:\/\/www.vivagrandebh.com.br\/revista\/\",\"logo\":{\"@type\":\"ImageObject\",\"inLanguage\":\"pt-BR\",\"@id\":\"https:\/\/www.vivagrandebh.com.br\/revista\/#\/schema\/logo\/image\/\",\"url\":\"https:\/\/www.vivagrandebh.com.br\/revista\/wp-content\/uploads\/2020\/07\/logo-viva-e1599687783656.png\",\"contentUrl\":\"https:\/\/www.vivagrandebh.com.br\/revista\/wp-content\/uploads\/2020\/07\/logo-viva-e1599687783656.png\",\"width\":300,\"height\":90,\"caption\":\"Revista Viva\"},\"image\":{\"@id\":\"https:\/\/www.vivagrandebh.com.br\/revista\/#\/schema\/logo\/image\/\"},\"sameAs\":[\"https:\/\/www.facebook.com\/revistavivagdebh\/\",\"https:\/\/www.instagram.com\/vivagrandebh\/?hl=pt-br\",\"https:\/\/www.youtube.com\/channel\/UCmdQd1O5bVMGARYL5RU8H-w\/about\"]},{\"@type\":\"Person\",\"@id\":\"https:\/\/www.vivagrandebh.com.br\/revista\/#\/schema\/person\/f73d5d0d49e47e0d943eeca2fc6a3b6b\",\"name\":\"VivaOnline\",\"image\":{\"@type\":\"ImageObject\",\"inLanguage\":\"pt-BR\",\"@id\":\"https:\/\/www.vivagrandebh.com.br\/revista\/#\/schema\/person\/image\/\",\"url\":\"https:\/\/secure.gravatar.com\/avatar\/7feec83b98a3f1834b033ae814fc2b75?s=96&d=mm&r=g\",\"contentUrl\":\"https:\/\/secure.gravatar.com\/avatar\/7feec83b98a3f1834b033ae814fc2b75?s=96&d=mm&r=g\",\"caption\":\"VivaOnline\"},\"url\":\"https:\/\/www.vivagrandebh.com.br\/revista\/author\/vivaonline\/\"}]}<\/script>\n<!-- \/ Yoast SEO plugin. -->","yoast_head_json":{"title":"Entre poses como modelo e assentamento de tijolos, Chay Miguel ensina na pr\u00e1tica o que \u00e9 o empreendedorismo social - Revista Viva Grande BH","robots":{"index":"index","follow":"follow","max-snippet":"max-snippet:-1","max-image-preview":"max-image-preview:large","max-video-preview":"max-video-preview:-1"},"canonical":"https:\/\/www.vivagrandebh.com.br\/revista\/entre-poses-como-modelo-e-assentamento-de-tijolos-chay-miguel-ensina-na-pratica-o-que-e-o-empreendedorismo-social\/","og_locale":"pt_BR","og_type":"article","og_title":"Entre poses como modelo e assentamento de tijolos, Chay Miguel ensina na pr\u00e1tica o que \u00e9 o empreendedorismo social - Revista Viva Grande BH","og_description":"Cheyenne Pereira Miguel, ou simplesmente Chay Miguel, \u00e9 uma mo\u00e7a de 31 anos, nascida e criada em Contagem e que h\u00e1 tr\u00eas anos reside na ocupa\u00e7\u00e3o Paulo Freire no Barreiro. Militante h\u00e1 cinco anos em um movimento que luta por moradia, \u00e9 m\u00e3e do pequeno Yan, de 10 anos, e tem constru\u00eddo sozinha a pr\u00f3pria [&hellip;]","og_url":"https:\/\/www.vivagrandebh.com.br\/revista\/entre-poses-como-modelo-e-assentamento-de-tijolos-chay-miguel-ensina-na-pratica-o-que-e-o-empreendedorismo-social\/","og_site_name":"Revista Viva Grande BH","article_publisher":"https:\/\/www.facebook.com\/revistavivagdebh\/","article_published_time":"2020-09-23T17:54:22+00:00","article_modified_time":"2020-09-23T18:33:38+00:00","og_image":[{"width":850,"height":560,"url":"https:\/\/www.vivagrandebh.com.br\/revista\/wp-content\/uploads\/2020\/09\/Sem-Titulo-1.jpg","type":"image\/jpeg"}],"author":"VivaOnline","twitter_card":"summary_large_image","twitter_misc":{"Escrito por":"VivaOnline","Est. tempo de leitura":"4 minutos"},"schema":{"@context":"https:\/\/schema.org","@graph":[{"@type":"Article","@id":"https:\/\/www.vivagrandebh.com.br\/revista\/entre-poses-como-modelo-e-assentamento-de-tijolos-chay-miguel-ensina-na-pratica-o-que-e-o-empreendedorismo-social\/#article","isPartOf":{"@id":"https:\/\/www.vivagrandebh.com.br\/revista\/entre-poses-como-modelo-e-assentamento-de-tijolos-chay-miguel-ensina-na-pratica-o-que-e-o-empreendedorismo-social\/"},"author":{"name":"VivaOnline","@id":"https:\/\/www.vivagrandebh.com.br\/revista\/#\/schema\/person\/f73d5d0d49e47e0d943eeca2fc6a3b6b"},"headline":"Entre poses como modelo e assentamento de tijolos, Chay Miguel ensina na pr\u00e1tica o que \u00e9 o empreendedorismo social","datePublished":"2020-09-23T17:54:22+00:00","dateModified":"2020-09-23T18:33:38+00:00","mainEntityOfPage":{"@id":"https:\/\/www.vivagrandebh.com.br\/revista\/entre-poses-como-modelo-e-assentamento-de-tijolos-chay-miguel-ensina-na-pratica-o-que-e-o-empreendedorismo-social\/"},"wordCount":893,"publisher":{"@id":"https:\/\/www.vivagrandebh.com.br\/revista\/#organization"},"articleSection":["Neg\u00f3cios e Empreendedorismo","Responsabilidade Social"],"inLanguage":"pt-BR"},{"@type":"WebPage","@id":"https:\/\/www.vivagrandebh.com.br\/revista\/entre-poses-como-modelo-e-assentamento-de-tijolos-chay-miguel-ensina-na-pratica-o-que-e-o-empreendedorismo-social\/","url":"https:\/\/www.vivagrandebh.com.br\/revista\/entre-poses-como-modelo-e-assentamento-de-tijolos-chay-miguel-ensina-na-pratica-o-que-e-o-empreendedorismo-social\/","name":"Entre poses como modelo e assentamento de tijolos, Chay Miguel ensina na pr\u00e1tica o que \u00e9 o empreendedorismo social - Revista Viva Grande BH","isPartOf":{"@id":"https:\/\/www.vivagrandebh.com.br\/revista\/#website"},"datePublished":"2020-09-23T17:54:22+00:00","dateModified":"2020-09-23T18:33:38+00:00","breadcrumb":{"@id":"https:\/\/www.vivagrandebh.com.br\/revista\/entre-poses-como-modelo-e-assentamento-de-tijolos-chay-miguel-ensina-na-pratica-o-que-e-o-empreendedorismo-social\/#breadcrumb"},"inLanguage":"pt-BR","potentialAction":[{"@type":"ReadAction","target":["https:\/\/www.vivagrandebh.com.br\/revista\/entre-poses-como-modelo-e-assentamento-de-tijolos-chay-miguel-ensina-na-pratica-o-que-e-o-empreendedorismo-social\/"]}]},{"@type":"BreadcrumbList","@id":"https:\/\/www.vivagrandebh.com.br\/revista\/entre-poses-como-modelo-e-assentamento-de-tijolos-chay-miguel-ensina-na-pratica-o-que-e-o-empreendedorismo-social\/#breadcrumb","itemListElement":[{"@type":"ListItem","position":1,"name":"In\u00edcio","item":"https:\/\/www.vivagrandebh.com.br\/revista\/"},{"@type":"ListItem","position":2,"name":"Entre poses como modelo e assentamento de tijolos, Chay Miguel ensina na pr\u00e1tica o que \u00e9 o empreendedorismo social"}]},{"@type":"WebSite","@id":"https:\/\/www.vivagrandebh.com.br\/revista\/#website","url":"https:\/\/www.vivagrandebh.com.br\/revista\/","name":"Revista Viva Grande BH","description":"a Viva Grande BH leva ao leitor informa\u00e7\u00f5es de qualidade sobre turismo, esporte, arte e cultura, economia, mercado e pol\u00edtica.","publisher":{"@id":"https:\/\/www.vivagrandebh.com.br\/revista\/#organization"},"potentialAction":[{"@type":"SearchAction","target":{"@type":"EntryPoint","urlTemplate":"https:\/\/www.vivagrandebh.com.br\/revista\/?s={search_term_string}"},"query-input":"required name=search_term_string"}],"inLanguage":"pt-BR"},{"@type":"Organization","@id":"https:\/\/www.vivagrandebh.com.br\/revista\/#organization","name":"Revista Viva","url":"https:\/\/www.vivagrandebh.com.br\/revista\/","logo":{"@type":"ImageObject","inLanguage":"pt-BR","@id":"https:\/\/www.vivagrandebh.com.br\/revista\/#\/schema\/logo\/image\/","url":"https:\/\/www.vivagrandebh.com.br\/revista\/wp-content\/uploads\/2020\/07\/logo-viva-e1599687783656.png","contentUrl":"https:\/\/www.vivagrandebh.com.br\/revista\/wp-content\/uploads\/2020\/07\/logo-viva-e1599687783656.png","width":300,"height":90,"caption":"Revista Viva"},"image":{"@id":"https:\/\/www.vivagrandebh.com.br\/revista\/#\/schema\/logo\/image\/"},"sameAs":["https:\/\/www.facebook.com\/revistavivagdebh\/","https:\/\/www.instagram.com\/vivagrandebh\/?hl=pt-br","https:\/\/www.youtube.com\/channel\/UCmdQd1O5bVMGARYL5RU8H-w\/about"]},{"@type":"Person","@id":"https:\/\/www.vivagrandebh.com.br\/revista\/#\/schema\/person\/f73d5d0d49e47e0d943eeca2fc6a3b6b","name":"VivaOnline","image":{"@type":"ImageObject","inLanguage":"pt-BR","@id":"https:\/\/www.vivagrandebh.com.br\/revista\/#\/schema\/person\/image\/","url":"https:\/\/secure.gravatar.com\/avatar\/7feec83b98a3f1834b033ae814fc2b75?s=96&d=mm&r=g","contentUrl":"https:\/\/secure.gravatar.com\/avatar\/7feec83b98a3f1834b033ae814fc2b75?s=96&d=mm&r=g","caption":"VivaOnline"},"url":"https:\/\/www.vivagrandebh.com.br\/revista\/author\/vivaonline\/"}]}},"_links":{"self":[{"href":"https:\/\/www.vivagrandebh.com.br\/revista\/wp-json\/wp\/v2\/posts\/3565"}],"collection":[{"href":"https:\/\/www.vivagrandebh.com.br\/revista\/wp-json\/wp\/v2\/posts"}],"about":[{"href":"https:\/\/www.vivagrandebh.com.br\/revista\/wp-json\/wp\/v2\/types\/post"}],"author":[{"embeddable":true,"href":"https:\/\/www.vivagrandebh.com.br\/revista\/wp-json\/wp\/v2\/users\/3"}],"replies":[{"embeddable":true,"href":"https:\/\/www.vivagrandebh.com.br\/revista\/wp-json\/wp\/v2\/comments?post=3565"}],"version-history":[{"count":8,"href":"https:\/\/www.vivagrandebh.com.br\/revista\/wp-json\/wp\/v2\/posts\/3565\/revisions"}],"predecessor-version":[{"id":3581,"href":"https:\/\/www.vivagrandebh.com.br\/revista\/wp-json\/wp\/v2\/posts\/3565\/revisions\/3581"}],"wp:featuredmedia":[{"embeddable":true,"href":"https:\/\/www.vivagrandebh.com.br\/revista\/wp-json\/wp\/v2\/media\/3566"}],"wp:attachment":[{"href":"https:\/\/www.vivagrandebh.com.br\/revista\/wp-json\/wp\/v2\/media?parent=3565"}],"wp:term":[{"taxonomy":"category","embeddable":true,"href":"https:\/\/www.vivagrandebh.com.br\/revista\/wp-json\/wp\/v2\/categories?post=3565"},{"taxonomy":"post_tag","embeddable":true,"href":"https:\/\/www.vivagrandebh.com.br\/revista\/wp-json\/wp\/v2\/tags?post=3565"}],"curies":[{"name":"wp","href":"https:\/\/api.w.org\/{rel}","templated":true}]}}