{"id":3325,"date":"2020-08-05T15:11:40","date_gmt":"2020-08-05T18:11:40","guid":{"rendered":"https:\/\/www.vivagrandebh.com.br\/revista\/?p=3325"},"modified":"2020-10-22T10:47:07","modified_gmt":"2020-10-22T13:47:07","slug":"projeto-santa-leitura-foi-reformulado-e-esta-de-cara-nova","status":"publish","type":"post","link":"https:\/\/www.vivagrandebh.com.br\/revista\/projeto-santa-leitura-foi-reformulado-e-esta-de-cara-nova\/","title":{"rendered":"Projeto Santa Leitura foi reformulado e est\u00e1 de cara nova"},"content":{"rendered":"<p>Com a paralisa\u00e7\u00e3o brusca do planeta devido \u00e0 Covid-19, as crian\u00e7as foram obrigadas a ficarem fora das escolas, dentro de casa, muitas sem acesso \u00e0 internet e impossibilitadas de assistirem as aulas on-line. A partir da\u00ed veio a necessidade imediata de reinventar o projeto, nascendo ent\u00e3o o \u201cSanta Leitura &#8211; Rede Brasileira de Livros em Casa&#8221;.<\/p>\n<p>A nova roupagem do projeto disponibiliza, atrav\u00e9s de sacolas personalizadas, 10 livros (5 de literatura infantil e 5 de adulto), para as fam\u00edlias que se inscreverem. Uma vez por m\u00eas essas fam\u00edlias se encontram com as coordenadoras para comentar sobre o que leu, dar sugest\u00f5es sobre o projeto e realizar a troca das sacolas, de maneira que todo m\u00eas ter\u00e3o livros diferentes em suas casas.<\/p>\n<p>As primeiras 100 sacolas foram confeccionadas gratuitamente pela irm\u00e3 da idealizadora do projeto, Dagma Rodrigues, com o material doado por Ana Neres, da Comunidade Sagrada Fam\u00edlia.<\/p>\n<p>A distribui\u00e7\u00e3o das sacolas \u00e9 feita atrav\u00e9s de igrejas, escolas e associa\u00e7\u00f5es parceiras. O lan\u00e7amento foi na Comunidade Sagrada Fam\u00edlia, Conjunto Taquaril, sob a coordena\u00e7\u00e3o de Ant\u00f4nia e Ana Neres. Inicialmente, conta com 70 sacolas, totalizando 700 livros.<\/p>\n<p>O \u201cSanta Leitura &#8211; Rede Brasileira de Livros em Casa&#8221; chegar\u00e1 tamb\u00e9m no bairro Castanheiras, em Sabar\u00e1 \u2013 MG, sob a coordena\u00e7\u00e3o de Jana\u00edna Olinda e dona Concei\u00e7\u00e3o da pastoral local. Em seguida chegar\u00e1 em Ravena \u2013 MG, Cariacica \u2013 ES, Andr\u00e9 Carloni \u2013Serra \u2013 ES, Porto Seguro \u2013 BA, B\u00fazios \u2013 RJ, Myrtle Beach, Carolina do Sul \u2013 EUA, entre outros. \u201cA expectativa \u00e9 que o projeto alcance todo o Brasil\u201d, comenta Estella.<\/p>\n<p>O projeto \u00e9 volunt\u00e1rio, sem fins lucrativos. Quem deseja contribuir com doa\u00e7\u00f5es de livros infantis e material para a confec\u00e7\u00e3o de sacolas (pe\u00e7as de Americano Cru e Oxford), basta enviar um e-mail para projetoleituranapraca@gmail.com, para obter mais informa\u00e7\u00f5es.<\/p>\n<p>&nbsp;<\/p>\n<p>10 anos de Santa Leitura<\/p>\n<p>Em 2020, o projeto Santa Leitura completa 10 anos de exist\u00eancia e tem muito a comemorar. Durante esse tempo, foram centenas de livros e conta\u00e7\u00f5es de hist\u00f3rias ao ar livre entre \u00e1rvores e p\u00e1ssaros, incentivando o h\u00e1bito da leitura para pessoas de todas as idades. Hoje a idealizadora tem a sensa\u00e7\u00e3o de que o dever vem sendo cumprindo, sabendo que ainda h\u00e1 muito para fazer.<\/p>\n<p>\u201cS\u00e3o 10 anos de muita luta e alegria, com muita gente envolvida, entre contadores de hist\u00f3rias, oficineiros, escritores, poetas, doadores de livros e um retorno positivo por parte dos leitores. O despertar para a leitura \u00e9 uma ponte para diminuir as diferen\u00e7as sociais. Muitos depoimentos que recebo mostram que o projeto tem ajudado e modificado diversas crian\u00e7as e adultos\u201d, comemora Estella Cruzmel, idealizadora do projeto Santa Leitura, escritora de literatura infantil, com o quarto livro a caminho.<\/p>\n<p>&nbsp;<\/p>\n<p>Sobre o projeto<\/p>\n<p>O projeto \u201cSanta Leitura\u201d, de incentivo \u00e0 leitura, volunt\u00e1rio e sem fins lucrativos, nasceu em 2010, no fundo de uma loja de moda feminina, no bairro Ipiranga, que Estella Cruzmel, possu\u00eda. A biblioteca com o nome \u201cCantinho do Livro\u201d tinha o intuito de prestar um servi\u00e7o a mais para o cliente e para que eu pudesse ler nas horas vagas\u201d, conta a artista pl\u00e1stica e idealizadora do projeto. No in\u00edcio, fazia parte do acervo apenas os livros que ela tinha e cerca de outros cinquenta adquiridos. A biblioteca tomou um rumo repentino e passou a emprestar livros para toda a comunidade dos bairros Palmares, Uni\u00e3o, Cachoeirinha e Floresta. Com o passar do tempo, novas aquisi\u00e7\u00f5es eram feitas e muitas doa\u00e7\u00f5es de livros tamb\u00e9m. \u201cCom isso muitas pessoas, inclusive crian\u00e7as, passavam na loja todos os dias e ficavam a tarde toda lendo\u201d, comenta.<\/p>\n<p>Em meados de 2012, a convite de uma freira, Estella foi para a Comunidade Sagrada Fam\u00edlia no bairro Taquaril, onde as pessoas carentes passaram a ter mais acesso \u00e0 literatura.<\/p>\n<p>No primeiro domingo de abril de 2013 o projeto \u201cSanta Leitura\u201d teve in\u00edcio na Pra\u00e7a Duque de Caxias, em Santa Tereza. Depois diversas outras pra\u00e7as passaram a receber o projeto.<\/p>\n<p>Antes da pandemia, o projeto era realizado, em Belo Horizonte, na pra\u00e7a Salvador Morici, no bairro Floresta, na pra\u00e7a Negr\u00e3o de Lima, no bairro Col\u00e9gio Batista, na Comunidade Sagrada Fam\u00edlia, no bairro Novo Taquaril, no bairro Castanheiras, em Sabar\u00e1-MG e em B\u00fazios-RJ. Atuava tamb\u00e9m na Carolina do Sul (EUA) desde 2013, com eventos em pra\u00e7a p\u00fablica.<\/p>\n<p>Contatos:<br \/>\nEstella Cruzmel<br \/>\nE-mail: projetoleituranapraca@gmail.com<br \/>\nInstagram: @santaleitura.estellacruzmel<br \/>\nFacebook: facebook.com\/LeituraNaPraca<br \/>\nTelefone: (31) 99752-6952<br \/>\nAssessoria de Imprensa: Rachel Wardi Lopez<\/p>\n","protected":false},"excerpt":{"rendered":"<p>Com a paralisa\u00e7\u00e3o brusca do planeta devido \u00e0 Covid-19, as crian\u00e7as foram obrigadas a ficarem fora das escolas, dentro de casa, muitas sem acesso \u00e0 internet e impossibilitadas de assistirem as aulas on-line. A partir da\u00ed veio a necessidade imediata de reinventar o projeto, nascendo ent\u00e3o o \u201cSanta Leitura &#8211; Rede Brasileira de Livros em [&hellip;]<\/p>\n","protected":false},"author":3,"featured_media":3326,"comment_status":"closed","ping_status":"open","sticky":false,"template":"","format":"standard","meta":{"footnotes":""},"categories":[76],"tags":[],"yoast_head":"<!-- This site is optimized with the Yoast SEO plugin v21.7 - https:\/\/yoast.com\/wordpress\/plugins\/seo\/ -->\n<title>Projeto Santa Leitura foi reformulado e est\u00e1 de cara nova - Revista Viva Grande BH<\/title>\n<meta name=\"robots\" content=\"index, follow, max-snippet:-1, max-image-preview:large, max-video-preview:-1\" \/>\n<link rel=\"canonical\" href=\"https:\/\/www.vivagrandebh.com.br\/revista\/projeto-santa-leitura-foi-reformulado-e-esta-de-cara-nova\/\" \/>\n<meta property=\"og:locale\" content=\"pt_BR\" \/>\n<meta property=\"og:type\" content=\"article\" \/>\n<meta property=\"og:title\" content=\"Projeto Santa Leitura foi reformulado e est\u00e1 de cara nova - Revista Viva Grande BH\" \/>\n<meta property=\"og:description\" content=\"Com a paralisa\u00e7\u00e3o brusca do planeta devido \u00e0 Covid-19, as crian\u00e7as foram obrigadas a ficarem fora das escolas, dentro de casa, muitas sem acesso \u00e0 internet e impossibilitadas de assistirem as aulas on-line. A partir da\u00ed veio a necessidade imediata de reinventar o projeto, nascendo ent\u00e3o o \u201cSanta Leitura &#8211; Rede Brasileira de Livros em [&hellip;]\" \/>\n<meta property=\"og:url\" content=\"https:\/\/www.vivagrandebh.com.br\/revista\/projeto-santa-leitura-foi-reformulado-e-esta-de-cara-nova\/\" \/>\n<meta property=\"og:site_name\" content=\"Revista Viva Grande BH\" \/>\n<meta property=\"article:publisher\" content=\"https:\/\/www.facebook.com\/revistavivagdebh\/\" \/>\n<meta property=\"article:published_time\" content=\"2020-08-05T18:11:40+00:00\" \/>\n<meta property=\"article:modified_time\" content=\"2020-10-22T13:47:07+00:00\" \/>\n<meta property=\"og:image\" content=\"https:\/\/www.vivagrandebh.com.br\/revista\/wp-content\/uploads\/2020\/08\/Comunidade-Sagrada-Fam\u00edlia2.jpg\" \/>\n\t<meta property=\"og:image:width\" content=\"1024\" \/>\n\t<meta property=\"og:image:height\" content=\"768\" \/>\n\t<meta property=\"og:image:type\" content=\"image\/jpeg\" \/>\n<meta name=\"author\" content=\"VivaOnline\" \/>\n<meta name=\"twitter:card\" content=\"summary_large_image\" \/>\n<meta name=\"twitter:label1\" content=\"Escrito por\" \/>\n\t<meta name=\"twitter:data1\" content=\"VivaOnline\" \/>\n\t<meta name=\"twitter:label2\" content=\"Est. tempo de leitura\" \/>\n\t<meta name=\"twitter:data2\" content=\"4 minutos\" \/>\n<script type=\"application\/ld+json\" class=\"yoast-schema-graph\">{\"@context\":\"https:\/\/schema.org\",\"@graph\":[{\"@type\":\"Article\",\"@id\":\"https:\/\/www.vivagrandebh.com.br\/revista\/projeto-santa-leitura-foi-reformulado-e-esta-de-cara-nova\/#article\",\"isPartOf\":{\"@id\":\"https:\/\/www.vivagrandebh.com.br\/revista\/projeto-santa-leitura-foi-reformulado-e-esta-de-cara-nova\/\"},\"author\":{\"name\":\"VivaOnline\",\"@id\":\"https:\/\/www.vivagrandebh.com.br\/revista\/#\/schema\/person\/f73d5d0d49e47e0d943eeca2fc6a3b6b\"},\"headline\":\"Projeto Santa Leitura foi reformulado e est\u00e1 de cara nova\",\"datePublished\":\"2020-08-05T18:11:40+00:00\",\"dateModified\":\"2020-10-22T13:47:07+00:00\",\"mainEntityOfPage\":{\"@id\":\"https:\/\/www.vivagrandebh.com.br\/revista\/projeto-santa-leitura-foi-reformulado-e-esta-de-cara-nova\/\"},\"wordCount\":774,\"publisher\":{\"@id\":\"https:\/\/www.vivagrandebh.com.br\/revista\/#organization\"},\"articleSection\":[\"Literatura\"],\"inLanguage\":\"pt-BR\"},{\"@type\":\"WebPage\",\"@id\":\"https:\/\/www.vivagrandebh.com.br\/revista\/projeto-santa-leitura-foi-reformulado-e-esta-de-cara-nova\/\",\"url\":\"https:\/\/www.vivagrandebh.com.br\/revista\/projeto-santa-leitura-foi-reformulado-e-esta-de-cara-nova\/\",\"name\":\"Projeto Santa Leitura foi reformulado e est\u00e1 de cara nova - Revista Viva Grande BH\",\"isPartOf\":{\"@id\":\"https:\/\/www.vivagrandebh.com.br\/revista\/#website\"},\"datePublished\":\"2020-08-05T18:11:40+00:00\",\"dateModified\":\"2020-10-22T13:47:07+00:00\",\"breadcrumb\":{\"@id\":\"https:\/\/www.vivagrandebh.com.br\/revista\/projeto-santa-leitura-foi-reformulado-e-esta-de-cara-nova\/#breadcrumb\"},\"inLanguage\":\"pt-BR\",\"potentialAction\":[{\"@type\":\"ReadAction\",\"target\":[\"https:\/\/www.vivagrandebh.com.br\/revista\/projeto-santa-leitura-foi-reformulado-e-esta-de-cara-nova\/\"]}]},{\"@type\":\"BreadcrumbList\",\"@id\":\"https:\/\/www.vivagrandebh.com.br\/revista\/projeto-santa-leitura-foi-reformulado-e-esta-de-cara-nova\/#breadcrumb\",\"itemListElement\":[{\"@type\":\"ListItem\",\"position\":1,\"name\":\"In\u00edcio\",\"item\":\"https:\/\/www.vivagrandebh.com.br\/revista\/\"},{\"@type\":\"ListItem\",\"position\":2,\"name\":\"Projeto Santa Leitura foi reformulado e est\u00e1 de cara nova\"}]},{\"@type\":\"WebSite\",\"@id\":\"https:\/\/www.vivagrandebh.com.br\/revista\/#website\",\"url\":\"https:\/\/www.vivagrandebh.com.br\/revista\/\",\"name\":\"Revista Viva Grande BH\",\"description\":\"a Viva Grande BH leva ao leitor informa\u00e7\u00f5es de qualidade sobre turismo, esporte, arte e cultura, economia, mercado e pol\u00edtica.\",\"publisher\":{\"@id\":\"https:\/\/www.vivagrandebh.com.br\/revista\/#organization\"},\"potentialAction\":[{\"@type\":\"SearchAction\",\"target\":{\"@type\":\"EntryPoint\",\"urlTemplate\":\"https:\/\/www.vivagrandebh.com.br\/revista\/?s={search_term_string}\"},\"query-input\":\"required name=search_term_string\"}],\"inLanguage\":\"pt-BR\"},{\"@type\":\"Organization\",\"@id\":\"https:\/\/www.vivagrandebh.com.br\/revista\/#organization\",\"name\":\"Revista Viva\",\"url\":\"https:\/\/www.vivagrandebh.com.br\/revista\/\",\"logo\":{\"@type\":\"ImageObject\",\"inLanguage\":\"pt-BR\",\"@id\":\"https:\/\/www.vivagrandebh.com.br\/revista\/#\/schema\/logo\/image\/\",\"url\":\"https:\/\/www.vivagrandebh.com.br\/revista\/wp-content\/uploads\/2020\/07\/logo-viva-e1599687783656.png\",\"contentUrl\":\"https:\/\/www.vivagrandebh.com.br\/revista\/wp-content\/uploads\/2020\/07\/logo-viva-e1599687783656.png\",\"width\":300,\"height\":90,\"caption\":\"Revista Viva\"},\"image\":{\"@id\":\"https:\/\/www.vivagrandebh.com.br\/revista\/#\/schema\/logo\/image\/\"},\"sameAs\":[\"https:\/\/www.facebook.com\/revistavivagdebh\/\",\"https:\/\/www.instagram.com\/vivagrandebh\/?hl=pt-br\",\"https:\/\/www.youtube.com\/channel\/UCmdQd1O5bVMGARYL5RU8H-w\/about\"]},{\"@type\":\"Person\",\"@id\":\"https:\/\/www.vivagrandebh.com.br\/revista\/#\/schema\/person\/f73d5d0d49e47e0d943eeca2fc6a3b6b\",\"name\":\"VivaOnline\",\"image\":{\"@type\":\"ImageObject\",\"inLanguage\":\"pt-BR\",\"@id\":\"https:\/\/www.vivagrandebh.com.br\/revista\/#\/schema\/person\/image\/\",\"url\":\"https:\/\/secure.gravatar.com\/avatar\/7feec83b98a3f1834b033ae814fc2b75?s=96&d=mm&r=g\",\"contentUrl\":\"https:\/\/secure.gravatar.com\/avatar\/7feec83b98a3f1834b033ae814fc2b75?s=96&d=mm&r=g\",\"caption\":\"VivaOnline\"},\"url\":\"https:\/\/www.vivagrandebh.com.br\/revista\/author\/vivaonline\/\"}]}<\/script>\n<!-- \/ Yoast SEO plugin. -->","yoast_head_json":{"title":"Projeto Santa Leitura foi reformulado e est\u00e1 de cara nova - Revista Viva Grande BH","robots":{"index":"index","follow":"follow","max-snippet":"max-snippet:-1","max-image-preview":"max-image-preview:large","max-video-preview":"max-video-preview:-1"},"canonical":"https:\/\/www.vivagrandebh.com.br\/revista\/projeto-santa-leitura-foi-reformulado-e-esta-de-cara-nova\/","og_locale":"pt_BR","og_type":"article","og_title":"Projeto Santa Leitura foi reformulado e est\u00e1 de cara nova - Revista Viva Grande BH","og_description":"Com a paralisa\u00e7\u00e3o brusca do planeta devido \u00e0 Covid-19, as crian\u00e7as foram obrigadas a ficarem fora das escolas, dentro de casa, muitas sem acesso \u00e0 internet e impossibilitadas de assistirem as aulas on-line. A partir da\u00ed veio a necessidade imediata de reinventar o projeto, nascendo ent\u00e3o o \u201cSanta Leitura &#8211; Rede Brasileira de Livros em [&hellip;]","og_url":"https:\/\/www.vivagrandebh.com.br\/revista\/projeto-santa-leitura-foi-reformulado-e-esta-de-cara-nova\/","og_site_name":"Revista Viva Grande BH","article_publisher":"https:\/\/www.facebook.com\/revistavivagdebh\/","article_published_time":"2020-08-05T18:11:40+00:00","article_modified_time":"2020-10-22T13:47:07+00:00","og_image":[{"width":1024,"height":768,"url":"https:\/\/www.vivagrandebh.com.br\/revista\/wp-content\/uploads\/2020\/08\/Comunidade-Sagrada-Fam\u00edlia2.jpg","type":"image\/jpeg"}],"author":"VivaOnline","twitter_card":"summary_large_image","twitter_misc":{"Escrito por":"VivaOnline","Est. tempo de leitura":"4 minutos"},"schema":{"@context":"https:\/\/schema.org","@graph":[{"@type":"Article","@id":"https:\/\/www.vivagrandebh.com.br\/revista\/projeto-santa-leitura-foi-reformulado-e-esta-de-cara-nova\/#article","isPartOf":{"@id":"https:\/\/www.vivagrandebh.com.br\/revista\/projeto-santa-leitura-foi-reformulado-e-esta-de-cara-nova\/"},"author":{"name":"VivaOnline","@id":"https:\/\/www.vivagrandebh.com.br\/revista\/#\/schema\/person\/f73d5d0d49e47e0d943eeca2fc6a3b6b"},"headline":"Projeto Santa Leitura foi reformulado e est\u00e1 de cara nova","datePublished":"2020-08-05T18:11:40+00:00","dateModified":"2020-10-22T13:47:07+00:00","mainEntityOfPage":{"@id":"https:\/\/www.vivagrandebh.com.br\/revista\/projeto-santa-leitura-foi-reformulado-e-esta-de-cara-nova\/"},"wordCount":774,"publisher":{"@id":"https:\/\/www.vivagrandebh.com.br\/revista\/#organization"},"articleSection":["Literatura"],"inLanguage":"pt-BR"},{"@type":"WebPage","@id":"https:\/\/www.vivagrandebh.com.br\/revista\/projeto-santa-leitura-foi-reformulado-e-esta-de-cara-nova\/","url":"https:\/\/www.vivagrandebh.com.br\/revista\/projeto-santa-leitura-foi-reformulado-e-esta-de-cara-nova\/","name":"Projeto Santa Leitura foi reformulado e est\u00e1 de cara nova - Revista Viva Grande BH","isPartOf":{"@id":"https:\/\/www.vivagrandebh.com.br\/revista\/#website"},"datePublished":"2020-08-05T18:11:40+00:00","dateModified":"2020-10-22T13:47:07+00:00","breadcrumb":{"@id":"https:\/\/www.vivagrandebh.com.br\/revista\/projeto-santa-leitura-foi-reformulado-e-esta-de-cara-nova\/#breadcrumb"},"inLanguage":"pt-BR","potentialAction":[{"@type":"ReadAction","target":["https:\/\/www.vivagrandebh.com.br\/revista\/projeto-santa-leitura-foi-reformulado-e-esta-de-cara-nova\/"]}]},{"@type":"BreadcrumbList","@id":"https:\/\/www.vivagrandebh.com.br\/revista\/projeto-santa-leitura-foi-reformulado-e-esta-de-cara-nova\/#breadcrumb","itemListElement":[{"@type":"ListItem","position":1,"name":"In\u00edcio","item":"https:\/\/www.vivagrandebh.com.br\/revista\/"},{"@type":"ListItem","position":2,"name":"Projeto Santa Leitura foi reformulado e est\u00e1 de cara nova"}]},{"@type":"WebSite","@id":"https:\/\/www.vivagrandebh.com.br\/revista\/#website","url":"https:\/\/www.vivagrandebh.com.br\/revista\/","name":"Revista Viva Grande BH","description":"a Viva Grande BH leva ao leitor informa\u00e7\u00f5es de qualidade sobre turismo, esporte, arte e cultura, economia, mercado e pol\u00edtica.","publisher":{"@id":"https:\/\/www.vivagrandebh.com.br\/revista\/#organization"},"potentialAction":[{"@type":"SearchAction","target":{"@type":"EntryPoint","urlTemplate":"https:\/\/www.vivagrandebh.com.br\/revista\/?s={search_term_string}"},"query-input":"required name=search_term_string"}],"inLanguage":"pt-BR"},{"@type":"Organization","@id":"https:\/\/www.vivagrandebh.com.br\/revista\/#organization","name":"Revista Viva","url":"https:\/\/www.vivagrandebh.com.br\/revista\/","logo":{"@type":"ImageObject","inLanguage":"pt-BR","@id":"https:\/\/www.vivagrandebh.com.br\/revista\/#\/schema\/logo\/image\/","url":"https:\/\/www.vivagrandebh.com.br\/revista\/wp-content\/uploads\/2020\/07\/logo-viva-e1599687783656.png","contentUrl":"https:\/\/www.vivagrandebh.com.br\/revista\/wp-content\/uploads\/2020\/07\/logo-viva-e1599687783656.png","width":300,"height":90,"caption":"Revista Viva"},"image":{"@id":"https:\/\/www.vivagrandebh.com.br\/revista\/#\/schema\/logo\/image\/"},"sameAs":["https:\/\/www.facebook.com\/revistavivagdebh\/","https:\/\/www.instagram.com\/vivagrandebh\/?hl=pt-br","https:\/\/www.youtube.com\/channel\/UCmdQd1O5bVMGARYL5RU8H-w\/about"]},{"@type":"Person","@id":"https:\/\/www.vivagrandebh.com.br\/revista\/#\/schema\/person\/f73d5d0d49e47e0d943eeca2fc6a3b6b","name":"VivaOnline","image":{"@type":"ImageObject","inLanguage":"pt-BR","@id":"https:\/\/www.vivagrandebh.com.br\/revista\/#\/schema\/person\/image\/","url":"https:\/\/secure.gravatar.com\/avatar\/7feec83b98a3f1834b033ae814fc2b75?s=96&d=mm&r=g","contentUrl":"https:\/\/secure.gravatar.com\/avatar\/7feec83b98a3f1834b033ae814fc2b75?s=96&d=mm&r=g","caption":"VivaOnline"},"url":"https:\/\/www.vivagrandebh.com.br\/revista\/author\/vivaonline\/"}]}},"_links":{"self":[{"href":"https:\/\/www.vivagrandebh.com.br\/revista\/wp-json\/wp\/v2\/posts\/3325"}],"collection":[{"href":"https:\/\/www.vivagrandebh.com.br\/revista\/wp-json\/wp\/v2\/posts"}],"about":[{"href":"https:\/\/www.vivagrandebh.com.br\/revista\/wp-json\/wp\/v2\/types\/post"}],"author":[{"embeddable":true,"href":"https:\/\/www.vivagrandebh.com.br\/revista\/wp-json\/wp\/v2\/users\/3"}],"replies":[{"embeddable":true,"href":"https:\/\/www.vivagrandebh.com.br\/revista\/wp-json\/wp\/v2\/comments?post=3325"}],"version-history":[{"count":1,"href":"https:\/\/www.vivagrandebh.com.br\/revista\/wp-json\/wp\/v2\/posts\/3325\/revisions"}],"predecessor-version":[{"id":3327,"href":"https:\/\/www.vivagrandebh.com.br\/revista\/wp-json\/wp\/v2\/posts\/3325\/revisions\/3327"}],"wp:featuredmedia":[{"embeddable":true,"href":"https:\/\/www.vivagrandebh.com.br\/revista\/wp-json\/wp\/v2\/media\/3326"}],"wp:attachment":[{"href":"https:\/\/www.vivagrandebh.com.br\/revista\/wp-json\/wp\/v2\/media?parent=3325"}],"wp:term":[{"taxonomy":"category","embeddable":true,"href":"https:\/\/www.vivagrandebh.com.br\/revista\/wp-json\/wp\/v2\/categories?post=3325"},{"taxonomy":"post_tag","embeddable":true,"href":"https:\/\/www.vivagrandebh.com.br\/revista\/wp-json\/wp\/v2\/tags?post=3325"}],"curies":[{"name":"wp","href":"https:\/\/api.w.org\/{rel}","templated":true}]}}